{"id":17467,"date":"2025-07-26T10:47:32","date_gmt":"2025-07-26T14:47:32","guid":{"rendered":"https:\/\/agromt.news\/?p=17467"},"modified":"2025-07-26T10:47:32","modified_gmt":"2025-07-26T14:47:32","slug":"serie-sobre-marilia-mendonca-sera-lancada-e-promete-emocionar-o-brasil","status":"publish","type":"post","link":"https:\/\/agromt.news\/?p=17467","title":{"rendered":"S\u00e9rie sobre Mar\u00edlia Mendon\u00e7a ser\u00e1 lan\u00e7ada e promete emocionar o Brasil"},"content":{"rendered":"<p> <br \/>\n<\/p>\n<div>\n<p>O <strong>Amazon Prime Video<\/strong> anunciou oficialmente que est\u00e1 produzindo uma s\u00e9rie documental sobre a vida e carreira de <strong>Mar\u00edlia Mendon\u00e7a<\/strong>, um dos maiores fen\u00f4menos da m\u00fasica brasileira, morta precocemente em um acidente de avi\u00e3o aos 26 anos de idade. A produ\u00e7\u00e3o promete emocionar o pa\u00eds ao revelar momentos in\u00e9ditos e \u00edntimos da artista que revolucionou o sertanejo com sua autenticidade e talento.<\/p>\n<p>A s\u00e9rie j\u00e1 est\u00e1 em pr\u00e9-produ\u00e7\u00e3o, com grava\u00e7\u00f5es previstas para come\u00e7ar em setembro de 2025 na cidade de Goi\u00e2nia (GO), onde Mar\u00edlia viveu grande parte de sua trajet\u00f3ria. A dire\u00e7\u00e3o \u00e9 de <strong>Susanna Lira<\/strong>, cineasta premiada conhecida por trabalhos sens\u00edveis e com forte apelo humano.<\/p>\n<figure class=\"wp-block-image size-full\"><img fetchpriority=\"high\" decoding=\"async\" width=\"729\" height=\"475\" alt=\"Rainha da Sofr\u00eancia. A cantora Marilia Mendon\u00e7a | Reprodu\u00e7\u00e3o-Instagram\" class=\"wp-image-4112922\"  data-lazy- src=\"https:\/\/agromt.news\/wp-content\/uploads\/2025\/07\/Serie-sobre-Marilia-Mendonca-sera-lancada-e-promete-emocionar-o.webp.webp\"\/><img decoding=\"async\" width=\"729\" height=\"475\" src=\"https:\/\/agromt.news\/wp-content\/uploads\/2025\/07\/Serie-sobre-Marilia-Mendonca-sera-lancada-e-promete-emocionar-o.webp.webp\" alt=\"Rainha da Sofr\u00eancia. A cantora Marilia Mendon\u00e7a | Reprodu\u00e7\u00e3o-Instagram\" class=\"wp-image-4112922\"  \/><figcaption class=\"wp-element-caption\">Rainha da sofr\u00eancia, a cantora Marilia Mendon\u00e7a | Foto: Instagram\/reprodu\u00e7\u00e3o<\/figcaption><\/figure>\n<h3 class=\"wp-block-heading\" id=\"h-marilia-mendonca-uma-estrela-com-raizes-no-interior\">Mar\u00edlia Mendon\u00e7a: uma estrela com ra\u00edzes no interior<\/h3>\n<p>Nascida em Cristian\u00f3polis (GO) e criada em Goi\u00e2nia, Mar\u00edlia come\u00e7ou sua carreira ainda adolescente como compositora. Seu talento logo chamou a aten\u00e7\u00e3o de grandes nomes da m\u00fasica sertaneja, at\u00e9 que em 2015 ela estourou como cantora solo.<\/p>\n<p>Com letras diretas, emocionais e cheias de identidade, Mar\u00edlia se tornou uma das artistas mais ouvidas do pa\u00eds, quebrando recordes e moldando uma nova gera\u00e7\u00e3o de cantoras sertanejas, dentro do movimento conhecido como <strong>\u201cfeminejo\u201d<\/strong>.<\/p>\n<p>Mesmo com a morte precoce em um acidente a\u00e9reo em 2021, sua obra permanece viva nas r\u00e1dios, playlists e na mem\u00f3ria afetiva do p\u00fablico.<\/p>\n<h3 class=\"wp-block-heading\" id=\"h-o-que-esperar-da-serie-documental-do-amazon-prime-video\">O que esperar da s\u00e9rie documental do Amazon Prime V\u00eddeo<\/h3>\n<p>A produ\u00e7\u00e3o ser\u00e1 uma <strong>s\u00e9rie documental em m\u00faltiplos epis\u00f3dios<\/strong>, com acesso exclusivo a arquivos pessoais da cantora, v\u00eddeos in\u00e9ditos e entrevistas com familiares, amigos e colegas de estrada.<\/p>\n<h4 class=\"wp-block-heading\" id=\"h-temas-que-serao-abordados\">Temas que ser\u00e3o abordados:<\/h4>\n<ul class=\"wp-block-list\">\n<li>A inf\u00e2ncia e juventude de Mar\u00edlia no interior de Goi\u00e1s<br \/>Os primeiros passos como compositora e sua ascens\u00e3o mete\u00f3rica como cantora<br \/>O dia a dia nos bastidores das turn\u00eas<br \/>A maternidade e sua rela\u00e7\u00e3o com o filho<br \/>O impacto de sua morte e o legado que deixou<\/li>\n<\/ul>\n<p>O projeto \u00e9 realizado pelas produtoras <strong>Kromaki<\/strong> e <strong>Chatrone<\/strong>, em parceria com a fam\u00edlia Mendon\u00e7a, o que garante fidelidade emocional e respeito \u00e0 sua trajet\u00f3ria.<\/p>\n<\/div>\n<div>\n<h3 class=\"wp-block-heading\" id=\"h-uma-artista-do-povo-com-alma-do-brasil-interiorano\">Uma artista do povo, com alma do Brasil interiorano<\/h3>\n<p>Um dos grandes diferenciais de Mar\u00edlia sempre foi sua proximidade com o povo. Seu jeito simples, seu sotaque carregado e suas hist\u00f3rias reais conquistaram milh\u00f5es de pessoas que se viram refletidas em suas m\u00fasicas.<\/p>\n<p>A s\u00e9rie deve destacar justamente esse lado humano da cantora: a mulher forte, a filha dedicada, a m\u00e3e amorosa e a amiga de todos. Uma figura que, apesar da fama, <strong>nunca perdeu a ess\u00eancia de quem vem do interior e valoriza suas ra\u00edzes<\/strong>.<\/p>\n<h3 class=\"wp-block-heading\" id=\"h-o-impacto-de-marilia-na-cultura-brasileira\">O impacto de Mar\u00edlia na cultura brasileira<\/h3>\n<p>Mar\u00edlia Mendon\u00e7a n\u00e3o foi apenas um sucesso comercial. Ela foi uma <strong>transformadora cultural<\/strong>. Rompeu padr\u00f5es em um universo dominado por homens, abriu caminho para dezenas de outras artistas e levou a voz feminina para o topo do sertanejo.<\/p>\n<p>Seus shows arrastavam multid\u00f5es. Seus v\u00eddeos acumulam bilh\u00f5es de visualiza\u00e7\u00f5es. Suas letras viraram bord\u00f5es populares. Seu estilo, atitude e carisma deixaram um legado dif\u00edcil de medir, mas imposs\u00edvel de ignorar.<\/p>\n<h3 class=\"wp-block-heading\" id=\"h-expectativa-do-publico-reencontro-com-a-emocao\">Expectativa do p\u00fablico: reencontro com a emo\u00e7\u00e3o<\/h3>\n<p>Desde que a s\u00e9rie foi anunciada, f\u00e3s de todo o pa\u00eds t\u00eam demonstrado grande expectativa nas redes sociais. A promessa de rever imagens in\u00e9ditas e ouvir depoimentos sinceros sobre Mar\u00edlia j\u00e1 causa como\u00e7\u00e3o.<\/p>\n<blockquote class=\"wp-block-quote is-layout-flow wp-block-quote-is-layout-flow\">\n<p>\u201cVai ser como reviver tudo de novo. Vai doer, mas vai ser lindo.\u201d \u2014 comentou uma f\u00e3 no Instagram.<\/p>\n<\/blockquote>\n<figure class=\"wp-block-embed is-type-video is-provider-youtube wp-block-embed-youtube wp-embed-aspect-16-9 wp-has-aspect-ratio\">\n<p>\n<iframe title=\"Mar\u00edlia Mendon\u00e7a - Le\u00e3o - Decretos Reais\" width=\"800\" height=\"450\" src=\"https:\/\/www.youtube.com\/embed\/tI55Zu9uZEM?feature=oembed\" frameborder=\"0\" allow=\"accelerometer; autoplay; clipboard-write; encrypted-media; gyroscope; picture-in-picture; web-share\" referrerpolicy=\"strict-origin-when-cross-origin\" allowfullscreen><\/iframe><noscript><iframe title=\"Mar\u00edlia Mendon\u00e7a - Le\u00e3o - Decretos Reais\" width=\"800\" height=\"450\" src=\"https:\/\/www.youtube.com\/embed\/tI55Zu9uZEM?feature=oembed\" frameborder=\"0\" allow=\"accelerometer; autoplay; clipboard-write; encrypted-media; gyroscope; picture-in-picture; web-share\" referrerpolicy=\"strict-origin-when-cross-origin\" allowfullscreen><\/iframe><\/noscript>\n<\/p>\n<\/figure>\n<h3 class=\"wp-block-heading\" id=\"h-quando-estreia\">Quando estreia?<\/h3>\n<p>A Amazon ainda n\u00e3o divulgou a data oficial de lan\u00e7amento, mas a previs\u00e3o \u00e9 que a s\u00e9rie chegue ao <strong>Prime Video em 2026<\/strong>, com exclusividade para os assinantes da plataforma.<\/p>\n<h3 class=\"wp-block-heading\" id=\"h-compartilhe-com-quem-e-fa-de-marilia-mendonca\">Compartilhe com quem \u00e9 f\u00e3 de Mar\u00edlia Mendon\u00e7a<\/h3>\n<p>Essa s\u00e9rie ser\u00e1 mais que um document\u00e1rio. Ser\u00e1 um tributo.<\/p>\n<\/p><\/div>\n<p><br \/>\n<br \/><a href=\"https:\/\/www.canalrural.com.br\/curiosidades\/serie-sobre-marilia-mendonca-sera-lancada-e-promete-emocionar-o-brasil\/\">Source link <\/a><\/p>\n","protected":false},"excerpt":{"rendered":"<p>O Amazon Prime Video anunciou oficialmente que est\u00e1 produzindo uma s\u00e9rie documental sobre a vida e carreira de Mar\u00edlia Mendon\u00e7a,<\/p>\n","protected":false},"author":1,"featured_media":17468,"comment_status":"open","ping_status":"open","sticky":false,"template":"","format":"standard","meta":{"_monsterinsights_skip_tracking":false,"_monsterinsights_sitenote_active":false,"_monsterinsights_sitenote_note":"","_monsterinsights_sitenote_category":0,"_uf_show_specific_survey":0,"_uf_disable_surveys":false,"footnotes":""},"categories":[1],"tags":[],"class_list":["post-17467","post","type-post","status-publish","format-standard","has-post-thumbnail","hentry","category-news"],"_links":{"self":[{"href":"https:\/\/agromt.news\/index.php?rest_route=\/wp\/v2\/posts\/17467"}],"collection":[{"href":"https:\/\/agromt.news\/index.php?rest_route=\/wp\/v2\/posts"}],"about":[{"href":"https:\/\/agromt.news\/index.php?rest_route=\/wp\/v2\/types\/post"}],"author":[{"embeddable":true,"href":"https:\/\/agromt.news\/index.php?rest_route=\/wp\/v2\/users\/1"}],"replies":[{"embeddable":true,"href":"https:\/\/agromt.news\/index.php?rest_route=%2Fwp%2Fv2%2Fcomments&post=17467"}],"version-history":[{"count":0,"href":"https:\/\/agromt.news\/index.php?rest_route=\/wp\/v2\/posts\/17467\/revisions"}],"wp:featuredmedia":[{"embeddable":true,"href":"https:\/\/agromt.news\/index.php?rest_route=\/wp\/v2\/media\/17468"}],"wp:attachment":[{"href":"https:\/\/agromt.news\/index.php?rest_route=%2Fwp%2Fv2%2Fmedia&parent=17467"}],"wp:term":[{"taxonomy":"category","embeddable":true,"href":"https:\/\/agromt.news\/index.php?rest_route=%2Fwp%2Fv2%2Fcategories&post=17467"},{"taxonomy":"post_tag","embeddable":true,"href":"https:\/\/agromt.news\/index.php?rest_route=%2Fwp%2Fv2%2Ftags&post=17467"}],"curies":[{"name":"wp","href":"https:\/\/api.w.org\/{rel}","templated":true}]}}