{"id":17459,"date":"2025-07-26T07:03:17","date_gmt":"2025-07-26T11:03:17","guid":{"rendered":"https:\/\/agromt.news\/?p=17459"},"modified":"2025-07-26T07:03:17","modified_gmt":"2025-07-26T11:03:17","slug":"por-que-o-algodao-e-o-futuro-da-moda-consciente","status":"publish","type":"post","link":"https:\/\/agromt.news\/?p=17459","title":{"rendered":"Por que o algod\u00e3o \u00e9 o futuro da moda consciente?"},"content":{"rendered":"<p> <br \/>\n<\/p>\n<div>\n<p style=\"text-align:justify\"><span style=\"color:#000000; font-family:georgia,palatino,serif; font-size:12pt\">A cada\u00a0<strong>julho<\/strong>, o mundo volta seus olhos para o impacto silencioso \u2013 e persistente \u2013 do pl\u00e1stico em nossas vidas. O movimento\u00a0<strong>Plastic Free July<\/strong>, iniciado na Austr\u00e1lia em 2011, prop\u00f5e um desafio direto: repensar h\u00e1bitos, reduzir excessos e buscar alternativas sustent\u00e1veis. Embora normalmente ligado a canudos, sacolas e embalagens, o problema vai muito al\u00e9m \u2014 est\u00e1, literalmente, no tecido das roupas que usamos.<\/span>&#13;\n<\/p>\n<p style=\"text-align:justify\"><span style=\"color:#000000; font-family:georgia,palatino,serif; font-size:12pt\">Boa parte do que vestimos hoje \u00e9 feita de\u00a0<strong>fibras sint\u00e9ticas<\/strong>\u00a0como o poli\u00e9ster, resultado direto da ind\u00fastria do petr\u00f3leo. Essas fibras se escondem sob nomes t\u00e9cnicos, mas o dano que provocam \u00e9 vis\u00edvel: todos os anos, bilh\u00f5es de micropl\u00e1sticos s\u00e3o liberados nos rios e oceanos apenas com a lavagem das roupas. Invis\u00edveis, eles invadem os corpos de peixes, tartarugas, aves e \u2014 mais recentemente se descobriu \u2014 at\u00e9 os nossos pr\u00f3prios \u00f3rg\u00e3os.<\/span><\/p>\n<p style=\"text-align:justify\"><span style=\"color:#000000; font-family:georgia,palatino,serif; font-size:12pt\">Diante desse cen\u00e1rio, a escolha de tecidos passa a ser uma\u00a0<a href=\"http:\/\/xn--no%20ms%20da%20conscientizao%20global%20sobre%20o%20uso%20de%20plsticos,%20o%20algodo%20e%20outras%20fibras%20naturais%20emergem%20como%20protagonistas%20de%20uma%20moda%20mais%20limpa,%20tica%20e%20alinhada%20ao%20futuro%20do%20planeta-y2sv0a2b42dttxb.\/\" style=\"color: #000000;\">decis\u00e3o \u00e9tica.<\/a>\u00a0O algod\u00e3o, uma fibra vegetal que se decomp\u00f5e naturalmente, ganha protagonismo como alternativa vi\u00e1vel e respons\u00e1vel. N\u00e3o se trata de nostalgia ou idealismo: trata-se de dados. Segundo o International Cotton Advisory Committee, o algod\u00e3o perdeu espa\u00e7o no mercado global de fibras nos \u00faltimos anos, enquanto os sint\u00e9ticos continuam crescendo em ritmo acelerado. O custo ambiental dessa curva \u00e9 alarmante.<\/span>&#13;\n<\/p>\n<p style=\"text-align:justify\"><span style=\"color:#000000; font-family:georgia,palatino,serif; font-size:12pt\">No Brasil, onde 80% da safra de algod\u00e3o \u00e9 certificada socioambientalmente, a\u00a0<strong>Abrapa<\/strong>\u00a0(Associa\u00e7\u00e3o Brasileira dos Produtores de Algod\u00e3o) vem liderando esfor\u00e7os para reverter essa l\u00f3gica. Atrav\u00e9s de movimentos como\u00a0<strong>Sou de Algod\u00e3o<\/strong>, a associa\u00e7\u00e3o busca conscientizar consumidores e estimular escolhas mais alinhadas com um futuro de baixo impacto. \u201cNingu\u00e9m quer vestir petr\u00f3leo\u201d, afirma Gustavo Piccoli, presidente da Abrapa. \u201cQuando escolhemos algod\u00e3o, escolhemos um material que respeita o ciclo da vida.\u201d<\/span><\/p>\n<p style=\"text-align:justify\"><span style=\"color:#000000; font-family:georgia,palatino,serif; font-size:12pt\">Al\u00e9m de biodegrad\u00e1vel e renov\u00e1vel, o algod\u00e3o cultivado no Brasil utiliza irriga\u00e7\u00e3o m\u00ednima e segue protocolos que priorizam o equil\u00edbrio entre produ\u00e7\u00e3o, meio ambiente e responsabilidade social. \u00c9 um exemplo de que moda e consci\u00eancia n\u00e3o precisam andar em lados opostos.<\/span>&#13;\n<\/p>\n<\/p><\/div>\n<p><script data-cfasync=\"false\">\n    !function (f, b, e, v, n, t, s) {\n        if (f.fbq) return; n = f.fbq = function () {\n            n.callMethod ?\n                n.callMethod.apply(n, arguments) : n.queue.push(arguments)\n        };\n        if (!f._fbq) f._fbq = n; n.push = n; n.loaded = !0; n.version = '2.0';\n        n.queue = []; t = b.createElement(e); t.async = !0;\n        t.src = v; s = b.getElementsByTagName(e)[0];\n        s.parentNode.insertBefore(t, s)\n    }(window, document, 'script',\n        'https:\/\/connect.facebook.net\/en_US\/fbevents.js');\n    fbq('init', '522546078623747');\n    fbq('track', 'PageView');\n<\/script><br \/>\n<br \/><br \/>\n<br \/><a href=\"https:\/\/www.agrolink.com.br\/noticias\/por-que-o-algodao-e-o-futuro-da-moda-consciente-_504292.html\">Source link <\/a><\/p>\n","protected":false},"excerpt":{"rendered":"<p>A cada\u00a0julho, o mundo volta seus olhos para o impacto silencioso \u2013 e persistente \u2013 do pl\u00e1stico em nossas vidas.<\/p>\n","protected":false},"author":1,"featured_media":6611,"comment_status":"open","ping_status":"open","sticky":false,"template":"","format":"standard","meta":{"_monsterinsights_skip_tracking":false,"_monsterinsights_sitenote_active":false,"_monsterinsights_sitenote_note":"","_monsterinsights_sitenote_category":0,"_uf_show_specific_survey":0,"_uf_disable_surveys":false,"footnotes":""},"categories":[8,1,14],"tags":[],"class_list":["post-17459","post","type-post","status-publish","format-standard","has-post-thumbnail","hentry","category-agro","category-news","category-politica-agro"],"_links":{"self":[{"href":"https:\/\/agromt.news\/index.php?rest_route=\/wp\/v2\/posts\/17459"}],"collection":[{"href":"https:\/\/agromt.news\/index.php?rest_route=\/wp\/v2\/posts"}],"about":[{"href":"https:\/\/agromt.news\/index.php?rest_route=\/wp\/v2\/types\/post"}],"author":[{"embeddable":true,"href":"https:\/\/agromt.news\/index.php?rest_route=\/wp\/v2\/users\/1"}],"replies":[{"embeddable":true,"href":"https:\/\/agromt.news\/index.php?rest_route=%2Fwp%2Fv2%2Fcomments&post=17459"}],"version-history":[{"count":0,"href":"https:\/\/agromt.news\/index.php?rest_route=\/wp\/v2\/posts\/17459\/revisions"}],"wp:featuredmedia":[{"embeddable":true,"href":"https:\/\/agromt.news\/index.php?rest_route=\/wp\/v2\/media\/6611"}],"wp:attachment":[{"href":"https:\/\/agromt.news\/index.php?rest_route=%2Fwp%2Fv2%2Fmedia&parent=17459"}],"wp:term":[{"taxonomy":"category","embeddable":true,"href":"https:\/\/agromt.news\/index.php?rest_route=%2Fwp%2Fv2%2Fcategories&post=17459"},{"taxonomy":"post_tag","embeddable":true,"href":"https:\/\/agromt.news\/index.php?rest_route=%2Fwp%2Fv2%2Ftags&post=17459"}],"curies":[{"name":"wp","href":"https:\/\/api.w.org\/{rel}","templated":true}]}}