{"id":17458,"date":"2025-07-26T05:07:15","date_gmt":"2025-07-26T09:07:15","guid":{"rendered":"https:\/\/agromt.news\/?p=17458"},"modified":"2025-07-26T05:07:15","modified_gmt":"2025-07-26T09:07:15","slug":"parana-apresenta-acoes-contra-o-efeito-estufa-em-conferencia-nacional","status":"publish","type":"post","link":"https:\/\/agromt.news\/?p=17458","title":{"rendered":"Paran\u00e1 apresenta a\u00e7\u00f5es contra o efeito estufa em confer\u00eancia nacional"},"content":{"rendered":"<p> <br \/>\n<\/p>\n<div>\n<p style=\"text-align:justify\">O Governo do Estado, por meio do Instituto \u00c1gua e Terra (IAT) e do Sistema de Tecnologia e Monitoramento Ambiental do Paran\u00e1 (Simepar), participou nesta quinta-feira (24), em Curitiba, da 1\u00aa Confer\u00eancia Brasileira de Inventaria\u00e7\u00e3o de Gases de Efeito Estufa. Organizado pelo grupo Sinergia Engenharia de Meio Ambiente, o encontro reuniu os setores p\u00fablico e privado para debater como contabilizar o volume emitido a fim de planejar maneiras de proteger o meio ambiente.&#13;\n<\/p>\n<p style=\"text-align:justify\">Os gases de efeito estufa s\u00e3o o ator principal do aquecimento global. E sua emiss\u00e3o \u00e9 causada, na maioria das vezes, pelas a\u00e7\u00f5es humanas. No Paran\u00e1, j\u00e1 existem diversos programas que contribuem para a redu\u00e7\u00e3o de gases do efeito estufa, como RenovaPR, de apoio e incentivo \u00e0 transforma\u00e7\u00e3o energ\u00e9tica do campo, e o Paran\u00e1 Mais Verde, de expans\u00e3o do plantio de novas mudas.\u00a0O Estado tamb\u00e9m implementou o Prosolo Paran\u00e1, com foco na mitiga\u00e7\u00e3o dos processos erosivos do solo e da degrada\u00e7\u00e3o dos cursos d\u2019\u00e1gua; e a Rede Paranaense de Agropesquisa e Forma\u00e7\u00e3o Aplicada, que tem como meta a expans\u00e3o da pesquisa e a integra\u00e7\u00e3o da academia aos novos processos produtivos sustent\u00e1veis.<\/p>\n<p style=\"text-align:justify\">Na sua palestra, Jos\u00e9 Amorim Vialich, do IAT, citou o Selo Clima, que reconhece, incentiva e valoriza pr\u00e1ticas de mitiga\u00e7\u00e3o e adapta\u00e7\u00e3o \u00e0s mudan\u00e7as clim\u00e1ticas. Ele tamb\u00e9m destacou a Portaria IAT 42\/2022. Ela estabalece a exig\u00eancia que, ao requerer licenciamento ambiental, empreendimentos enquadrados, por lei, na necessidade de providenciar Estudos de Impacto Ambiental, apresentem o Diagn\u00f3stico Clim\u00e1tico.<\/p>\n<p style=\"text-align:justify\">MONITORAMENTO AMBIENTAL &#8211; O representante do Simepar, Bernardo Lipski, citou projetos da institui\u00e7\u00e3o que s\u00e3o voltados para o monitoramento ambiental e para sustentabilidade e que auxiliam na constru\u00e7\u00e3o de pol\u00edticas p\u00fablicas. O VFogo monitora focos de calor, alertando a Defesa Civil para tomada de a\u00e7\u00f5es de combate ao inc\u00eandio; o Infohidro \u00e9 uma interface de monitoramento de vari\u00e1veis hidrol\u00f3gicas e meteorol\u00f3gicas em tempo real; o IrrigaSIM, bra\u00e7o do IrrigaParan\u00e1 do Governo do Estado, vai mapear \u00e1reas aptas para irriga\u00e7\u00e3o sustent\u00e1vel, instalar equipamentos e desenvolver uma plataforma de intelig\u00eancia artificial para integrar e analisar dados de diversas fontes.<\/p>\n<p style=\"text-align:justify\">O Simepar tamb\u00e9m est\u00e1 gerando uma defini\u00e7\u00e3o de \u201cestoque de florestas\u201d. Se uma empresa ou institui\u00e7\u00e3o precisa realizar uma recupera\u00e7\u00e3o de \u00e1rea degradada, mas n\u00e3o tiver espa\u00e7o, n\u00e3o precisa fazer na sua propriedade. Ela poder\u00e1 fazer em outra \u00e1rea j\u00e1 mapeada e compensar o preju\u00edzo causado. J\u00e1 atrav\u00e9s do projeto Pro Biodiversidade, o Simepar realiza um invent\u00e1rio de carbono das Unidades de Conserva\u00e7\u00e3o e estimativas de carbono dos remanescentes florestais.<\/p>\n<p style=\"text-align:justify\">Especificamente com rela\u00e7\u00e3o ao clima, o Programa Paranaense de Mudan\u00e7as Clim\u00e1ticas (Paranaclima) foi desenvolvido pelo Simepar em parceria com a Sedest e estuda a emiss\u00e3o e o impacto dos gases de efeito estufa no Paran\u00e1. No site https:\/\/paranaclima.simepar.br\/ toda a popula\u00e7\u00e3o pode ter acesso ao cen\u00e1rio hist\u00f3rico de 1850 a 1900, o cen\u00e1rio depois do per\u00edodo pr\u00e9 industrial, o cen\u00e1rio de 2014 at\u00e9 o momento, e proje\u00e7\u00f5es de vulnerabilidade \u00e0 ocorr\u00eancia de desastres em cada munic\u00edpio do estado at\u00e9 2100.<\/p>\n<p style=\"text-align:justify\">O Simepar tamb\u00e9m oferece apoio ao Governo do Paran\u00e1 nos mapeamentos, parametriza\u00e7\u00e3o dos dados e informa\u00e7\u00f5es que s\u00e3o utilizadas no ICMS Ecol\u00f3gico. \u00c9 um instrumento de pol\u00edtica p\u00fablica criado no Paran\u00e1 em 1991, para repasse de recursos financeiros aos munic\u00edpios que abrigam em seus territ\u00f3rios unidades de conserva\u00e7\u00e3o ou mananciais para abastecimento de cidades vizinhas. O munic\u00edpio que ajuda, \u00e9 compensado com recursos tribut\u00e1rios.&#13;\n<\/p>\n<p style=\"text-align:justify\">\u201cO Simepar auxilia na prote\u00e7\u00e3o do meio ambiente olhando para o passado, tra\u00e7ando dados hist\u00f3ricos; no presente, atrav\u00e9s do monitoramento em nowcasting; e no futuro, tra\u00e7ando a previs\u00e3o do tempo e os boletins clim\u00e1ticos. S\u00e3o v\u00e1rios os projetos no \u00e2mbito p\u00fablico e privado que s\u00e3o importantes para observar e agir na prote\u00e7\u00e3o da popula\u00e7\u00e3o \u00e0s mudan\u00e7as clim\u00e1ticas\u201d, ressalta Lipski.<\/p>\n<p style=\"text-align:justify\">INFLU\u00caNCIA HUMANA &#8211; Os principais gases de efeito estufa s\u00e3o o di\u00f3xido de carbono (CO2), o metano e o \u00f3xido nitroso. O CO2 representa mais de 70% das emiss\u00f5es. Como muitas atividades humanas emitem uma grande quantidade desses gases, isto desequilibra o balan\u00e7o de radia\u00e7\u00e3o da atmosfera terrestre, o qual mant\u00e9m a temperatura m\u00e9dia global dentro dos padr\u00f5es aceit\u00e1veis para a manuten\u00e7\u00e3o dos ecossistemas e da vida.<\/p>\n<p style=\"text-align:justify\">Juliana Ferreira, diretora executiva e cofundadora do grupo Sinergia, explicou que a intensidade do efeito de cada fator sobre o clima \u00e9 medida atrav\u00e9s do conceito de for\u00e7ante radiativa, que quantifica a influ\u00eancia do fator no balan\u00e7o energ\u00e9tico do sistema terrestre. Todas as a\u00e7\u00f5es humanas emitem gases de efeito estufa e hoje a influ\u00eancia humana \u00e9 a principal causa do aquecimento global\u201d, alertou Juliana.<\/p>\n<p style=\"text-align:justify\">Segundo ela, h\u00e1 um consenso entre os cientistas de que a temperatura da terra est\u00e1 aumentando por conta de efeitos antr\u00f3picos. A \u00faltima d\u00e9cada foi a mais quente em 140 anos de medi\u00e7\u00e3o, e o problema maior \u00e9 o r\u00e1pido aumento, em um curto espa\u00e7o de tempo. O volume de emiss\u00f5es tamb\u00e9m foi maior recentemente: 52,4% delas ocorreram nos \u00faltimos 30 anos.<\/p>\n<p style=\"text-align:justify\">A temperatura no mundo est\u00e1 1,36\u00b0C acima da m\u00e9dia. Se a emiss\u00e3o de gases de efeito estufa continuar assim, at\u00e9 2100 o planeta ter\u00e1 dois graus de temperatura a mais. Caso as emiss\u00f5es radiativas aumentem, em um cen\u00e1rio mais extremo, a temperatura pode subir at\u00e9 4,8\u00b0C.<\/p>\n<p style=\"text-align:justify\">Por este motivo, v\u00e1rias pol\u00edticas p\u00fablicas foram criadas para incentivar a popula\u00e7\u00e3o e as empresas a agirem para mudar o cen\u00e1rio. O Brasil adotou o Protocolo de Kyoto em 1998, primeiro protocolo internacional com metas para controlar a miss\u00e3o de gases. Em 2009 foi institu\u00edda a Pol\u00edtica Nacional sobre Mudan\u00e7a do Clima, e em 2015 o Brasil assinou ainda o Acordo de Paris.&#13;\n<\/p>\n<p style=\"text-align:justify\">Todas as metas estabelecidas nestes documentos foram atualizadas ao longo dos anos. O Sul do Brasil \u00e9 a regi\u00e3o pioneira no estabelecimento de planos estaduais determinando boas pr\u00e1ticas para atingir as metas definidas nacionalmente.<\/p>\n<p style=\"text-align:justify\">ESCOPOS &#8211; Processos industriais, atividades agr\u00edcolas e grupos que fazem uso de combust\u00edveis f\u00f3sseis como um todo podem adotar medidas de descarboniza\u00e7\u00e3o para ajudar a reduzir este impacto. A\u00e7\u00f5es sugeridas s\u00e3o o uso de ve\u00edculos h\u00edbridos ou el\u00e9tricos, de geradores a GNV, compra de energia renov\u00e1vel do mercado livre, implanta\u00e7\u00e3o de placas solares, substitui\u00e7\u00e3o de l\u00e2mpadas convencionais por LED, al\u00e9m de compostagem ou uso de biodigestores.<\/p>\n<p style=\"text-align:justify\">Para saber o quanto emitem e que pol\u00edticas podem adotar, cada uma das empresas ou setores p\u00fablicos pode inventariar os gases de efeito estufa, identificando as fontes de emiss\u00e3o para coleta de dados e c\u00e1lculo. Os resultados s\u00e3o \u00fateis para o registro p\u00fablico de emiss\u00f5es e relat\u00f3rio de sustentabilidade, que possibilitam a proposi\u00e7\u00e3o de pol\u00edticas p\u00fablicas para descarboniza\u00e7\u00e3o, ou adapta\u00e7\u00e3o a vulnerabilidades clim\u00e1ticas, e ainda inclus\u00e3o no modelo de mercado de carbono brasileiro.\u00a0<\/p>\n<p style=\"text-align:justify\">Quem n\u00e3o conseguir zerar as emiss\u00f5es, poder\u00e1 compensar as emiss\u00f5es da empresa ou institui\u00e7\u00e3o p\u00fablica comprando cr\u00e9ditos de carbono: certificados que representam a redu\u00e7\u00e3o de uma tonelada de gases de efeito estufa. A venda de cr\u00e9ditos de carbono \u00e9 uma forma de gerar receita para projetos que reduzem as emiss\u00f5es, como por exemplo projetos de reflorestamento ou efici\u00eancia energ\u00e9tica.<\/p>\n<\/p><\/div>\n<p><script data-cfasync=\"false\">\n    !function (f, b, e, v, n, t, s) {\n        if (f.fbq) return; n = f.fbq = function () {\n            n.callMethod ?\n                n.callMethod.apply(n, arguments) : n.queue.push(arguments)\n        };\n        if (!f._fbq) f._fbq = n; n.push = n; n.loaded = !0; n.version = '2.0';\n        n.queue = []; t = b.createElement(e); t.async = !0;\n        t.src = v; s = b.getElementsByTagName(e)[0];\n        s.parentNode.insertBefore(t, s)\n    }(window, document, 'script',\n        'https:\/\/connect.facebook.net\/en_US\/fbevents.js');\n    fbq('init', '522546078623747');\n    fbq('track', 'PageView');\n<\/script><br \/>\n<br \/><br \/>\n<br \/><a href=\"https:\/\/www.agrolink.com.br\/noticias\/parana-apresenta-acoes-contra-o-efeito-estufa-em-conferencia-nacional_504293.html\">Source link <\/a><\/p>\n","protected":false},"excerpt":{"rendered":"<p>O Governo do Estado, por meio do Instituto \u00c1gua e Terra (IAT) e do Sistema de Tecnologia e Monitoramento Ambiental<\/p>\n","protected":false},"author":1,"featured_media":2078,"comment_status":"open","ping_status":"open","sticky":false,"template":"","format":"standard","meta":{"_monsterinsights_skip_tracking":false,"_monsterinsights_sitenote_active":false,"_monsterinsights_sitenote_note":"","_monsterinsights_sitenote_category":0,"_uf_show_specific_survey":0,"_uf_disable_surveys":false,"footnotes":""},"categories":[8,1,14],"tags":[],"class_list":["post-17458","post","type-post","status-publish","format-standard","has-post-thumbnail","hentry","category-agro","category-news","category-politica-agro"],"_links":{"self":[{"href":"https:\/\/agromt.news\/index.php?rest_route=\/wp\/v2\/posts\/17458"}],"collection":[{"href":"https:\/\/agromt.news\/index.php?rest_route=\/wp\/v2\/posts"}],"about":[{"href":"https:\/\/agromt.news\/index.php?rest_route=\/wp\/v2\/types\/post"}],"author":[{"embeddable":true,"href":"https:\/\/agromt.news\/index.php?rest_route=\/wp\/v2\/users\/1"}],"replies":[{"embeddable":true,"href":"https:\/\/agromt.news\/index.php?rest_route=%2Fwp%2Fv2%2Fcomments&post=17458"}],"version-history":[{"count":0,"href":"https:\/\/agromt.news\/index.php?rest_route=\/wp\/v2\/posts\/17458\/revisions"}],"wp:featuredmedia":[{"embeddable":true,"href":"https:\/\/agromt.news\/index.php?rest_route=\/wp\/v2\/media\/2078"}],"wp:attachment":[{"href":"https:\/\/agromt.news\/index.php?rest_route=%2Fwp%2Fv2%2Fmedia&parent=17458"}],"wp:term":[{"taxonomy":"category","embeddable":true,"href":"https:\/\/agromt.news\/index.php?rest_route=%2Fwp%2Fv2%2Fcategories&post=17458"},{"taxonomy":"post_tag","embeddable":true,"href":"https:\/\/agromt.news\/index.php?rest_route=%2Fwp%2Fv2%2Ftags&post=17458"}],"curies":[{"name":"wp","href":"https:\/\/api.w.org\/{rel}","templated":true}]}}