{"id":17456,"date":"2025-07-26T01:14:03","date_gmt":"2025-07-26T05:14:03","guid":{"rendered":"https:\/\/agromt.news\/?p=17456"},"modified":"2025-07-26T01:14:03","modified_gmt":"2025-07-26T05:14:03","slug":"cobertura-viva-evita-agroquimicos-na-soja","status":"publish","type":"post","link":"https:\/\/agromt.news\/?p=17456","title":{"rendered":"Cobertura viva evita agroqu\u00edmicos na soja"},"content":{"rendered":"<p> <br \/>\n<\/p>\n<div>\n<div class=\"row\">\n<div class=\"col-lg col-infos mt-0 mt-lg-0\">\n<div class=\"section-sub-title\">\n<p itemprop=\"description\">&#13;<br \/>\n                                J\u00e1 a \u00e1rea com azev\u00e9m apresenta competi\u00e7\u00e3o natural &#13;\n                            <\/p>\n<\/p><\/div>\n<div class=\"container\">\n<div class=\"row\">\n<div class=\"col-lg p-0\">\n<div>\n<div class=\"block-news-main-infos mt-3 text-start\">\n<p>                                            <strong class=\"fn\" itemprop=\"author\" style=\"color: rgb(112, 112, 112); \">&#13;<br \/>\n                                                <a href=\"https:\/\/www.agrolink.com.br\/noticias\/javascript:;\" class=\"text-uppercase\" target=\"_blank\" style=\"color: rgb(112, 112, 112); \" rel=\"noopener\">Agrolink<\/a>&#13;<br \/>\n&#13;<br \/>\n                                                    &#8211; Leonardo Gottems&#13;<br \/>\n&#13;<br \/>\n                                            <\/strong><br \/>\n                                        <\/p>\n<p>                                            <abbr><time datetime=\"2025-07-25T06:51\" itemprop=\"datePublished dateModified\">Publicado em 25\/07\/2025 \u00e0s 06:51h.<\/time><\/abbr><br \/>\n                                            <\/p><\/div>\n<\/p><\/div>\n<\/p><\/div>\n<div class=\"col-lg p-0 text-lg-end\">\n<div>\n<div id=\"mdEnviarPagina\" class=\"modal fade\" role=\"dialog\">\n<div class=\"modal-dialog\">\n<div class=\"modal-content\">\n<div class=\"modal-body\">\n<p><strong>Estimado usu\u00e1rio.<\/strong><br \/>Preencha o formul\u00e1rio abaixo para remeter a p\u00e1gina.<\/p>\n<\/p><\/div>\n<\/p><\/div>\n<\/p><\/div>\n<\/div><\/div>\n<\/p><\/div>\n<\/p><\/div>\n<\/p><\/div>\n<\/p><\/div>\n<\/p><\/div>\n<div class=\"row justify-content-md-center mt-3\">\n<div class=\"col-lg-auto col-image block-news-main-image\">\n<p>                                <img decoding=\"async\" src=\"https:\/\/www.agrolink.com.br\/upload\/imagens-resizes\/686e739478aa41f1a2f179970609f0d5_858x483.jpg\" class=\"lazyload img-fluid\" alt=\"J\u00e1 a \u00e1rea com azev\u00e9m apresenta competi\u00e7\u00e3o natural \"\/><br \/>\n                                                <span class=\"d-block mt-1\">J\u00e1 a \u00e1rea com azev\u00e9m apresenta competi\u00e7\u00e3o natural  &#8211; Foto: Agrolink<\/span><\/p><\/div>\n<\/p><\/div>\n<div class=\"section-description section-description-noticias mt-3\">\n<p>Duas \u00e1reas de terras baixas avaliadas no litoral Sul de Santa Catarina, ambas com o mesmo hist\u00f3rico agr\u00edcola, <a href=\"https:\/\/www.agrolink.com.br\/culturas\/soja?utm_source=agrolink-detalhe-noticia&amp;utm_medium=detalhe-noticia&amp;utm_campaign=links-internos\" target=\"_blank\" rel=\"noopener\">soja<\/a> na safra 2023\/24 e <a href=\"https:\/\/www.agrolink.com.br\/culturas\/arroz\/?utm_source=agrolink-detalhe-noticia&amp;utm_medium=detalhe-noticia&amp;utm_campaign=links-internos\" target=\"_blank\" rel=\"noopener\">arroz<\/a> em semeadura direta na 2024\/25, demonstram diferen\u00e7as significativas no controle de plantas daninhas durante a entressafra. A an\u00e1lise \u00e9 do engenheiro agr\u00f4nomo J\u00falio Catoni. Segundo ele, ap\u00f3s a colheita da atual safra, ambas as \u00e1reas foram dessecadas com glifosato para controle do rebrote do <a href=\"https:\/\/www.agrolink.com.br\/culturas\/arroz\/?utm_source=agrolink-detalhe-noticia&amp;utm_medium=detalhe-noticia&amp;utm_campaign=links-internos\" target=\"_blank\" rel=\"noopener\">arroz<\/a>. No entanto, apenas uma delas contou com a semeadura de azev\u00e9m durante os \u00faltimos tr\u00eas invernos.&#13;\n<\/p>\n<p>Mesmo com a aplica\u00e7\u00e3o de herbicidas hormonais para o controle da buva, a presen\u00e7a dessa invasora \u00e9 mais evidente na \u00e1rea sem azev\u00e9m. As plantas, originadas de \u00e1reas marginais e disseminadas pelo vento, encontram ambiente mais favor\u00e1vel para germina\u00e7\u00e3o onde h\u00e1 aus\u00eancia de cobertura vegetal viva. J\u00e1 a \u00e1rea com azev\u00e9m apresenta competi\u00e7\u00e3o natural mais eficiente, dificultando o estabelecimento da buva e reduzindo a necessidade de novos manejos qu\u00edmicos.<span style=\"display:none\">\u00a0<\/span>&#13;\n<\/p>\n<p>Catoni ressalta quatro pontos importantes: a presen\u00e7a de \u00e1gua no ver\u00e3o n\u00e3o impede a germina\u00e7\u00e3o de sementes de buva; a cobertura viva no inverno cria um ambiente menos prop\u00edcio a invasoras; \u00e1reas de arroz bem conduzidas podem sim ser aproveitadas no inverno com semeadura direta; e cada oportunidade de manejar sem herbicidas deve ser valorizada. Por fim, o agr\u00f4nomo prop\u00f5e uma reflex\u00e3o aos produtores: o investimento feito na p\u00f3s-colheita de terras baixas deve ser contabilizado como custo da safra de ver\u00e3o ou transformado em renda produtiva durante o inverno? As informa\u00e7\u00f5es foram divulgadas no seu perfil na rede social LinkedIn.&#13;\n<\/p>\n<p><span style=\"display:none\">\u00a0<\/span><span style=\"display:none\">\u00a0<\/span>\u00a0<\/p>\n<\/p><\/div>\n<\/p><\/div>\n<p><script data-cfasync=\"false\">\n    !function (f, b, e, v, n, t, s) {\n        if (f.fbq) return; n = f.fbq = function () {\n            n.callMethod ?\n                n.callMethod.apply(n, arguments) : n.queue.push(arguments)\n        };\n        if (!f._fbq) f._fbq = n; n.push = n; n.loaded = !0; n.version = '2.0';\n        n.queue = []; t = b.createElement(e); t.async = !0;\n        t.src = v; s = b.getElementsByTagName(e)[0];\n        s.parentNode.insertBefore(t, s)\n    }(window, document, 'script',\n        'https:\/\/connect.facebook.net\/en_US\/fbevents.js');\n    fbq('init', '522546078623747');\n    fbq('track', 'PageView');\n<\/script><br \/>\n<br \/><br \/>\n<br \/><a href=\"https:\/\/www.agrolink.com.br\/noticias\/cobertura-viva-evita-agroquimicos-na-soja_504295.html\">Source link <\/a><\/p>\n","protected":false},"excerpt":{"rendered":"<p>&#13; J\u00e1 a \u00e1rea com azev\u00e9m apresenta competi\u00e7\u00e3o natural &#13; &#13; Agrolink&#13; &#13; &#8211; Leonardo Gottems&#13; &#13; Publicado em 25\/07\/2025<\/p>\n","protected":false},"author":1,"featured_media":3793,"comment_status":"open","ping_status":"open","sticky":false,"template":"","format":"standard","meta":{"_monsterinsights_skip_tracking":false,"_monsterinsights_sitenote_active":false,"_monsterinsights_sitenote_note":"","_monsterinsights_sitenote_category":0,"_uf_show_specific_survey":0,"_uf_disable_surveys":false,"footnotes":""},"categories":[8,1,14],"tags":[],"class_list":["post-17456","post","type-post","status-publish","format-standard","has-post-thumbnail","hentry","category-agro","category-news","category-politica-agro"],"_links":{"self":[{"href":"https:\/\/agromt.news\/index.php?rest_route=\/wp\/v2\/posts\/17456"}],"collection":[{"href":"https:\/\/agromt.news\/index.php?rest_route=\/wp\/v2\/posts"}],"about":[{"href":"https:\/\/agromt.news\/index.php?rest_route=\/wp\/v2\/types\/post"}],"author":[{"embeddable":true,"href":"https:\/\/agromt.news\/index.php?rest_route=\/wp\/v2\/users\/1"}],"replies":[{"embeddable":true,"href":"https:\/\/agromt.news\/index.php?rest_route=%2Fwp%2Fv2%2Fcomments&post=17456"}],"version-history":[{"count":0,"href":"https:\/\/agromt.news\/index.php?rest_route=\/wp\/v2\/posts\/17456\/revisions"}],"wp:featuredmedia":[{"embeddable":true,"href":"https:\/\/agromt.news\/index.php?rest_route=\/wp\/v2\/media\/3793"}],"wp:attachment":[{"href":"https:\/\/agromt.news\/index.php?rest_route=%2Fwp%2Fv2%2Fmedia&parent=17456"}],"wp:term":[{"taxonomy":"category","embeddable":true,"href":"https:\/\/agromt.news\/index.php?rest_route=%2Fwp%2Fv2%2Fcategories&post=17456"},{"taxonomy":"post_tag","embeddable":true,"href":"https:\/\/agromt.news\/index.php?rest_route=%2Fwp%2Fv2%2Ftags&post=17456"}],"curies":[{"name":"wp","href":"https:\/\/api.w.org\/{rel}","templated":true}]}}