{"id":17452,"date":"2025-07-25T19:38:56","date_gmt":"2025-07-25T23:38:56","guid":{"rendered":"https:\/\/agromt.news\/?p=17452"},"modified":"2025-07-25T19:38:56","modified_gmt":"2025-07-25T23:38:56","slug":"a-forca-da-agricultura-familiar-no-desenvolvimento-do-pais","status":"publish","type":"post","link":"https:\/\/agromt.news\/?p=17452","title":{"rendered":"A for\u00e7a da Agricultura familiar no desenvolvimento do pa\u00eds"},"content":{"rendered":"<p> <br \/>\n<br \/><img decoding=\"async\" src=\"https:\/\/agromt.news\/wp-content\/uploads\/2025\/07\/A-forca-da-Agricultura-familiar-no-desenvolvimento-do-pais.jpg\" \/><\/p>\n<div>\n<p>A <a href=\"https:\/\/www.canalrural.com.br\/empreendedorismo\/agricultura-familiar-pode-ser-impulsionada-com-planejamento-e-gestao\/\">agricultura familiar<\/a> \u00e9 uma das maiores pot\u00eancias do Brasil. Respons\u00e1vel por cerca de 70% dos alimentos que chegam \u00e0 mesa da popula\u00e7\u00e3o, ela movimenta a economia, mant\u00e9m viva a tradi\u00e7\u00e3o no campo e promove o desenvolvimento sustent\u00e1vel em milhares de comunidades, especialmente nos pequenos munic\u00edpios.<\/p>\n<p>Neste 24 de julho, Dia da Agricultura Familiar, o momento \u00e9 de valoriza\u00e7\u00e3o. Afinal, s\u00e3o milh\u00f5es de produtores e produtoras que, todos os dias, colocam a m\u00e3o na terra, enfrentam desafios e seguem firmes no prop\u00f3sito de alimentar o pa\u00eds com diversidade e qualidade.<\/p>\n<p> \u201cA agricultura familiar brasileira \u00e9 a 8\u00aa maior produtora de alimentos do mundo. Isso significa diversidade de produ\u00e7\u00e3o, gera\u00e7\u00e3o de empregos e desenvolvimento das comunidades\u201d, afirma Adriano Michelon, representante de uma cooperativa de cr\u00e9dito. Ele tamb\u00e9m destaca que o esp\u00edrito coletivo est\u00e1 no centro desse modelo produtivo. \u201cA agricultura familiar preserva essa ess\u00eancia do coletivo, do bem comum, que \u00e9 muito alinhada ao cooperativismo\u201d, conclui Michelon.<\/p>\n<\/div>\n<div>\n<p>Com base nesse perfil colaborativo, a agricultura familiar vem ganhando cada vez mais apoio de institui\u00e7\u00f5es que acreditam no seu potencial. O <a href=\"https:\/\/sebrae.com.br\/sites\/PortalSebrae\/\">Sebrae<\/a>, por exemplo, atua diretamente com os produtores, oferecendo capacita\u00e7\u00e3o, incentivo \u00e0 inova\u00e7\u00e3o, acesso a mercados e apoio na gest\u00e3o dos neg\u00f3cios. Tudo isso fortalece as cadeias produtivas e amplia as oportunidades para quem vive da terra.<\/p>\n<p>Al\u00e9m disso, iniciativas como o cooperativismo, o acesso ao cr\u00e9dito e a oferta de solu\u00e7\u00f5es personalizadas t\u00eam contribu\u00eddo para que os agricultores familiares avancem em produtividade e qualidade de vida. <\/p>\n<p>Assim, o Dia da Agricultura Familiar vai muito al\u00e9m de uma data comemorativa. Ele representa o reconhecimento a quem, com dedica\u00e7\u00e3o, transforma o campo em um espa\u00e7o de crescimento, dignidade e futuro<\/p>\n<\/p><\/div>\n<p><br \/>\n<br \/><a href=\"https:\/\/www.canalrural.com.br\/empreendedorismo\/forca-da-agricultura-familiar-no-desenvolvimento-do-pais\/\">Source link <\/a><\/p>\n","protected":false},"excerpt":{"rendered":"<p>A agricultura familiar \u00e9 uma das maiores pot\u00eancias do Brasil. Respons\u00e1vel por cerca de 70% dos alimentos que chegam \u00e0<\/p>\n","protected":false},"author":1,"featured_media":17453,"comment_status":"open","ping_status":"open","sticky":false,"template":"","format":"standard","meta":{"_monsterinsights_skip_tracking":false,"_monsterinsights_sitenote_active":false,"_monsterinsights_sitenote_note":"","_monsterinsights_sitenote_category":0,"_uf_show_specific_survey":0,"_uf_disable_surveys":false,"footnotes":""},"categories":[1],"tags":[],"class_list":["post-17452","post","type-post","status-publish","format-standard","has-post-thumbnail","hentry","category-news"],"_links":{"self":[{"href":"https:\/\/agromt.news\/index.php?rest_route=\/wp\/v2\/posts\/17452"}],"collection":[{"href":"https:\/\/agromt.news\/index.php?rest_route=\/wp\/v2\/posts"}],"about":[{"href":"https:\/\/agromt.news\/index.php?rest_route=\/wp\/v2\/types\/post"}],"author":[{"embeddable":true,"href":"https:\/\/agromt.news\/index.php?rest_route=\/wp\/v2\/users\/1"}],"replies":[{"embeddable":true,"href":"https:\/\/agromt.news\/index.php?rest_route=%2Fwp%2Fv2%2Fcomments&post=17452"}],"version-history":[{"count":0,"href":"https:\/\/agromt.news\/index.php?rest_route=\/wp\/v2\/posts\/17452\/revisions"}],"wp:featuredmedia":[{"embeddable":true,"href":"https:\/\/agromt.news\/index.php?rest_route=\/wp\/v2\/media\/17453"}],"wp:attachment":[{"href":"https:\/\/agromt.news\/index.php?rest_route=%2Fwp%2Fv2%2Fmedia&parent=17452"}],"wp:term":[{"taxonomy":"category","embeddable":true,"href":"https:\/\/agromt.news\/index.php?rest_route=%2Fwp%2Fv2%2Fcategories&post=17452"},{"taxonomy":"post_tag","embeddable":true,"href":"https:\/\/agromt.news\/index.php?rest_route=%2Fwp%2Fv2%2Ftags&post=17452"}],"curies":[{"name":"wp","href":"https:\/\/api.w.org\/{rel}","templated":true}]}}