{"id":17449,"date":"2025-07-25T18:27:50","date_gmt":"2025-07-25T22:27:50","guid":{"rendered":"https:\/\/agromt.news\/?p=17449"},"modified":"2025-07-25T18:27:50","modified_gmt":"2025-07-25T22:27:50","slug":"veja-como-os-precos-terminaram-a-semana","status":"publish","type":"post","link":"https:\/\/agromt.news\/?p=17449","title":{"rendered":"veja como os pre\u00e7os terminaram a semana"},"content":{"rendered":"<p> <br \/>\n<br \/><img decoding=\"async\" src=\"https:\/\/imagens-cdn.canalrural.com.br\/wp-content\/uploads\/boi-gordo-mt.jpg\" \/><\/p>\n<div>\n<p>O mercado f\u00edsico do boi gordo encerrou a semana mantendo o padr\u00e3o de negocia\u00e7\u00f5es em grande parte do pa\u00eds. <\/p>\n<p>Segundo o analista da consultoria Safras &amp; Mercado Fernando Henrique Iglesias, a expectativa \u00e9 de algum espa\u00e7o para recupera\u00e7\u00e3o no curt\u00edssimo prazo. <\/p>\n<p>\u201cOs futuros do boi gordo na B3 j\u00e1 retratam esse cen\u00e1rio. Aparentemente o mercado assimilou as quest\u00f5es inerentes ao tarifa\u00e7o dos EUA ap\u00f3s um m\u00eas de julho de intensa press\u00e3o baixista\u201d, disse. <\/p>\n<p>De acordo com ele, sob o ponto de vista da demanda, a expectativa ainda \u00e9 de recorde dos embarques na atual temporada, com o Brasil se mantendo como melhor alternativa para o fornecimento de <strong><a href=\"https:\/\/www.canalrural.com.br\/tag\/carne\/\">carne<\/a><\/strong> bovina no mercado global.<\/p>\n<h2 class=\"wp-block-heading\" id=\"h-precos-medios-do-boi-gordo\">Pre\u00e7os m\u00e9dios do boi gordo<\/h2>\n<ul class=\"wp-block-list\">\n<li><strong>S\u00e3o Paulo: <\/strong>R$ 294,32 <\/li>\n<li><strong>Goi\u00e1s:<\/strong> R$ 278,14 <\/li>\n<li><strong>Minas Gerais: <\/strong>R$ 284,41 <\/li>\n<li><strong>Mato Grosso do Sul:<\/strong> R$ 294,89 <\/li>\n<li><strong>Mato Grosso:<\/strong> R$ 290,41 <\/li>\n<\/ul>\n<\/div>\n<div>\n<h2 class=\"wp-block-heading\" id=\"h-mercado-atacadista\">Mercado atacadista<\/h2>\n<p>O mercado atacadista apresenta pre\u00e7os firmes para a carne bovina. Para Iglesias, a expectativa \u00e9 de recupera\u00e7\u00e3o dos pre\u00e7os durante a primeira quinzena de agosto, considerando que al\u00e9m da entrada dos sal\u00e1rios na economia h\u00e1 o adicional de consumo relacionado ao Dia dos Pais.<\/p>\n<p>\u201cPor fim, \u00e9 v\u00e1lido mencionar que a situa\u00e7\u00e3o da carne de frango ainda carece de aten\u00e7\u00e3o, porque mant\u00e9m grande competitividade na compara\u00e7\u00e3o com as concorrentes, em especial em rela\u00e7\u00e3o \u00e0 carne bovina\u201d, disse o analista.<\/p>\n<p>O quarto traseiro ainda \u00e9 precificado a R$ 21,50; o dianteiro segue cotado a R$ 17,50 por quilo; e a ponta de agulha permanece a R$ 17,00 por quilo.<\/p>\n<h2 class=\"wp-block-heading\" id=\"h-cambio\">C\u00e2mbio<\/h2>\n<p>O d\u00f3lar comercial encerrou a sess\u00e3o em queda de 0,42%, sendo negociado a R$ 5,5650 para venda e a R$ 5,5630 para compra. Durante o dia, a moeda norte-americana oscilou entre a m\u00ednima de R$ 5,5504 e a m\u00e1xima de R$ 5,6114.<\/p>\n<\/p><\/div>\n<p><br \/>\n<br \/><a href=\"https:\/\/www.canalrural.com.br\/pecuaria\/cotacoes-da-arroba-do-boi-veja-como-os-precos-terminaram-a-semana\/\">Source link <\/a><\/p>\n","protected":false},"excerpt":{"rendered":"<p>O mercado f\u00edsico do boi gordo encerrou a semana mantendo o padr\u00e3o de negocia\u00e7\u00f5es em grande parte do pa\u00eds. Segundo<\/p>\n","protected":false},"author":1,"featured_media":3665,"comment_status":"open","ping_status":"open","sticky":false,"template":"","format":"standard","meta":{"_monsterinsights_skip_tracking":false,"_monsterinsights_sitenote_active":false,"_monsterinsights_sitenote_note":"","_monsterinsights_sitenote_category":0,"_uf_show_specific_survey":0,"_uf_disable_surveys":false,"footnotes":""},"categories":[1],"tags":[],"class_list":["post-17449","post","type-post","status-publish","format-standard","has-post-thumbnail","hentry","category-news"],"_links":{"self":[{"href":"https:\/\/agromt.news\/index.php?rest_route=\/wp\/v2\/posts\/17449"}],"collection":[{"href":"https:\/\/agromt.news\/index.php?rest_route=\/wp\/v2\/posts"}],"about":[{"href":"https:\/\/agromt.news\/index.php?rest_route=\/wp\/v2\/types\/post"}],"author":[{"embeddable":true,"href":"https:\/\/agromt.news\/index.php?rest_route=\/wp\/v2\/users\/1"}],"replies":[{"embeddable":true,"href":"https:\/\/agromt.news\/index.php?rest_route=%2Fwp%2Fv2%2Fcomments&post=17449"}],"version-history":[{"count":0,"href":"https:\/\/agromt.news\/index.php?rest_route=\/wp\/v2\/posts\/17449\/revisions"}],"wp:featuredmedia":[{"embeddable":true,"href":"https:\/\/agromt.news\/index.php?rest_route=\/wp\/v2\/media\/3665"}],"wp:attachment":[{"href":"https:\/\/agromt.news\/index.php?rest_route=%2Fwp%2Fv2%2Fmedia&parent=17449"}],"wp:term":[{"taxonomy":"category","embeddable":true,"href":"https:\/\/agromt.news\/index.php?rest_route=%2Fwp%2Fv2%2Fcategories&post=17449"},{"taxonomy":"post_tag","embeddable":true,"href":"https:\/\/agromt.news\/index.php?rest_route=%2Fwp%2Fv2%2Ftags&post=17449"}],"curies":[{"name":"wp","href":"https:\/\/api.w.org\/{rel}","templated":true}]}}