{"id":17446,"date":"2025-07-25T17:38:40","date_gmt":"2025-07-25T21:38:40","guid":{"rendered":"https:\/\/agromt.news\/?p=17446"},"modified":"2025-07-25T17:38:40","modified_gmt":"2025-07-25T21:38:40","slug":"todos-os-paises-estarao-na-cop30-diz-governador-do-para","status":"publish","type":"post","link":"https:\/\/agromt.news\/?p=17446","title":{"rendered":"Todos os pa\u00edses estar\u00e3o na COP30, diz governador do Par\u00e1"},"content":{"rendered":"<p> <br \/>\n<br \/><img decoding=\"async\" src=\"https:\/\/agromt.news\/wp-content\/uploads\/2024\/11\/Brasil-deve-receber-mais-de-50-mil-pessoas-na-COP30.jpg\" \/><\/p>\n<div>\n<p>O governador do Par\u00e1, Helder Barbalho, disse nesta sexta-feira (25) em entrevista \u00e0 <strong><a href=\"https:\/\/www.cnnbrasil.com.br\/economia\/macroeconomia\/governador-do-para-diz-a-cnn-que-todos-os-paises-estarao-na-cop30\/\">CNN Money<\/a><\/strong> que todos os pa\u00edses-membros das Na\u00e7\u00f5es Unidas estar\u00e3o presentes na Confer\u00eancia das Na\u00e7\u00f5es Unidas sobre as Mudan\u00e7as Clim\u00e1ticas de 2025 (COP30).<\/p>\n<p>O evento ser\u00e1 realizada em Bel\u00e9m, capital paraense, em novembro. \u201cTemos dialogado com as Na\u00e7\u00f5es Unidas, garantindo que os 196 pa\u00edses estejam com as suas delega\u00e7\u00f5es, todos confirmados e com leitos garantidos. Portanto, os negociadores de todos os pa\u00edses estar\u00e3o presentes para que possamos extrair o melhor conte\u00fado e que a COP da Amaz\u00f4nia, de Bel\u00e9m, possa ser a COP da implementa\u00e7\u00e3o e da responsabilidade com a humanidade\u201d, declarou.<\/p>\n<\/div>\n<div>\n<p>Barbalho afirmou \u00e0 CNN que espera a inclus\u00e3o dos <strong><a href=\"https:\/\/www.canalrural.com.br\/tag\/estados-unidos\/\">Estados Unidos<\/a><\/strong> na Confer\u00eancia, mesmo em meio \u00e0s tens\u00f5es comerciais com o Brasil ap\u00f3s o an\u00fancio de tarifas de 50% sobre os produtos brasileiros.<\/p>\n<p>\u201cOs Estados Unidos continua membro da Confer\u00eancia das Na\u00e7\u00f5es Unidas para o Clima, apesar de terem sa\u00eddo do Acordo de Paris, e desejamos que estejam representados\u201d, afirmou.<\/p>\n<p>Barbalho ressaltou que o Brasil tem a oportunidade de liderar a agenda de sustentabilidade no mundo, bem como trazer solu\u00e7\u00f5es a partir da floresta amaz\u00f4nica. Al\u00e9m disso, afirmou ter esperan\u00e7a de que, durante a COP30, os pa\u00edses atualizem os seus compromissos de transi\u00e7\u00e3o energ\u00e9tica.<\/p>\n<\/p><\/div>\n<p><br \/>\n<br \/><a href=\"https:\/\/www.canalrural.com.br\/cop30\/todos-os-paises-estarao-na-cop-30-diz-governador-do-para\/\">Source link <\/a><\/p>\n","protected":false},"excerpt":{"rendered":"<p>O governador do Par\u00e1, Helder Barbalho, disse nesta sexta-feira (25) em entrevista \u00e0 CNN Money que todos os pa\u00edses-membros das<\/p>\n","protected":false},"author":1,"featured_media":4974,"comment_status":"open","ping_status":"open","sticky":false,"template":"","format":"standard","meta":{"_monsterinsights_skip_tracking":false,"_monsterinsights_sitenote_active":false,"_monsterinsights_sitenote_note":"","_monsterinsights_sitenote_category":0,"_uf_show_specific_survey":0,"_uf_disable_surveys":false,"footnotes":""},"categories":[1],"tags":[],"class_list":["post-17446","post","type-post","status-publish","format-standard","has-post-thumbnail","hentry","category-news"],"_links":{"self":[{"href":"https:\/\/agromt.news\/index.php?rest_route=\/wp\/v2\/posts\/17446"}],"collection":[{"href":"https:\/\/agromt.news\/index.php?rest_route=\/wp\/v2\/posts"}],"about":[{"href":"https:\/\/agromt.news\/index.php?rest_route=\/wp\/v2\/types\/post"}],"author":[{"embeddable":true,"href":"https:\/\/agromt.news\/index.php?rest_route=\/wp\/v2\/users\/1"}],"replies":[{"embeddable":true,"href":"https:\/\/agromt.news\/index.php?rest_route=%2Fwp%2Fv2%2Fcomments&post=17446"}],"version-history":[{"count":0,"href":"https:\/\/agromt.news\/index.php?rest_route=\/wp\/v2\/posts\/17446\/revisions"}],"wp:featuredmedia":[{"embeddable":true,"href":"https:\/\/agromt.news\/index.php?rest_route=\/wp\/v2\/media\/4974"}],"wp:attachment":[{"href":"https:\/\/agromt.news\/index.php?rest_route=%2Fwp%2Fv2%2Fmedia&parent=17446"}],"wp:term":[{"taxonomy":"category","embeddable":true,"href":"https:\/\/agromt.news\/index.php?rest_route=%2Fwp%2Fv2%2Fcategories&post=17446"},{"taxonomy":"post_tag","embeddable":true,"href":"https:\/\/agromt.news\/index.php?rest_route=%2Fwp%2Fv2%2Ftags&post=17446"}],"curies":[{"name":"wp","href":"https:\/\/api.w.org\/{rel}","templated":true}]}}