{"id":17444,"date":"2025-07-25T17:24:05","date_gmt":"2025-07-25T21:24:05","guid":{"rendered":"https:\/\/agromt.news\/?p=17444"},"modified":"2025-07-25T17:24:05","modified_gmt":"2025-07-25T21:24:05","slug":"como-fica-o-tempo-no-fim-de-julho-previsao-aponta-contrastes-pelo-brasil","status":"publish","type":"post","link":"https:\/\/agromt.news\/?p=17444","title":{"rendered":"Como fica o tempo no fim de julho? Previs\u00e3o aponta contrastes pelo Brasil"},"content":{"rendered":"<p> <br \/>\n<br \/><img decoding=\"async\" src=\"https:\/\/agromt.news\/wp-content\/uploads\/2025\/07\/Como-fica-o-tempo-no-fim-de-julho-Previsao-aponta.jpg\" \/><\/p>\n<div>\n<p>Ao longo dos pr\u00f3ximos dias, a condi\u00e7\u00e3o de umidade nas lavouras de soja no Sul do pa\u00eds ser\u00e1 ben\u00e9fica, enquanto a regi\u00e3o central seguir\u00e1 com tempo seco. O cen\u00e1rio deve se manter est\u00e1vel, pois n\u00e3o h\u00e1<a href=\"https:\/\/www.canalrural.com.br\/?s=previs%C3%A3o+do+tempo\"> previs\u00e3o de chuva <\/a>volumosa para essas \u00e1reas.<\/p>\n<figure class=\"wp-block-embed is-provider-youtube wp-block-embed-youtube\">\n<p>\n<iframe title=\"Como fica o tempo no fim de julho? Previs\u00e3o aponta contrastes pelo Brasil\" width=\"800\" height=\"450\" src=\"https:\/\/www.youtube.com\/embed\/_YSzRfPZ5Xw?feature=oembed\" frameborder=\"0\" allow=\"accelerometer; autoplay; clipboard-write; encrypted-media; gyroscope; picture-in-picture; web-share\" referrerpolicy=\"strict-origin-when-cross-origin\" allowfullscreen><\/iframe><noscript><iframe title=\"Como fica o tempo no fim de julho? Previs\u00e3o aponta contrastes pelo Brasil\" width=\"800\" height=\"450\" src=\"https:\/\/www.youtube.com\/embed\/_YSzRfPZ5Xw?feature=oembed\" frameborder=\"0\" allow=\"accelerometer; autoplay; clipboard-write; encrypted-media; gyroscope; picture-in-picture; web-share\" referrerpolicy=\"strict-origin-when-cross-origin\" allowfullscreen><\/iframe><\/noscript>\n<\/p>\n<\/figure>\n<ul class=\"wp-block-list\">\n<li><strong><em>Fique por dentro das novidades e not\u00edcias recentes sobre a soja! Participe da nossa comunidade atrav\u00e9s do\u00a0<a href=\"https:\/\/chat.whatsapp.com\/BmMRwA0TZ2DHGyhzoaVEWu\">link<\/a>! \ud83c\udf31<\/em><\/strong><\/li>\n<\/ul>\n<p>No Sul, a passagem de uma frente fria deve provocar chuvas, que podem ser fortes especialmente no Rio Grande do Sul, com volumes entre 70 e 80 mm. Essas precipita\u00e7\u00f5es s\u00e3o importantes para manter o bom padr\u00e3o h\u00eddrico da regi\u00e3o.<\/p>\n<p>No interior, a falta de chuva persiste, o que pode impactar negativamente culturas da segunda safra, como milho, sorgo e algod\u00e3o. Para quem plantou mais tarde, a aus\u00eancia de chuva durante a fase de enchimento de gr\u00e3os pode comprometer a produtividade. H\u00e1 tamb\u00e9m relatos de situa\u00e7\u00f5es semelhantes no Matopiba.<\/p>\n<\/div>\n<div>\n<h2 class=\"wp-block-heading\" id=\"h-chuvas-nas-lavouras-de-soja-de-roraima\">Chuvas nas lavouras de soja de Roraima <\/h2>\n<p>Em Roraima, com o avan\u00e7o do plantio de soja, as chuvas continuam de forma mais frequente. Por\u00e9m, em alguns cen\u00e1rios, o volume expressivo de \u00e1gua pode n\u00e3o ser t\u00e3o ben\u00e9fico, pois o excesso pode prejudicar as lavouras neste momento.<\/p>\n<h2 class=\"wp-block-heading\" id=\"h-o-que-o-produtor-pode-esperar-do-tempo\">O que o produtor pode esperar do tempo<\/h2>\n<p>Na costa leste do Nordeste, a chuva ser\u00e1 frequente nos pr\u00f3ximos dias. Entre 31 de julho e 4 de agosto, a precipita\u00e7\u00e3o se espalhar\u00e1 por diversas regi\u00f5es do pa\u00eds, como \u00e1reas de Mato Grosso, Mato Grosso do Sul e Rond\u00f4nia. <\/p>\n<p>Entretanto, nesses locais os acumulados de chuva devem ser baixos, insuficientes para uma reposi\u00e7\u00e3o h\u00eddrica adequada, caracterizando uma chuva fraca para a agricultura. <\/p>\n<div data-icp-cta=\"1\" id=\"icp-cta-unique\">Voc\u00ea quer entender como usar o clima a seu favor?<b> <\/b><a href=\"https:\/\/climacampo.canalrural.com.br\/climacampo_-01\">Preparamos um e-book exclusivo<\/a> para ajudar produtores rurais a se antecipar \u00e0s mudan\u00e7as do tempo e planejar melhor suas a\u00e7\u00f5es. Com base em previs\u00f5es meteorol\u00f3gicas confi\u00e1veis, ele oferece orienta\u00e7\u00f5es pr\u00e1ticas para proteger sua lavoura e otimizar seus resultados.<\/div>\n<\/div>\n<p><br \/>\n<br \/><a href=\"https:\/\/www.canalrural.com.br\/agricultura\/projeto-soja-brasil\/como-fica-o-tempo-no-fim-de-julho-previsao-aponta-contrastes-pelo-brasil\/\">Source link <\/a><\/p>\n","protected":false},"excerpt":{"rendered":"<p>Ao longo dos pr\u00f3ximos dias, a condi\u00e7\u00e3o de umidade nas lavouras de soja no Sul do pa\u00eds ser\u00e1 ben\u00e9fica, enquanto<\/p>\n","protected":false},"author":1,"featured_media":17445,"comment_status":"open","ping_status":"open","sticky":false,"template":"","format":"standard","meta":{"_monsterinsights_skip_tracking":false,"_monsterinsights_sitenote_active":false,"_monsterinsights_sitenote_note":"","_monsterinsights_sitenote_category":0,"_uf_show_specific_survey":0,"_uf_disable_surveys":false,"footnotes":""},"categories":[1],"tags":[],"class_list":["post-17444","post","type-post","status-publish","format-standard","has-post-thumbnail","hentry","category-news"],"_links":{"self":[{"href":"https:\/\/agromt.news\/index.php?rest_route=\/wp\/v2\/posts\/17444"}],"collection":[{"href":"https:\/\/agromt.news\/index.php?rest_route=\/wp\/v2\/posts"}],"about":[{"href":"https:\/\/agromt.news\/index.php?rest_route=\/wp\/v2\/types\/post"}],"author":[{"embeddable":true,"href":"https:\/\/agromt.news\/index.php?rest_route=\/wp\/v2\/users\/1"}],"replies":[{"embeddable":true,"href":"https:\/\/agromt.news\/index.php?rest_route=%2Fwp%2Fv2%2Fcomments&post=17444"}],"version-history":[{"count":0,"href":"https:\/\/agromt.news\/index.php?rest_route=\/wp\/v2\/posts\/17444\/revisions"}],"wp:featuredmedia":[{"embeddable":true,"href":"https:\/\/agromt.news\/index.php?rest_route=\/wp\/v2\/media\/17445"}],"wp:attachment":[{"href":"https:\/\/agromt.news\/index.php?rest_route=%2Fwp%2Fv2%2Fmedia&parent=17444"}],"wp:term":[{"taxonomy":"category","embeddable":true,"href":"https:\/\/agromt.news\/index.php?rest_route=%2Fwp%2Fv2%2Fcategories&post=17444"},{"taxonomy":"post_tag","embeddable":true,"href":"https:\/\/agromt.news\/index.php?rest_route=%2Fwp%2Fv2%2Ftags&post=17444"}],"curies":[{"name":"wp","href":"https:\/\/api.w.org\/{rel}","templated":true}]}}