{"id":17443,"date":"2025-07-25T17:21:24","date_gmt":"2025-07-25T21:21:24","guid":{"rendered":"https:\/\/agromt.news\/?p=17443"},"modified":"2025-07-25T17:21:24","modified_gmt":"2025-07-25T21:21:24","slug":"soja-fecha-em-leve-alta-em-chicago-com-premio-climatico","status":"publish","type":"post","link":"https:\/\/agromt.news\/?p=17443","title":{"rendered":"Soja fecha em leve alta em Chicago com pr\u00eamio clim\u00e1tico"},"content":{"rendered":"<p> <br \/>\n<\/p>\n<div>\n<p>Os contratos futuros da <a href=\"https:\/\/www.agrolink.com.br\/culturas\/soja?utm_source=agrolink-detalhe-noticia&amp;utm_medium=detalhe-noticia&amp;utm_campaign=links-internos\" target=\"_blank\" rel=\"noopener\">soja<\/a> negociados na Bolsa de Chicago encerraram a quinta-feira (24) com leve valoriza\u00e7\u00e3o, impulsionados principalmente por fatores clim\u00e1ticos nos Estados Unidos. Segundo an\u00e1lise da TF Agroecon\u00f4mica, o contrato de setembro, refer\u00eancia para a nova safra, subiu 0,07%, ou US$ 0,50 cent\/bushel, sendo cotado a US$ 1005,75. J\u00e1 o contrato de agosto caiu 0,15%, ou US$ 1,25 cent\/bushel, para US$ 1004,25, refletindo sua proximidade de vencimento.&#13;\n<\/p>\n<p>Apesar da sequ\u00eancia anterior de tr\u00eas quedas, os pre\u00e7os se recuperaram levemente nesta sess\u00e3o, com o mercado monitorando atentamente as previs\u00f5es clim\u00e1ticas. A continuidade das chuvas no cintur\u00e3o agr\u00edcola americano vem favorecendo as lavouras, o que tende a pressionar os pre\u00e7os. No entanto, a possibilidade de menos umidade nas previs\u00f5es de 6 a 14 dias oferece algum suporte, somado \u00e0 firmeza do \u00f3leo de soja, que subiu 0,94% no dia.<\/p>\n<p>Outro fator que chamou a aten\u00e7\u00e3o foi a compra de 30 mil toneladas de farelo de soja da Argentina pela China \u2014 um movimento raro, j\u00e1 que, mesmo com o com\u00e9rcio liberado desde 2019, os chineses geralmente evitam esse mercado. Essa compra pontual trouxe volatilidade ao farelo, que acabou fechando em queda de 0,85%, a US\\$ 269,70\/ton curta.&#13;\n<\/p>\n<p>Do lado das exporta\u00e7\u00f5es, os dados divulgados pelo USDA foram considerados baixistas. As vendas semanais de soja dos EUA totalizaram 160,9 mil toneladas para a safra 2024\/25, abaixo das 271,9 mil da semana anterior. Para a temporada 2025\/26, as vendas foram de 238,8 mil toneladas \u2014 resultado tamb\u00e9m inferior \u00e0s expectativas do mercado, que iam de 250 mil a 500 mil toneladas. A aus\u00eancia da China e o protagonismo da Holanda, com 116,8 mil toneladas, refor\u00e7am o cen\u00e1rio de demanda internacional fraca.<br \/>&#13;<br \/>\n\u00a0<\/p>\n<\/p><\/div>\n<p><script data-cfasync=\"false\">\n    !function (f, b, e, v, n, t, s) {\n        if (f.fbq) return; n = f.fbq = function () {\n            n.callMethod ?\n                n.callMethod.apply(n, arguments) : n.queue.push(arguments)\n        };\n        if (!f._fbq) f._fbq = n; n.push = n; n.loaded = !0; n.version = '2.0';\n        n.queue = []; t = b.createElement(e); t.async = !0;\n        t.src = v; s = b.getElementsByTagName(e)[0];\n        s.parentNode.insertBefore(t, s)\n    }(window, document, 'script',\n        'https:\/\/connect.facebook.net\/en_US\/fbevents.js');\n    fbq('init', '522546078623747');\n    fbq('track', 'PageView');\n<\/script><br \/>\n<br \/><br \/>\n<br \/><a href=\"https:\/\/www.agrolink.com.br\/noticias\/soja-fecha-em-leve-alta-em-chicago-com-premio-climatico_504299.html\">Source link <\/a><\/p>\n","protected":false},"excerpt":{"rendered":"<p>Os contratos futuros da soja negociados na Bolsa de Chicago encerraram a quinta-feira (24) com leve valoriza\u00e7\u00e3o, impulsionados principalmente por<\/p>\n","protected":false},"author":1,"featured_media":13449,"comment_status":"open","ping_status":"open","sticky":false,"template":"","format":"standard","meta":{"_monsterinsights_skip_tracking":false,"_monsterinsights_sitenote_active":false,"_monsterinsights_sitenote_note":"","_monsterinsights_sitenote_category":0,"_uf_show_specific_survey":0,"_uf_disable_surveys":false,"footnotes":""},"categories":[8,1,14],"tags":[],"class_list":["post-17443","post","type-post","status-publish","format-standard","has-post-thumbnail","hentry","category-agro","category-news","category-politica-agro"],"_links":{"self":[{"href":"https:\/\/agromt.news\/index.php?rest_route=\/wp\/v2\/posts\/17443"}],"collection":[{"href":"https:\/\/agromt.news\/index.php?rest_route=\/wp\/v2\/posts"}],"about":[{"href":"https:\/\/agromt.news\/index.php?rest_route=\/wp\/v2\/types\/post"}],"author":[{"embeddable":true,"href":"https:\/\/agromt.news\/index.php?rest_route=\/wp\/v2\/users\/1"}],"replies":[{"embeddable":true,"href":"https:\/\/agromt.news\/index.php?rest_route=%2Fwp%2Fv2%2Fcomments&post=17443"}],"version-history":[{"count":0,"href":"https:\/\/agromt.news\/index.php?rest_route=\/wp\/v2\/posts\/17443\/revisions"}],"wp:featuredmedia":[{"embeddable":true,"href":"https:\/\/agromt.news\/index.php?rest_route=\/wp\/v2\/media\/13449"}],"wp:attachment":[{"href":"https:\/\/agromt.news\/index.php?rest_route=%2Fwp%2Fv2%2Fmedia&parent=17443"}],"wp:term":[{"taxonomy":"category","embeddable":true,"href":"https:\/\/agromt.news\/index.php?rest_route=%2Fwp%2Fv2%2Fcategories&post=17443"},{"taxonomy":"post_tag","embeddable":true,"href":"https:\/\/agromt.news\/index.php?rest_route=%2Fwp%2Fv2%2Ftags&post=17443"}],"curies":[{"name":"wp","href":"https:\/\/api.w.org\/{rel}","templated":true}]}}