{"id":17439,"date":"2025-07-25T16:41:05","date_gmt":"2025-07-25T20:41:05","guid":{"rendered":"https:\/\/agromt.news\/?p=17439"},"modified":"2025-07-25T16:41:05","modified_gmt":"2025-07-25T20:41:05","slug":"transformar-juntos-destaca-a-importancia-do-cadastro-rural","status":"publish","type":"post","link":"https:\/\/agromt.news\/?p=17439","title":{"rendered":"&#8216;Transformar Juntos&#8217; destaca a import\u00e2ncia do cadastro rural"},"content":{"rendered":"<p> <br \/>\n<br \/><img decoding=\"async\" src=\"https:\/\/agromt.news\/wp-content\/uploads\/2025\/07\/Transformar-Juntos-destaca-a-importancia-do-cadastro-rural.jpg\" \/><\/p>\n<div>\n<p>Hoje (25), \u00e9 o \u00faltimo dia do \u2018Transformar Juntos 2025\u2019, evento realizado em Bras\u00edlia e promovido pelo Sebrae Nacional, que re\u00fane gestores p\u00fablicos, lideran\u00e7as locais e representantes de diversas institui\u00e7\u00f5es.<\/p>\n<p>Um dos destaques da programa\u00e7\u00e3o no segundo dia de evento foi o painel \u2018<strong><a href=\"https:\/\/agenciasebrae.com.br\/cultura-empreendedora\/segundo-dia-do-transformar-juntos-reune-solucoes-para-os-desafios-do-campo-a-cidade\/\">Mapear para incluir: o papel do cadastro na agricultura<\/a><\/strong>\u2018, com a presen\u00e7a de Bruno Quick, diretor t\u00e9cnico do Sebrae, Daniel Carrara, diretor-geral do Senar e Ana Euler, diretora de Inova\u00e7\u00e3o, Neg\u00f3cios e Transfer\u00eancia de Tecnologia da Embrapa. <\/p>\n<p>Os palestrantes enfatizaram a import\u00e2ncia do Cadastro Ambiental Rural (CAR) para viabilizar a assist\u00eancia t\u00e9cnica, gest\u00e3o e inova\u00e7\u00e3o no campo. Atualmente, o CAR abrange cerca de cinco milh\u00f5es de propriedades rurais, s\u00f3 que ainda enfrenta desafios.<\/p>\n<\/div>\n<div>\n<p>\u201cA gente precisa saber onde est\u00e1 o produtor, qual \u00e9 a principal atividade dele, at\u00e9 no ponto da log\u00edstica para que a gente possa acess\u00e1-lo. Estar em dia com esse cadastro \u00e9 fundamental\u201d, afirma Bruno Quick, diretor t\u00e9cnico do Sebrae Nacional.<\/p>\n<ul class=\"wp-block-list\">\n<li>Participe do Porteira Aberta Empreender: envie perguntas, sugest\u00f5es e conte a sua hist\u00f3ria de empreendedorismo pelo<a href=\"https:\/\/api.whatsapp.com\/send?phone=5511932796720&amp;PorteiraAbertaEmpreender=SuaMensagem\"> WhatsApp<\/a><\/li>\n<\/ul>\n<p>A equipe do <a href=\"https:\/\/www.youtube.com\/watch?v=f21cxpJQ4Uw&amp;t=1s\">Mercado e Companhia do <strong>Canal Rural<\/strong><\/a><strong> <\/strong>esteve presente no evento e conversou com alguns palestrantes. Confira aqui a reportagem! <\/p>\n<figure class=\"wp-block-embed is-type-video is-provider-youtube wp-block-embed-youtube wp-embed-aspect-16-9 wp-has-aspect-ratio\">\n<p>\n<iframe title=\"Sebrae e Senar ampliam parceria por mais renda no campo\" width=\"800\" height=\"450\" src=\"https:\/\/www.youtube.com\/embed\/f21cxpJQ4Uw?feature=oembed\" frameborder=\"0\" allow=\"accelerometer; autoplay; clipboard-write; encrypted-media; gyroscope; picture-in-picture; web-share\" referrerpolicy=\"strict-origin-when-cross-origin\" allowfullscreen><\/iframe>\n<\/p>\n<\/figure><\/div>\n<p><br \/>\n<br \/><a href=\"https:\/\/www.canalrural.com.br\/empreendedorismo\/transformar-juntos-destaca-a-importancia-do-cadastro-rural\/\">Source link <\/a><\/p>\n","protected":false},"excerpt":{"rendered":"<p>Hoje (25), \u00e9 o \u00faltimo dia do \u2018Transformar Juntos 2025\u2019, evento realizado em Bras\u00edlia e promovido pelo Sebrae Nacional, que<\/p>\n","protected":false},"author":1,"featured_media":17440,"comment_status":"open","ping_status":"open","sticky":false,"template":"","format":"standard","meta":{"_monsterinsights_skip_tracking":false,"_monsterinsights_sitenote_active":false,"_monsterinsights_sitenote_note":"","_monsterinsights_sitenote_category":0,"_uf_show_specific_survey":0,"_uf_disable_surveys":false,"footnotes":""},"categories":[1],"tags":[],"class_list":["post-17439","post","type-post","status-publish","format-standard","has-post-thumbnail","hentry","category-news"],"_links":{"self":[{"href":"https:\/\/agromt.news\/index.php?rest_route=\/wp\/v2\/posts\/17439"}],"collection":[{"href":"https:\/\/agromt.news\/index.php?rest_route=\/wp\/v2\/posts"}],"about":[{"href":"https:\/\/agromt.news\/index.php?rest_route=\/wp\/v2\/types\/post"}],"author":[{"embeddable":true,"href":"https:\/\/agromt.news\/index.php?rest_route=\/wp\/v2\/users\/1"}],"replies":[{"embeddable":true,"href":"https:\/\/agromt.news\/index.php?rest_route=%2Fwp%2Fv2%2Fcomments&post=17439"}],"version-history":[{"count":0,"href":"https:\/\/agromt.news\/index.php?rest_route=\/wp\/v2\/posts\/17439\/revisions"}],"wp:featuredmedia":[{"embeddable":true,"href":"https:\/\/agromt.news\/index.php?rest_route=\/wp\/v2\/media\/17440"}],"wp:attachment":[{"href":"https:\/\/agromt.news\/index.php?rest_route=%2Fwp%2Fv2%2Fmedia&parent=17439"}],"wp:term":[{"taxonomy":"category","embeddable":true,"href":"https:\/\/agromt.news\/index.php?rest_route=%2Fwp%2Fv2%2Fcategories&post=17439"},{"taxonomy":"post_tag","embeddable":true,"href":"https:\/\/agromt.news\/index.php?rest_route=%2Fwp%2Fv2%2Ftags&post=17439"}],"curies":[{"name":"wp","href":"https:\/\/api.w.org\/{rel}","templated":true}]}}