{"id":17434,"date":"2025-07-25T15:36:40","date_gmt":"2025-07-25T19:36:40","guid":{"rendered":"https:\/\/agromt.news\/?p=17434"},"modified":"2025-07-25T15:36:40","modified_gmt":"2025-07-25T19:36:40","slug":"musica-para-vacas-tecnica-melhora-bem-estar-e-producao-no-campo","status":"publish","type":"post","link":"https:\/\/agromt.news\/?p=17434","title":{"rendered":"M\u00fasica para vacas? T\u00e9cnica melhora bem-estar e produ\u00e7\u00e3o no campo"},"content":{"rendered":"<p> <br \/>\n<br \/><img decoding=\"async\" src=\"https:\/\/agromt.news\/wp-content\/uploads\/2025\/07\/Musica-para-vacas-Tecnica-melhora-bem-estar-e-producao-no-campo.jpeg\" \/><\/p>\n<div>\n<p>No s\u00edtio Queijo D\u2019Alagoa, no Sul de Minas, o produtor Osvaldo Martins, conhecido como Osvaldinho, encontrou uma forma curiosa e eficiente de cuidar do rebanho. Ele toca tuba para as vacas. A cena, que parece inusitada \u00e0 primeira vista, j\u00e1 faz parte da rotina da propriedade e tem dado resultados surpreendentes.<\/p>\n<p>Cada vaca da fazenda tem nome pr\u00f3prio, como Pipoca, Estrela e Pintura. Durante os momentos de m\u00fasica, o ambiente fica mais tranquilo e o gado demonstra menos sinais de estresse. Essa pr\u00e1tica, segundo especialistas, ajuda a liberar ocitocina \u2014 horm\u00f4nio ligado \u00e0 produ\u00e7\u00e3o de leite \u2014 e favorece a sa\u00fade do rebanho, reduzindo doen\u00e7as e facilitando a ordenha.<\/p>\n<\/div>\n<div>\n<p>A estrat\u00e9gia vai al\u00e9m do conforto animal e se reflete na produtividade. Estudos apontam que o gado mais calmo apresenta melhor desempenho reprodutivo e maior qualidade do leite. E n\u00e3o \u00e9 s\u00f3 com bovinos. Uma pesquisa da USP tamb\u00e9m comprovou resultados positivos com su\u00ednos, que ficaram mais soci\u00e1veis e ganharam peso com menos ra\u00e7\u00e3o quando expostos \u00e0 m\u00fasica.<\/p>\n<p>Iniciativas como a de Osvaldinho mostram como o bem-estar animal est\u00e1 cada vez mais integrado \u00e0 sustentabilidade no agroneg\u00f3cio brasileiro. Ao som de can\u00e7\u00f5es suaves, a produ\u00e7\u00e3o se torna mais eficiente e o manejo mais humano, aproximando o produtor de pr\u00e1ticas que beneficiam tanto os animais quanto o consumidor. Quer ver como funciona na pr\u00e1tica? Confira o reels completo sobre o tema no Instagram do Planeta Campo.<\/p>\n<figure class=\"wp-block-embed is-type-rich is-provider-instagram wp-block-embed-instagram\">\n<p><iframe title=\"Instagram frame\" loading=\"lazy\" height=\"628\" class=\"instagram-embed-iframe\" src=\"https:\/\/www.canalrural.com.br\/sustentabilidade\/musica-para-vacas-tecnica-melhora-bem-estar-e-producao-no-campo\/about:blank\" allowtransparency=\"true\" frameborder=\"0\" scrolling=\"no\" onload=\"(function(o){window.instagramIframe = window.instagramIframe || []; window.instagramIframe.push(o);})(this)\" style=\"border: 0px; margin: 0 auto; max-width: 658px; width: calc(100% - 2px); border-radius: 4px; box-shadow: rgba(0, 0, 0, 0.498039) 0px 0px 1px 0px, rgba(0, 0, 0, 0.14902) 0px 1px 10px 0px; display: block; padding: 0px; background: rgb(255, 255, 255);\" data-rocket-lazyload=\"fitvidscompatible\" data-lazy-src=\"https:\/\/www.instagram.com\/reel\/DMiswpBxgsg\/embed\/\"><\/iframe><noscript><iframe title=\"Instagram frame\" loading=\"lazy\" height=\"628\" class=\"instagram-embed-iframe\" src=\"https:\/\/www.instagram.com\/reel\/DMiswpBxgsg\/embed\/\" allowtransparency=\"true\" frameborder=\"0\" scrolling=\"no\" onload=\"(function(o){window.instagramIframe = window.instagramIframe || []; window.instagramIframe.push(o);})(this)\" style=\"border: 0px; margin: 0 auto; max-width: 658px; width: calc(100% - 2px); border-radius: 4px; box-shadow: rgba(0, 0, 0, 0.498039) 0px 0px 1px 0px, rgba(0, 0, 0, 0.14902) 0px 1px 10px 0px; display: block; padding: 0px; background: rgb(255, 255, 255);\"><\/iframe><\/noscript><\/p>\n<\/figure><\/div>\n<p><script async src=\"\/\/www.instagram.com\/embed.js\"><\/script><br \/>\n<br \/><br \/>\n<br \/><a href=\"https:\/\/www.canalrural.com.br\/sustentabilidade\/musica-para-vacas-tecnica-melhora-bem-estar-e-producao-no-campo\/\">Source link <\/a><\/p>\n","protected":false},"excerpt":{"rendered":"<p>No s\u00edtio Queijo D\u2019Alagoa, no Sul de Minas, o produtor Osvaldo Martins, conhecido como Osvaldinho, encontrou uma forma curiosa e<\/p>\n","protected":false},"author":1,"featured_media":17435,"comment_status":"open","ping_status":"open","sticky":false,"template":"","format":"standard","meta":{"_monsterinsights_skip_tracking":false,"_monsterinsights_sitenote_active":false,"_monsterinsights_sitenote_note":"","_monsterinsights_sitenote_category":0,"_uf_show_specific_survey":0,"_uf_disable_surveys":false,"footnotes":""},"categories":[1],"tags":[],"class_list":["post-17434","post","type-post","status-publish","format-standard","has-post-thumbnail","hentry","category-news"],"_links":{"self":[{"href":"https:\/\/agromt.news\/index.php?rest_route=\/wp\/v2\/posts\/17434"}],"collection":[{"href":"https:\/\/agromt.news\/index.php?rest_route=\/wp\/v2\/posts"}],"about":[{"href":"https:\/\/agromt.news\/index.php?rest_route=\/wp\/v2\/types\/post"}],"author":[{"embeddable":true,"href":"https:\/\/agromt.news\/index.php?rest_route=\/wp\/v2\/users\/1"}],"replies":[{"embeddable":true,"href":"https:\/\/agromt.news\/index.php?rest_route=%2Fwp%2Fv2%2Fcomments&post=17434"}],"version-history":[{"count":0,"href":"https:\/\/agromt.news\/index.php?rest_route=\/wp\/v2\/posts\/17434\/revisions"}],"wp:featuredmedia":[{"embeddable":true,"href":"https:\/\/agromt.news\/index.php?rest_route=\/wp\/v2\/media\/17435"}],"wp:attachment":[{"href":"https:\/\/agromt.news\/index.php?rest_route=%2Fwp%2Fv2%2Fmedia&parent=17434"}],"wp:term":[{"taxonomy":"category","embeddable":true,"href":"https:\/\/agromt.news\/index.php?rest_route=%2Fwp%2Fv2%2Fcategories&post=17434"},{"taxonomy":"post_tag","embeddable":true,"href":"https:\/\/agromt.news\/index.php?rest_route=%2Fwp%2Fv2%2Ftags&post=17434"}],"curies":[{"name":"wp","href":"https:\/\/api.w.org\/{rel}","templated":true}]}}