{"id":17432,"date":"2025-07-25T15:00:38","date_gmt":"2025-07-25T19:00:38","guid":{"rendered":"https:\/\/agromt.news\/?p=17432"},"modified":"2025-07-25T15:00:38","modified_gmt":"2025-07-25T19:00:38","slug":"faesp-ve-prejuizo-aos-produtores-com-iof-nas-lcas","status":"publish","type":"post","link":"https:\/\/agromt.news\/?p=17432","title":{"rendered":"Faesp v\u00ea preju\u00edzo aos produtores com IOF nas LCAs"},"content":{"rendered":"<p> <br \/>\n<\/p>\n<div>\n<p>A Federa\u00e7\u00e3o de Agricultura e Pecu\u00e1ria de S\u00e3o Paulo (Faesp) critica a decis\u00e3o do Supremo Tribunal Federal (STF) de manter parcialmente o decreto do governo federal permitindo aumento do Imposto sobre Opera\u00e7\u00f5es Financeiras <strong><a href=\"http:\/\/www.canalrural.com.br\/tag\/iof\/\">(IOF)<\/a><\/strong>.<\/p>\n<p>A Faesp manifesta rep\u00fadio \u00e0 decis\u00e3o que manteve de forma expressiva os efeitos do decreto presidencial que alterou as regras sobre o IOF impactando diretamente, e a\u00ed est\u00e1 o ponto, as Letras de Cr\u00e9dito do Agroneg\u00f3cios (LCAs). A medida, de acordo com o presidente da entidade, Tirso de Sales Meirelles, representa um duro golpe ao financiamento rural, especialmente em um momento de elevado custo do cr\u00e9dito, margens apertadas, crescente inseguran\u00e7a jur\u00eddica para quem produz.<\/p>\n<p>As LCAs s\u00e3o instrumentos fundamentais para a sustenta\u00e7\u00e3o do setor agropecu\u00e1rio, permitindo acesso a recursos com condi\u00e7\u00f5es menos onerosas. Ao serem oneradas com incid\u00eancia de IOF perdem competitividade, afastam investidores e comprometem o fluxo de capital que movimenta o campo, afirma a Faesp.<\/p>\n<p>Meirelles nos diz que, em um pa\u00eds onde os impostos n\u00e3o s\u00e3o revertidos em melhoria da qualidade de vida do cidad\u00e3o, usar IOF como fonte arrecadadora para alimentar a m\u00e1quina descontrolada de gastos \u00e9 temer\u00e1rio. Acrescida aos impostos j\u00e1 pagos pela popula\u00e7\u00e3o brasileira, as taxas atingem patamar de aproximadamente 40% diretos, colocando em risco a qualidade da cadeia produtiva n\u00e3o apenas do setor agropecu\u00e1rio.<\/p>\n<p>O posicionamento da Faesp prossegue considerando ser inadmiss\u00edvel que uma decis\u00e3o com tamanho impacto seja tomada sem a devida considera\u00e7\u00e3o das consequ\u00eancias econ\u00f4micas e sociais para o meio rural.<\/p>\n<\/div>\n<div>\n<p>O agroneg\u00f3cio paulista responde por cerca de 20% do PIB agropecu\u00e1rio nacional, depende de pol\u00edticas que incentivem a produ\u00e7\u00e3o e n\u00e3o de medidas que dificultem o financiamento e estrangulem os produtores.<\/p>\n<p>Portanto, a Faesp est\u00e1 veementemente contr\u00e1ria a essa decis\u00e3o e informa que ir\u00e1 buscar junto \u00e0s inst\u00e2ncias competentes o di\u00e1logo necess\u00e1rio para reverter os efeitos dessa medida e reafirma seu compromisso com produtores rurais do estado de S\u00e3o Paulo, que podem ser penalizados por decis\u00f5es de desconsideram a realidade do setor agropecu\u00e1rio.<\/p>\n<p>Portanto, essa \u00e9 a manifesta\u00e7\u00e3o da Faesp sobre o impacto do IOF, principalmente sobre as LCAs. Sem d\u00favida, o estado de S\u00e3o Paulo ainda tem com os problemas dos tarifa\u00e7os, n\u00f3s temos aqui a maior agroindustrializa\u00e7\u00e3o do agro brasileira, quando colocamos a agroindustrializa\u00e7\u00e3o no setor financeiro \u00e9 o maior sistema de agro do pa\u00eds e tem a\u00ed esse outro grave assunto a tratar que \u00e9 impacto na ind\u00fastria, no com\u00e9rcio, e nos servi\u00e7os a partir das guerras tarif\u00e1rias.<\/p>\n<p>Portanto, impostos dentro do pa\u00eds, tarifa\u00e7os de fora para dentro, subs\u00eddios aqui e ali, realmente o setor produtivo precisa estar muito bem organizado, orquestrado e representado.<\/p>\n<div class=\"wp-block-media-text is-stacked-on-mobile\">\n<figure class=\"wp-block-media-text__media\"><img fetchpriority=\"high\" decoding=\"async\" width=\"982\" height=\"1024\" src=\"https:\/\/agromt.news\/wp-content\/uploads\/2025\/05\/Antes-e-pos-porteira-das-fazendas-crescem-no-primeiro-trimestre-do.png\" alt=\"Jos\u00e9 Tejon\" class=\"wp-image-4103023 size-full\"  \/><\/figure>\n<div class=\"wp-block-media-text__content\">\n<p>*Jos\u00e9<strong>\u00a0Luiz\u00a0Tejon<\/strong><em>\u00a0\u00e9\u00a0jornalista e publicit\u00e1rio,\u00a0doutor em Educa\u00e7\u00e3o pela Universidad de La Empresa\/Uruguai e mestre em Educa\u00e7\u00e3o Arte e Hist\u00f3ria da Cultura pela Universidade Mackenzie.<\/em><\/p>\n<\/div>\n<\/div>\n<hr class=\"wp-block-separator has-alpha-channel-opacity\"\/>\n<p><em>O\u00a0<strong>Canal Rural<\/strong>\u00a0n\u00e3o se responsabiliza pelas opini\u00f5es e conceitos emitidos nos textos desta sess\u00e3o, sendo os conte\u00fados de inteira responsabilidade de seus autores. A empresa se reserva o direito de fazer ajustes no texto para adequa\u00e7\u00e3o \u00e0s normas de publica\u00e7\u00e3o.<\/em><\/p>\n<\/p><\/div>\n<p><br \/>\n<br \/><a href=\"https:\/\/www.canalrural.com.br\/opiniao-noticias\/faesp-ve-prejuizo-aos-produtores-com-iof-nas-lcas\/\">Source link <\/a><\/p>\n","protected":false},"excerpt":{"rendered":"<p>A Federa\u00e7\u00e3o de Agricultura e Pecu\u00e1ria de S\u00e3o Paulo (Faesp) critica a decis\u00e3o do Supremo Tribunal Federal (STF) de manter<\/p>\n","protected":false},"author":1,"featured_media":15900,"comment_status":"open","ping_status":"open","sticky":false,"template":"","format":"standard","meta":{"_monsterinsights_skip_tracking":false,"_monsterinsights_sitenote_active":false,"_monsterinsights_sitenote_note":"","_monsterinsights_sitenote_category":0,"_uf_show_specific_survey":0,"_uf_disable_surveys":false,"footnotes":""},"categories":[1],"tags":[],"class_list":["post-17432","post","type-post","status-publish","format-standard","has-post-thumbnail","hentry","category-news"],"_links":{"self":[{"href":"https:\/\/agromt.news\/index.php?rest_route=\/wp\/v2\/posts\/17432"}],"collection":[{"href":"https:\/\/agromt.news\/index.php?rest_route=\/wp\/v2\/posts"}],"about":[{"href":"https:\/\/agromt.news\/index.php?rest_route=\/wp\/v2\/types\/post"}],"author":[{"embeddable":true,"href":"https:\/\/agromt.news\/index.php?rest_route=\/wp\/v2\/users\/1"}],"replies":[{"embeddable":true,"href":"https:\/\/agromt.news\/index.php?rest_route=%2Fwp%2Fv2%2Fcomments&post=17432"}],"version-history":[{"count":0,"href":"https:\/\/agromt.news\/index.php?rest_route=\/wp\/v2\/posts\/17432\/revisions"}],"wp:featuredmedia":[{"embeddable":true,"href":"https:\/\/agromt.news\/index.php?rest_route=\/wp\/v2\/media\/15900"}],"wp:attachment":[{"href":"https:\/\/agromt.news\/index.php?rest_route=%2Fwp%2Fv2%2Fmedia&parent=17432"}],"wp:term":[{"taxonomy":"category","embeddable":true,"href":"https:\/\/agromt.news\/index.php?rest_route=%2Fwp%2Fv2%2Fcategories&post=17432"},{"taxonomy":"post_tag","embeddable":true,"href":"https:\/\/agromt.news\/index.php?rest_route=%2Fwp%2Fv2%2Ftags&post=17432"}],"curies":[{"name":"wp","href":"https:\/\/api.w.org\/{rel}","templated":true}]}}