{"id":17427,"date":"2025-07-25T13:20:03","date_gmt":"2025-07-25T17:20:03","guid":{"rendered":"https:\/\/agromt.news\/?p=17427"},"modified":"2025-07-25T13:20:03","modified_gmt":"2025-07-25T17:20:03","slug":"milho-sobe-na-b3-com-atraso-na-colheita","status":"publish","type":"post","link":"https:\/\/agromt.news\/?p=17427","title":{"rendered":"Milho sobe na B3 com atraso na colheita"},"content":{"rendered":"<p> <br \/>\n<\/p>\n<div>\n<p>Os contratos futuros de <a href=\"https:\/\/www.agrolink.com.br\/culturas\/milho?utm_source=agrolink-detalhe-noticia&amp;utm_medium=detalhe-noticia&amp;utm_campaign=links-internos&#9;\" target=\"_blank\" rel=\"noopener\">milho<\/a> fecharam em alta nesta quinta-feira (25) na B3, impulsionados pelo atraso na colheita e pela dificuldade de origina\u00e7\u00e3o de volumes para exporta\u00e7\u00e3o. Segundo a TF Agroecon\u00f4mica, mesmo com o <a href=\"https:\/\/www.agrolink.com.br\/culturas\/milho?utm_source=agrolink-detalhe-noticia&amp;utm_medium=detalhe-noticia&amp;utm_campaign=links-internos&#9;\" target=\"_blank\" rel=\"noopener\">milho<\/a> americano ainda mais competitivo no mercado global, a lentid\u00e3o da colheita em algumas regi\u00f5es brasileiras tem acirrado as negocia\u00e7\u00f5es internas, sustentando os pre\u00e7os. Al\u00e9m disso, o mercado nacional acompanhou a recupera\u00e7\u00e3o nas cota\u00e7\u00f5es da Bolsa de Chicago.&#13;\n<\/p>\n<p>Na B3, o vencimento setembro\/25 encerrou o dia cotado a R$ 65,28, com alta de R$ 0,18 no dia e de R$ 1,83 na semana. O contrato novembro\/25 subiu R$ 0,03, para R$ 68,21, acumulando alta de R$ 1,24 na semana. J\u00e1 o janeiro\/26 recuou R$ 0,07 no dia, fechando em R$ 72,04, mas ainda registra avan\u00e7o de R$ 0,74 na semana. Apesar da queda no acumulado mensal, o indicador Cepea mostra sinais de recupera\u00e7\u00e3o na \u00faltima semana.&#13;\n<\/p>\n<p>Em Chicago, os pre\u00e7os tamb\u00e9m subiram ap\u00f3s tr\u00eas sess\u00f5es de baixa. O contrato setembro\/24, refer\u00eancia para a safrinha brasileira, subiu 0,82% (US$ 3,25), encerrando a US$ 401,75\/bushel. O dezembro\/24 avan\u00e7ou 0,84% (US$ 3,25), fechando a US\\$ 420,75\/bushel. A alta foi motivada por uma demanda mais forte pelo milho americano, com destaque para vendas da safra velha, que mais que dobraram em rela\u00e7\u00e3o \u00e0 semana anterior. Vendas extras somaram 419 mil toneladas. Na Argentina, a Bolsa de Cereais de Buenos Aires informou que a colheita de milho atingiu 84% da \u00e1rea apta, com avan\u00e7o de 5,1 pontos percentuais em sete dias. As informa\u00e7\u00f5es foram divulgadas nesta manh\u00e3.<br \/>&#13;<br \/>\n\u00a0&#13;\n<\/p>\n<\/p><\/div>\n<p><script data-cfasync=\"false\">\n    !function (f, b, e, v, n, t, s) {\n        if (f.fbq) return; n = f.fbq = function () {\n            n.callMethod ?\n                n.callMethod.apply(n, arguments) : n.queue.push(arguments)\n        };\n        if (!f._fbq) f._fbq = n; n.push = n; n.loaded = !0; n.version = '2.0';\n        n.queue = []; t = b.createElement(e); t.async = !0;\n        t.src = v; s = b.getElementsByTagName(e)[0];\n        s.parentNode.insertBefore(t, s)\n    }(window, document, 'script',\n        'https:\/\/connect.facebook.net\/en_US\/fbevents.js');\n    fbq('init', '522546078623747');\n    fbq('track', 'PageView');\n<\/script><br \/>\n<br \/><br \/>\n<br \/><a href=\"https:\/\/www.agrolink.com.br\/noticias\/milho-sobe-na-b3-com-atraso-na-colheita_504301.html\">Source link <\/a><\/p>\n","protected":false},"excerpt":{"rendered":"<p>Os contratos futuros de milho fecharam em alta nesta quinta-feira (25) na B3, impulsionados pelo atraso na colheita e pela<\/p>\n","protected":false},"author":1,"featured_media":2009,"comment_status":"open","ping_status":"open","sticky":false,"template":"","format":"standard","meta":{"_monsterinsights_skip_tracking":false,"_monsterinsights_sitenote_active":false,"_monsterinsights_sitenote_note":"","_monsterinsights_sitenote_category":0,"_uf_show_specific_survey":0,"_uf_disable_surveys":false,"footnotes":""},"categories":[8,1,14],"tags":[],"class_list":["post-17427","post","type-post","status-publish","format-standard","has-post-thumbnail","hentry","category-agro","category-news","category-politica-agro"],"_links":{"self":[{"href":"https:\/\/agromt.news\/index.php?rest_route=\/wp\/v2\/posts\/17427"}],"collection":[{"href":"https:\/\/agromt.news\/index.php?rest_route=\/wp\/v2\/posts"}],"about":[{"href":"https:\/\/agromt.news\/index.php?rest_route=\/wp\/v2\/types\/post"}],"author":[{"embeddable":true,"href":"https:\/\/agromt.news\/index.php?rest_route=\/wp\/v2\/users\/1"}],"replies":[{"embeddable":true,"href":"https:\/\/agromt.news\/index.php?rest_route=%2Fwp%2Fv2%2Fcomments&post=17427"}],"version-history":[{"count":0,"href":"https:\/\/agromt.news\/index.php?rest_route=\/wp\/v2\/posts\/17427\/revisions"}],"wp:featuredmedia":[{"embeddable":true,"href":"https:\/\/agromt.news\/index.php?rest_route=\/wp\/v2\/media\/2009"}],"wp:attachment":[{"href":"https:\/\/agromt.news\/index.php?rest_route=%2Fwp%2Fv2%2Fmedia&parent=17427"}],"wp:term":[{"taxonomy":"category","embeddable":true,"href":"https:\/\/agromt.news\/index.php?rest_route=%2Fwp%2Fv2%2Fcategories&post=17427"},{"taxonomy":"post_tag","embeddable":true,"href":"https:\/\/agromt.news\/index.php?rest_route=%2Fwp%2Fv2%2Ftags&post=17427"}],"curies":[{"name":"wp","href":"https:\/\/api.w.org\/{rel}","templated":true}]}}