{"id":17425,"date":"2025-07-25T12:02:15","date_gmt":"2025-07-25T16:02:15","guid":{"rendered":"https:\/\/agromt.news\/?p=17425"},"modified":"2025-07-25T12:02:15","modified_gmt":"2025-07-25T16:02:15","slug":"previa-da-inflacao-acelera-para-033-em-julho","status":"publish","type":"post","link":"https:\/\/agromt.news\/?p=17425","title":{"rendered":"Pr\u00e9via da infla\u00e7\u00e3o acelera para 0,33% em julho"},"content":{"rendered":"<p> <br \/>\n<br \/><img decoding=\"async\" src=\"https:\/\/agromt.news\/wp-content\/uploads\/2024\/09\/conta-de-luz.jpg\" \/><\/p>\n<div>\n<p>A bandeira vermelha na conta de luz e reajustes de tarifas em cinco capitais pressionaram o bolso do brasileiro em julho, fazendo com que a pr\u00e9via da infla\u00e7\u00e3o ficasse em 0,33%, acima do registrado em junho (0,26%).<\/p>\n<p>Ao mesmo tempo, o pre\u00e7o dos alimentos \u2013 um vil\u00e3o da infla\u00e7\u00e3o nos \u00faltimos meses \u2013 caiu pelo segundo m\u00eas seguido, ajudando a segurar o \u00cdndice Nacional de Pre\u00e7os ao Consumidor Amplo 15 (IPCA-15), que mede a pr\u00e9via da infla\u00e7\u00e3o oficial.<\/p>\n<p><em>Veja em primeira m\u00e3o tudo sobre agricultura, pecu\u00e1ria, economia e previs\u00e3o do tempo:<\/em><a href=\"https:\/\/news.google.com\/publications\/CAAqBwgKMPKZlQswq_mqAw?hl=pt-BR&amp;gl=BR&amp;ceid=BR%3Apt-419\" target=\"_blank\" rel=\"noreferrer noopener\"><em>\u00a0siga o Canal Rural no Google News!<\/em><\/a><\/p>\n<p>Os dados foram divulgados nesta sexta-feira (25), no Rio de Janeiro, pelo Instituto Brasileiro de Geografia e Estat\u00edstica (IBGE). Com o resultado, o IPCA-15 acumula 5,3% nos \u00faltimos 12 meses, acima da meta do governo, que tolera at\u00e9 4,5%. Em julho de 2024, o IPCA-15 tinha sido de 0,30%.<\/p>\n<p>Dos nove grupos de produtos e servi\u00e7os pesquisados pelo IBGE, cinco tiveram alta em julho.<\/p>\n<p>Confira resultados e impactos em pontos percentuais (p.p.)<\/p>\n<ul class=\"wp-block-list\">\n<li>Alimenta\u00e7\u00e3o e bebidas: -0,06% (-0,01 p.p.)<\/li>\n<li>Habita\u00e7\u00e3o: 0,98% (0,15 p.p.)<\/li>\n<li>Artigos de resid\u00eancia: -0,02% (0 p.p.)<\/li>\n<li>Vestu\u00e1rio: -0,10% (0 p.p.)<\/li>\n<li>Transportes: 0,67% (0,13 p.p.)<\/li>\n<li>Sa\u00fade e cuidados pessoais: 0,21% (0,03 p.p.)<\/li>\n<li>Despesas pessoais: 0,25% (0,03 p.p.)<\/li>\n<li>Educa\u00e7\u00e3o: 0,00% (0 p.p.)<\/li>\n<li>Comunica\u00e7\u00e3o: 0,11% (0 p.p.)<\/li>\n<\/ul>\n<h2 class=\"wp-block-heading\" id=\"h-conta-de-luz\">Conta de luz<\/h2>\n<p>Apesar de ter sido o maior impacto de alta na pr\u00e9via da infla\u00e7\u00e3o, a subida de 0,98% do grupo habita\u00e7\u00e3o desacelerou ante junho, quando marcou (1,08%). Agora em julho, o grupo foi pressionado pela energia el\u00e9trica residencial, que subiu 3,01%, sendo o subitem com maior impacto positivo de todo o IPCA-15.<\/p>\n<p>A culpa desse aumento situa-se na bandeira tarif\u00e1ria vermelha patamar 1, determinada pelo governo para custear usinas termel\u00e9tricas em tempos de baixa nos reservat\u00f3rios das hidrel\u00e9tricas. Iniciada em junho, a cobran\u00e7a adicional de R$ 4,46 a cada 100 quilowatts-hora (kWh) consumidos foi mantida em julho. No m\u00eas passado, a energia residencial subiu 3,29%.<\/p>\n<\/div>\n<div>\n<p>O subitem foi pressionado tamb\u00e9m por reajustes nas contas em Belo Horizonte, Porto Alegre, Curitiba, S\u00e3o Paulo e Rio de Janeiro. Como o IPCA-15 \u00e9 nacional, esses aumentos regionais se refletem no \u00edndice.<\/p>\n<h2 class=\"wp-block-heading\" id=\"h-alimentos\">Alimentos<\/h2>\n<p>Depois de terem recuado 0,02% em junho, os alimentos ca\u00edram novamente em julho, desta vez, 0,06%. As quedas da batata-inglesa (-10,48%), cebola (-9,08%) e <a href=\"https:\/\/www.canalrural.com.br\/agricultura\/brasil-exporta-3892-mil-toneladas-de-arroz-no-primeiro-semestre-de-2025\/\">arroz <\/a>(-2,69%) foram as que mais puxaram para baixo o resultado.<\/p>\n<p>Antes desses dois recuos, o pre\u00e7o da comida tem sido um grande vil\u00e3o, tanto que acumula alta de 7,36% em 12 meses, se configurando o grupo de maior varia\u00e7\u00e3o em todo o IPCA-15. Um dos fatores que t\u00eam ajudado a baixar os custos \u00e9 a safra brasileira, com previs\u00e3o de ser recorde.<\/p>\n<h2 class=\"wp-block-heading\" id=\"h-transportes\">Transportes<\/h2>\n<p>No grupo transportes, a alta de 0,67% foi impulsionada pelas passagens a\u00e9reas, que subiram 19,86% (impacto de 0,11 p.p.) e pelos servi\u00e7os de carros de aplicativo ((14,55% e 0,03 p.p.).<\/p>\n<p>J\u00e1 os combust\u00edveis trouxeram al\u00edvio com recuo de 0,57%. Ca\u00edram os pre\u00e7os do g\u00e1s veicular (-1,21%), diesel (-1,09%), etanol (-0,83%) e gasolina (-0,50%). Como a gasolina \u00e9 o subitem com maior representatividade na cesta de consumo dos brasileiros, o resultado de julho fez com que representasse o recuo com mais peso de todo o IPCA-15 (-0,03 p.p.)<\/p>\n<h2 class=\"wp-block-heading\" id=\"h-ipca-15\">IPCA-15<\/h2>\n<p>O IPCA-15 tem basicamente a mesma metodologia do IPCA, a chamada infla\u00e7\u00e3o oficial, que serve de base para a pol\u00edtica de meta de infla\u00e7\u00e3o do governo: 3% em 12 meses, com margem de toler\u00e2ncia de 1,5 p.p. para mais ou para menos.<\/p>\n<p>A diferen\u00e7a est\u00e1 no per\u00edodo de coleta de pre\u00e7os e na abrang\u00eancia geogr\u00e1fica. Na pr\u00e9via, a pesquisa \u00e9 feita e divulgada antes mesmo de acabar o m\u00eas de refer\u00eancia. Em rela\u00e7\u00e3o \u00e0 divulga\u00e7\u00e3o atual, o per\u00edodo de coleta foi de 14 de junho a 15 de julho.<\/p>\n<p>Ambos os \u00edndices levam em considera\u00e7\u00e3o uma cesta de produtos e servi\u00e7os para fam\u00edlias com rendimentos entre um e 40 sal\u00e1rios m\u00ednimos. Atualmente o valor do m\u00ednimo \u00e9 R$ 1.518.<\/p>\n<p>O IPCA-15 coleta pre\u00e7os em 11 cidades do pa\u00eds (as regi\u00f5es metropolitanas do Rio de Janeiro, Porto Alegre, Belo Horizonte, Recife, S\u00e3o Paulo, Bel\u00e9m, Fortaleza, Salvador e Curitiba, al\u00e9m de Bras\u00edlia e Goi\u00e2nia.); e o IPCA, 16 localidades (Vit\u00f3ria, Campo Grande, Rio Branco, S\u00e3o Lu\u00eds e Aracaju). O IPCA cheio de julho ser\u00e1 divulgado em 12 de agosto.<\/p>\n<\/p><\/div>\n<p><br \/>\n<br \/><a href=\"https:\/\/www.canalrural.com.br\/economia\/previa-da-inflacao-acelera-pra-033-em-julho\/\">Source link <\/a><\/p>\n","protected":false},"excerpt":{"rendered":"<p>A bandeira vermelha na conta de luz e reajustes de tarifas em cinco capitais pressionaram o bolso do brasileiro em<\/p>\n","protected":false},"author":1,"featured_media":2408,"comment_status":"open","ping_status":"open","sticky":false,"template":"","format":"standard","meta":{"_monsterinsights_skip_tracking":false,"_monsterinsights_sitenote_active":false,"_monsterinsights_sitenote_note":"","_monsterinsights_sitenote_category":0,"_uf_show_specific_survey":0,"_uf_disable_surveys":false,"footnotes":""},"categories":[1],"tags":[],"class_list":["post-17425","post","type-post","status-publish","format-standard","has-post-thumbnail","hentry","category-news"],"_links":{"self":[{"href":"https:\/\/agromt.news\/index.php?rest_route=\/wp\/v2\/posts\/17425"}],"collection":[{"href":"https:\/\/agromt.news\/index.php?rest_route=\/wp\/v2\/posts"}],"about":[{"href":"https:\/\/agromt.news\/index.php?rest_route=\/wp\/v2\/types\/post"}],"author":[{"embeddable":true,"href":"https:\/\/agromt.news\/index.php?rest_route=\/wp\/v2\/users\/1"}],"replies":[{"embeddable":true,"href":"https:\/\/agromt.news\/index.php?rest_route=%2Fwp%2Fv2%2Fcomments&post=17425"}],"version-history":[{"count":0,"href":"https:\/\/agromt.news\/index.php?rest_route=\/wp\/v2\/posts\/17425\/revisions"}],"wp:featuredmedia":[{"embeddable":true,"href":"https:\/\/agromt.news\/index.php?rest_route=\/wp\/v2\/media\/2408"}],"wp:attachment":[{"href":"https:\/\/agromt.news\/index.php?rest_route=%2Fwp%2Fv2%2Fmedia&parent=17425"}],"wp:term":[{"taxonomy":"category","embeddable":true,"href":"https:\/\/agromt.news\/index.php?rest_route=%2Fwp%2Fv2%2Fcategories&post=17425"},{"taxonomy":"post_tag","embeddable":true,"href":"https:\/\/agromt.news\/index.php?rest_route=%2Fwp%2Fv2%2Ftags&post=17425"}],"curies":[{"name":"wp","href":"https:\/\/api.w.org\/{rel}","templated":true}]}}