{"id":17423,"date":"2025-07-25T11:32:54","date_gmt":"2025-07-25T15:32:54","guid":{"rendered":"https:\/\/agromt.news\/?p=17423"},"modified":"2025-07-25T11:32:54","modified_gmt":"2025-07-25T15:32:54","slug":"trump-diz-que-ha-50-de-chance-de-fechar-acordo-com-uniao-europeia","status":"publish","type":"post","link":"https:\/\/agromt.news\/?p=17423","title":{"rendered":"Trump diz que h\u00e1 50% de chance de fechar acordo com Uni\u00e3o Europeia"},"content":{"rendered":"<p> <br \/>\n<br \/><img decoding=\"async\" src=\"https:\/\/agromt.news\/wp-content\/uploads\/2024\/11\/Na-Franca-agricultores-fazem-mobilizacoes-contra-acordo-Mercosul-UE.jpg\" \/><\/p>\n<div>\n<p>Donald Trump afirmou, nesta sexta-feira (25), que as chances de fechar um <a href=\"https:\/\/www.canalrural.com.br\/economia\/eua-e-uniao-europeia-estao-perto-de-fechar-um-acordo-comercial\/\">acordo comercial com a Uni\u00e3o Europeia<\/a> antes da entrada em vigor das novas tarifas em 1\u00ba de agosto s\u00e3o de apenas 50%, podendo ser at\u00e9 menores.<\/p>\n<p>Trump comentou a situa\u00e7\u00e3o pouco antes de embarcar para uma viagem \u00e0 Esc\u00f3cia, indicando que a probabilidade de sucesso nas negocia\u00e7\u00f5es \u00e9 incerta. Segundo ele, qualquer acordo teria que resultar em uma redu\u00e7\u00e3o <em>(\u201cbuy down\u201d<\/em>) da tarifa de 30% prevista para ser aplicada ao bloco dos 27 pa\u00edses europeus.<\/p>\n<\/div>\n<div>\n<p>O presidente tamb\u00e9m destacou que, anteriormente, avaliava em apenas 25% as chances de um acordo comercial com o Jap\u00e3o, mas, mesmo assim, os dois pa\u00edses anunciaram um entendimento nesta semana. O cen\u00e1rio, portanto, segue aberto e pressionado pelo prazo, com os riscos de tarifas mais altas caso n\u00e3o se chegue a um consenso com a Uni\u00e3o Europeia.<\/p>\n<\/p><\/div>\n<p><br \/>\n<br \/><a href=\"https:\/\/www.canalrural.com.br\/economia\/trump-diz-que-ha-50-de-chance-de-fechar-acordo-com-uniao-europeia\/\">Source link <\/a><\/p>\n","protected":false},"excerpt":{"rendered":"<p>Donald Trump afirmou, nesta sexta-feira (25), que as chances de fechar um acordo comercial com a Uni\u00e3o Europeia antes da<\/p>\n","protected":false},"author":1,"featured_media":5161,"comment_status":"open","ping_status":"open","sticky":false,"template":"","format":"standard","meta":{"_monsterinsights_skip_tracking":false,"_monsterinsights_sitenote_active":false,"_monsterinsights_sitenote_note":"","_monsterinsights_sitenote_category":0,"_uf_show_specific_survey":0,"_uf_disable_surveys":false,"footnotes":""},"categories":[1],"tags":[],"class_list":["post-17423","post","type-post","status-publish","format-standard","has-post-thumbnail","hentry","category-news"],"_links":{"self":[{"href":"https:\/\/agromt.news\/index.php?rest_route=\/wp\/v2\/posts\/17423"}],"collection":[{"href":"https:\/\/agromt.news\/index.php?rest_route=\/wp\/v2\/posts"}],"about":[{"href":"https:\/\/agromt.news\/index.php?rest_route=\/wp\/v2\/types\/post"}],"author":[{"embeddable":true,"href":"https:\/\/agromt.news\/index.php?rest_route=\/wp\/v2\/users\/1"}],"replies":[{"embeddable":true,"href":"https:\/\/agromt.news\/index.php?rest_route=%2Fwp%2Fv2%2Fcomments&post=17423"}],"version-history":[{"count":0,"href":"https:\/\/agromt.news\/index.php?rest_route=\/wp\/v2\/posts\/17423\/revisions"}],"wp:featuredmedia":[{"embeddable":true,"href":"https:\/\/agromt.news\/index.php?rest_route=\/wp\/v2\/media\/5161"}],"wp:attachment":[{"href":"https:\/\/agromt.news\/index.php?rest_route=%2Fwp%2Fv2%2Fmedia&parent=17423"}],"wp:term":[{"taxonomy":"category","embeddable":true,"href":"https:\/\/agromt.news\/index.php?rest_route=%2Fwp%2Fv2%2Fcategories&post=17423"},{"taxonomy":"post_tag","embeddable":true,"href":"https:\/\/agromt.news\/index.php?rest_route=%2Fwp%2Fv2%2Ftags&post=17423"}],"curies":[{"name":"wp","href":"https:\/\/api.w.org\/{rel}","templated":true}]}}