{"id":17414,"date":"2025-07-25T10:16:58","date_gmt":"2025-07-25T14:16:58","guid":{"rendered":"https:\/\/agromt.news\/?p=17414"},"modified":"2025-07-25T10:16:58","modified_gmt":"2025-07-25T14:16:58","slug":"cotacoes-seguem-em-queda-mas-menos-intensas","status":"publish","type":"post","link":"https:\/\/agromt.news\/?p=17414","title":{"rendered":"cota\u00e7\u00f5es seguem em queda, mas menos intensas"},"content":{"rendered":"<p> <br \/>\n<br \/><img decoding=\"async\" src=\"https:\/\/agromt.news\/wp-content\/uploads\/2025\/03\/Carne-de-frango-perde-competitividade-frente-a-bovina-e-suina.jpg\" \/><\/p>\n<div>\n<p>Apesar de ainda estarem pressionadas, as cota\u00e7\u00f5es da carne de frango registraram melhoras neste m\u00eas de junho.\u00c9 isso o que apontam os levantamentos do <a href=\"https:\/\/www.canalrural.com.br\/tag\/cepea\/\">Centro de Estudos Avan\u00e7ados em Economia Aplicada (Cepea).<\/a><\/p>\n<p>As importa\u00e7\u00f5es da carne de frango brasileira ocorre gradualmente ap\u00f3s o pa\u00eds ser considerado livre da gripe avi\u00e1ria pela Organiza\u00e7\u00e3o Mundial de Sa\u00fade Animal (OMSA). Dessa forma, ainda h\u00e1 descompasso entre a oferta e a demanda no mercado nacional.\u00a0<\/p>\n<\/div>\n<div>\n<p>Ainda assim, segundo o instituto, as quedas observadas neste m\u00eas s\u00e3o mais brandas em compara\u00e7\u00e3o com o intervalo entre maio e junho. Neste intervalo, o pre\u00e7o da carne de frango resfriada havia registrado recuo expressivo de 13,4%.\u00a0<\/p>\n<p>Pesquisadores ressaltam que, em julho, al\u00e9m do impacto das f\u00e9rias escolares, o per\u00edodo de fim de m\u00eas intensifica a press\u00e3o sobre os valores da carne.<\/p>\n<p>*Sob supervis\u00e3o de Luis Roberto Toledo<\/p>\n<\/p><\/div>\n<p><br \/>\n<br \/><a href=\"https:\/\/www.canalrural.com.br\/aves-e-suinos\/frango-cotacoes-seguem-em-queda-mas-menos-intensas\/\">Source link <\/a><\/p>\n","protected":false},"excerpt":{"rendered":"<p>Apesar de ainda estarem pressionadas, as cota\u00e7\u00f5es da carne de frango registraram melhoras neste m\u00eas de junho.\u00c9 isso o que<\/p>\n","protected":false},"author":1,"featured_media":11269,"comment_status":"open","ping_status":"open","sticky":false,"template":"","format":"standard","meta":{"_monsterinsights_skip_tracking":false,"_monsterinsights_sitenote_active":false,"_monsterinsights_sitenote_note":"","_monsterinsights_sitenote_category":0,"_uf_show_specific_survey":0,"_uf_disable_surveys":false,"footnotes":""},"categories":[1],"tags":[],"class_list":["post-17414","post","type-post","status-publish","format-standard","has-post-thumbnail","hentry","category-news"],"_links":{"self":[{"href":"https:\/\/agromt.news\/index.php?rest_route=\/wp\/v2\/posts\/17414"}],"collection":[{"href":"https:\/\/agromt.news\/index.php?rest_route=\/wp\/v2\/posts"}],"about":[{"href":"https:\/\/agromt.news\/index.php?rest_route=\/wp\/v2\/types\/post"}],"author":[{"embeddable":true,"href":"https:\/\/agromt.news\/index.php?rest_route=\/wp\/v2\/users\/1"}],"replies":[{"embeddable":true,"href":"https:\/\/agromt.news\/index.php?rest_route=%2Fwp%2Fv2%2Fcomments&post=17414"}],"version-history":[{"count":0,"href":"https:\/\/agromt.news\/index.php?rest_route=\/wp\/v2\/posts\/17414\/revisions"}],"wp:featuredmedia":[{"embeddable":true,"href":"https:\/\/agromt.news\/index.php?rest_route=\/wp\/v2\/media\/11269"}],"wp:attachment":[{"href":"https:\/\/agromt.news\/index.php?rest_route=%2Fwp%2Fv2%2Fmedia&parent=17414"}],"wp:term":[{"taxonomy":"category","embeddable":true,"href":"https:\/\/agromt.news\/index.php?rest_route=%2Fwp%2Fv2%2Fcategories&post=17414"},{"taxonomy":"post_tag","embeddable":true,"href":"https:\/\/agromt.news\/index.php?rest_route=%2Fwp%2Fv2%2Ftags&post=17414"}],"curies":[{"name":"wp","href":"https:\/\/api.w.org\/{rel}","templated":true}]}}