{"id":17413,"date":"2025-07-25T09:59:05","date_gmt":"2025-07-25T13:59:05","guid":{"rendered":"https:\/\/agromt.news\/?p=17413"},"modified":"2025-07-25T09:59:05","modified_gmt":"2025-07-25T13:59:05","slug":"avanco-de-frente-fria-provoca-chuva-forte-e-ventos-de-ate-70-km","status":"publish","type":"post","link":"https:\/\/agromt.news\/?p=17413","title":{"rendered":"Avan\u00e7o de frente fria provoca chuva forte e ventos de at\u00e9 70 km"},"content":{"rendered":"<p> <br \/>\n<br \/><img decoding=\"async\" src=\"https:\/\/agromt.news\/wp-content\/uploads\/2025\/05\/Chuva-forte-tempestade.jpg\" \/><\/p>\n<div>\n<p>O tempo fica inst\u00e1vel nesta sexta-feira (25) entre o norte do Rio Grande do Sul e o leste do Paran\u00e1, com previs\u00e3o de pancadas de chuva de moderada a forte intensidade. A instabilidade \u00e9 provocada pela atua\u00e7\u00e3o de um sistema de baixa press\u00e3o sobre o Paraguai. O destaque fica para o norte do Paran\u00e1, onde o sol predomina e a umidade relativa do ar deve ficar abaixo de 30%. Outro ponto importante \u00e9 o vento no litoral do Rio Grande do Sul e de Santa Catarina, com rajadas entre 40 e 50 km\/h e picos de at\u00e9 70 km\/h no litoral norte ga\u00facho.<\/p>\n<div data-icp-cta=\"1\" id=\"icp-cta-unique\">Voc\u00ea quer entender como usar o clima a seu favor?<b> <\/b><a href=\"https:\/\/climacampo.canalrural.com.br\/climacampo_-01\">Preparamos um e-book exclusivo<\/a> para ajudar produtores rurais a se antecipar \u00e0s mudan\u00e7as do tempo e planejar melhor suas a\u00e7\u00f5es. Com base em previs\u00f5es meteorol\u00f3gicas confi\u00e1veis, ele oferece orienta\u00e7\u00f5es pr\u00e1ticas para proteger sua lavoura e otimizar seus resultados.<\/div>\n<p>No Sudeste, o vento \u00famido que sopra do mar para o continente favorece a ocorr\u00eancia de pancadas isoladas de chuva entre o centro e o litoral de S\u00e3o Paulo. Com o avan\u00e7o de uma frente fria, o tempo se torna mais inst\u00e1vel no sudeste de Minas Gerais, estado do Rio de Janeiro e extremo sul do Esp\u00edrito Santo, com previs\u00e3o de pancadas irregulares, localmente fortes. Entre o oeste de S\u00e3o Paulo e o centro-oeste de Minas, o predom\u00ednio \u00e9 de tempo seco, com umidade relativa do ar abaixo de 30%.<\/p>\n<p><em>Veja em primeira m\u00e3o tudo sobre agricultura, pecu\u00e1ria, economia e previs\u00e3o do tempo:<\/em><a href=\"https:\/\/news.google.com\/publications\/CAAqBwgKMPKZlQswq_mqAw?hl=pt-BR&amp;gl=BR&amp;ceid=BR%3Apt-419\" target=\"_blank\" rel=\"noreferrer noopener\"><em>\u00a0siga o Canal Rural no Google News!<\/em><\/a><\/p>\n<\/div>\n<div>\n<p>O tempo segue firme no Centro Oeste com o clima muito seco em Goi\u00e1s e no norte e interior de Mato Grosso. J\u00e1 no extremo sul de Mato Grosso do Sul, pode chover de forma isolada, mas sem risco de temporais. Nas demais \u00e1reas do estado, o tempo permanece firme e seco, com umidade relativa do ar abaixo de 30%. O alerta maior \u00e9 para a faixa que vai do norte de Mato Grosso do Sul ao norte de Goi\u00e1s, passando pelo leste de Mato Grosso, onde a queda da umidade \u00e9 mais significativa, ficando abaixo de 20%.<\/p>\n<p>Enquanto no Nordeste, a chuva permanece concentrada no litoral, com aten\u00e7\u00e3o para o sul e leste da Bahia e tamb\u00e9m entre o litoral de Alagoas e o Rio Grande do Norte. Nessas \u00e1reas, as pancadas podem ser de intensidade moderada a forte, associadas ao calor e \u00e0 entrada de ventos \u00famidos do oceano. No interior, o tempo segue firme e seco, com baixa umidade relativa do ar. O destaque fica para o oeste da Bahia, sul do Piau\u00ed e sul do Maranh\u00e3o, onde a umidade cai abaixo de 20%.<\/p>\n<p>Na Regi\u00e3o Norte, h\u00e1 previs\u00e3o de chuva forte entre Amazonas, Roraima e Amap\u00e1, com possibilidade de temporais no norte de Roraima. Em Manaus e Bel\u00e9m, as pancadas ocorrem de forma mais isolada e irregular. J\u00e1 no sul de Rond\u00f4nia e em Tocantins, o tempo segue seco, com alerta para umidade muito baixa em Palmas.<\/p>\n<\/p><\/div>\n<p><br \/>\n<br \/><a href=\"https:\/\/www.canalrural.com.br\/tempo\/avanco-de-frente-fria-provoca-chuva-forte-e-ventos-de-ate-70-km\/\">Source link <\/a><\/p>\n","protected":false},"excerpt":{"rendered":"<p>O tempo fica inst\u00e1vel nesta sexta-feira (25) entre o norte do Rio Grande do Sul e o leste do Paran\u00e1,<\/p>\n","protected":false},"author":1,"featured_media":13461,"comment_status":"open","ping_status":"open","sticky":false,"template":"","format":"standard","meta":{"_monsterinsights_skip_tracking":false,"_monsterinsights_sitenote_active":false,"_monsterinsights_sitenote_note":"","_monsterinsights_sitenote_category":0,"_uf_show_specific_survey":0,"_uf_disable_surveys":false,"footnotes":""},"categories":[1],"tags":[],"class_list":["post-17413","post","type-post","status-publish","format-standard","has-post-thumbnail","hentry","category-news"],"_links":{"self":[{"href":"https:\/\/agromt.news\/index.php?rest_route=\/wp\/v2\/posts\/17413"}],"collection":[{"href":"https:\/\/agromt.news\/index.php?rest_route=\/wp\/v2\/posts"}],"about":[{"href":"https:\/\/agromt.news\/index.php?rest_route=\/wp\/v2\/types\/post"}],"author":[{"embeddable":true,"href":"https:\/\/agromt.news\/index.php?rest_route=\/wp\/v2\/users\/1"}],"replies":[{"embeddable":true,"href":"https:\/\/agromt.news\/index.php?rest_route=%2Fwp%2Fv2%2Fcomments&post=17413"}],"version-history":[{"count":0,"href":"https:\/\/agromt.news\/index.php?rest_route=\/wp\/v2\/posts\/17413\/revisions"}],"wp:featuredmedia":[{"embeddable":true,"href":"https:\/\/agromt.news\/index.php?rest_route=\/wp\/v2\/media\/13461"}],"wp:attachment":[{"href":"https:\/\/agromt.news\/index.php?rest_route=%2Fwp%2Fv2%2Fmedia&parent=17413"}],"wp:term":[{"taxonomy":"category","embeddable":true,"href":"https:\/\/agromt.news\/index.php?rest_route=%2Fwp%2Fv2%2Fcategories&post=17413"},{"taxonomy":"post_tag","embeddable":true,"href":"https:\/\/agromt.news\/index.php?rest_route=%2Fwp%2Fv2%2Ftags&post=17413"}],"curies":[{"name":"wp","href":"https:\/\/api.w.org\/{rel}","templated":true}]}}