{"id":17408,"date":"2025-07-25T07:05:46","date_gmt":"2025-07-25T11:05:46","guid":{"rendered":"https:\/\/agromt.news\/?p=17408"},"modified":"2025-07-25T07:05:46","modified_gmt":"2025-07-25T11:05:46","slug":"agricultores-familiares-colhem-renda-e-sustentabilidade","status":"publish","type":"post","link":"https:\/\/agromt.news\/?p=17408","title":{"rendered":"Agricultores familiares colhem renda e sustentabilidade"},"content":{"rendered":"<p> <br \/>\n<br \/><img decoding=\"async\" src=\"https:\/\/agromt.news\/wp-content\/uploads\/2025\/07\/Agricultores-familiares-colhem-renda-e-sustentabilidade.png\" \/><\/p>\n<div>\n<p>Julho \u00e9 o m\u00eas de homenagear quem transforma a terra com as pr\u00f3prias m\u00e3os. Hoje (25), celebra-se o <a href=\"https:\/\/www.canalrural.com.br\/agricultura\/roca-sustentavel-aumenta-a-produtividade-da-agricultura-familiar\/\"><strong>Dia Internacional da Agricultura Familiar<\/strong>,<\/a> criado pela Organiza\u00e7\u00e3o das Na\u00e7\u00f5es Unidas para a Alimenta\u00e7\u00e3o e Agricultura (FAO) para reconhecer a import\u00e2ncia desses agricultores na seguran\u00e7a alimentar, gera\u00e7\u00e3o de renda e preserva\u00e7\u00e3o ambiental.<\/p>\n<p>Em Congonhinhas, Paran\u00e1 (PR), Helo\u00edsa de F\u00e1tima da Silva Campos, decidiu, junto com o marido, mudar a vida da fam\u00edlia. \u201cN\u00f3s come\u00e7amos a produzir hortifruti. E a nossa principal renda era o morango, e depois a gente plantou tomate, abobrinha, pepino, alface, repolho\u201d, conta.<\/p>\n<p>T\u00e9cnica em agropecu\u00e1ria e administradora com \u00eanfase em agroneg\u00f3cios, Helo\u00edsa apostou na produ\u00e7\u00e3o consciente. \u201cA gente decidiu cultivar a terra realmente e aprendeu a nutrir a planta para que ela n\u00e3o precisasse de veneno.\u201d<\/p>\n<p>Atualmente, a propriedade de Campos \u00e9 toda certificada como org\u00e2nica. \u201cCom a certifica\u00e7\u00e3o a nossa vida mudou em rela\u00e7\u00e3o ao ganho mesmo, a rentabilidade, porque a gente conseguiu agregar valor de at\u00e9 70% dentro dos nossos produtos. Certificado \u00e9 realmente rent\u00e1vel, sim.\u201d<\/p>\n<h2 class=\"wp-block-heading\" id=\"h-diversificacao-e-a-forca-da-pequena-area\">Diversifica\u00e7\u00e3o \u00e9 a for\u00e7a da pequena \u00e1rea<\/h2>\n<p>Al\u00e9m dos hortifr\u00fatis, o casal cultiva milho, feij\u00e3o, mandioca, abacate, berinjela, batata-doce, cenoura e beterraba. \u201cDa\u00ed surgiu a oportunidade da gente come\u00e7ar a produzir cebola e alho. E para n\u00f3s passou a ser muito rent\u00e1vel\u201d, explica Campos.<\/p>\n<p>No \u00faltimo plantio, foram 5 mil metros de alho \u2014 cerca de 10 mil quilos colhidos. O milho plantado \u00e9 especial: \u201c\u00c9 um milho que vai ficar verde por mais tempo, e, al\u00e9m disso, eu tamb\u00e9m tenho valor agregado para vender ele seco.\u201d<\/p>\n<\/div>\n<div>\n<ul class=\"wp-block-list\">\n<li><em>Participe do Porteira Aberta Empreender: envie perguntas, sugest\u00f5es e conte sua hist\u00f3ria de empreendedorismo pelo\u00a0<\/em><a href=\"https:\/\/api.whatsapp.com\/send?phone=5511932796720&amp;PorteiraAbertaEmpreender=SuaMensagem\"><strong>WhatsApp<\/strong><\/a><\/li>\n<\/ul>\n<h2 class=\"wp-block-heading\" id=\"h-organizacao-e-qualidade-de-vida-no-campo\">Organiza\u00e7\u00e3o e qualidade de vida no campo<\/h2>\n<p>Com clientes em S\u00e3o Paulo, Santa Catarina, Rio Grande do Sul, Rio de Janeiro e Curitiba, Helo\u00edsa mant\u00e9m tudo bem planejado. <\/p>\n<p>\u201cN\u00f3s temos uma programa\u00e7\u00e3o de plantio em rela\u00e7\u00e3o \u00e0 nossa comercializa\u00e7\u00e3o porque n\u00f3s j\u00e1 temos os nossos clientes e n\u00f3s programamos essa comercializa\u00e7\u00e3o junto com eles.\u201d<\/p>\n<p>Al\u00e9m disso, o cuidado com o futuro tamb\u00e9m \u00e9 uma prioridade: \u201cTenho dois filhos. E eu preciso que eles entendam o quanto \u00e9 importante a gente produzir de maneira sustent\u00e1vel. A natureza n\u00e3o se regenera sozinha para sempre\u201d, diz a produtora. <\/p>\n<p>Para colher tantos bons produtos, Campos ressalta que recebe assist\u00eancia: \u201co <a href=\"https:\/\/pr.agenciasebrae.com.br\/\">Sebrae\/PR <\/a>nos oferece assist\u00eancia t\u00e9cnica na agricultura \u2014 do campo \u00e0 comercializa\u00e7\u00e3o \u2014, entrando na gest\u00e3o financeira. Tudo isso agrega muito valor ao munic\u00edpio e, principalmente, \u00e0 nossa propriedade, que \u00e9 de agricultura familiar.\u201d<\/p>\n<p>A hist\u00f3ria de Helo\u00edsa de F\u00e1tima da Silva Campos, mostra que a agricultura familiar, \u00e9 fundamental. Com t\u00e9cnica, amor e vis\u00e3o, ela cultiva mais que alimentos: <strong>planta consci\u00eancia, colhe autonomia e inspira um futuro sustent\u00e1vel.<\/strong><\/p>\n<\/p><\/div>\n<p><br \/>\n<br \/><a href=\"https:\/\/www.canalrural.com.br\/empreendedorismo\/agricultores-familiares-colhem-renda-e-sustentabilidade\/\">Source link <\/a><\/p>\n","protected":false},"excerpt":{"rendered":"<p>Julho \u00e9 o m\u00eas de homenagear quem transforma a terra com as pr\u00f3prias m\u00e3os. Hoje (25), celebra-se o Dia Internacional<\/p>\n","protected":false},"author":1,"featured_media":17409,"comment_status":"open","ping_status":"open","sticky":false,"template":"","format":"standard","meta":{"_monsterinsights_skip_tracking":false,"_monsterinsights_sitenote_active":false,"_monsterinsights_sitenote_note":"","_monsterinsights_sitenote_category":0,"_uf_show_specific_survey":0,"_uf_disable_surveys":false,"footnotes":""},"categories":[1],"tags":[],"class_list":["post-17408","post","type-post","status-publish","format-standard","has-post-thumbnail","hentry","category-news"],"_links":{"self":[{"href":"https:\/\/agromt.news\/index.php?rest_route=\/wp\/v2\/posts\/17408"}],"collection":[{"href":"https:\/\/agromt.news\/index.php?rest_route=\/wp\/v2\/posts"}],"about":[{"href":"https:\/\/agromt.news\/index.php?rest_route=\/wp\/v2\/types\/post"}],"author":[{"embeddable":true,"href":"https:\/\/agromt.news\/index.php?rest_route=\/wp\/v2\/users\/1"}],"replies":[{"embeddable":true,"href":"https:\/\/agromt.news\/index.php?rest_route=%2Fwp%2Fv2%2Fcomments&post=17408"}],"version-history":[{"count":0,"href":"https:\/\/agromt.news\/index.php?rest_route=\/wp\/v2\/posts\/17408\/revisions"}],"wp:featuredmedia":[{"embeddable":true,"href":"https:\/\/agromt.news\/index.php?rest_route=\/wp\/v2\/media\/17409"}],"wp:attachment":[{"href":"https:\/\/agromt.news\/index.php?rest_route=%2Fwp%2Fv2%2Fmedia&parent=17408"}],"wp:term":[{"taxonomy":"category","embeddable":true,"href":"https:\/\/agromt.news\/index.php?rest_route=%2Fwp%2Fv2%2Fcategories&post=17408"},{"taxonomy":"post_tag","embeddable":true,"href":"https:\/\/agromt.news\/index.php?rest_route=%2Fwp%2Fv2%2Ftags&post=17408"}],"curies":[{"name":"wp","href":"https:\/\/api.w.org\/{rel}","templated":true}]}}