{"id":17406,"date":"2025-07-25T05:26:43","date_gmt":"2025-07-25T09:26:43","guid":{"rendered":"https:\/\/agromt.news\/?p=17406"},"modified":"2025-07-25T05:26:43","modified_gmt":"2025-07-25T09:26:43","slug":"algodao-brasileiro-identifica-novos-e-grandes-mercados","status":"publish","type":"post","link":"https:\/\/agromt.news\/?p=17406","title":{"rendered":"Algod\u00e3o brasileiro identifica novos (e grandes) mercados"},"content":{"rendered":"<p> <br \/>\n<\/p>\n<div>\n<p style=\"text-align:justify\">O\u00a0<a href=\"https:\/\/www.agrolink.com.br\/culturas\/algodao\/\" target=\"_blank\" rel=\"noopener\">algod\u00e3o<\/a> brasileiro\u00a0vive um momento estrat\u00e9gico no mercado internacional. Com crescimento constante da \u00e1rea plantada, estabilidade de oferta e foco em rastreabilidade e sustentabilidade, o\u00a0Brasil pode ocupar ainda mais os espa\u00e7os deixados por grandes concorrentes globais, como \u00cdndia, Austr\u00e1lia e Estados Unidos.&#13;\n<\/p>\n<p style=\"text-align:justify\"><span style=\"font-weight:400\">A avalia\u00e7\u00e3o \u00e9 de\u00a0M\u00e1rcio Portocarrero, diretor executivo da Associa\u00e7\u00e3o Brasileira dos Produtores de Algod\u00e3o (Abrapa), que v\u00ea oportunidades concretas para o pa\u00eds se consolidar ainda mais como um dos principais fornecedores mundiais da fibra \u2014 posi\u00e7\u00e3o refor\u00e7ada pelo fato de o\u00a0Brasil j\u00e1 ser o maior exportador global de algod\u00e3o em pluma.\u00a0<\/span><\/p>\n<p style=\"text-align:justify\"><span style=\"font-weight:400\">\u201cO Brasil \u00e9 o \u00fanico pa\u00eds que tem crescido constantemente porque tem clima e produtor com tecnologia para continuar no algod\u00e3o mesmo em \u00e9poca ruim\u201d, afirma.<\/span><span style=\"font-weight:400\">\u00a0<\/span><\/p>\n<p style=\"text-align:justify\"><span style=\"font-weight:400\">Segundo Portocarrero,\u00a0<strong><strong>tr\u00eas grandes movimentos internacionais\u00a0<\/strong><\/strong>abriram espa\u00e7o para o algod\u00e3o brasileiro ganhar mercado: a reten\u00e7\u00e3o da produ\u00e7\u00e3o na \u00cdndia, a limita\u00e7\u00e3o de \u00e1rea na Austr\u00e1lia por escassez h\u00eddrica e\u00a0as quebras de safra recorrentes nos Estados Unidos.<\/span><\/p>\n<p style=\"text-align:justify\"><strong><strong><span style=\"font-weight:400\">Mercados em retra\u00e7\u00e3o e brechas de exporta\u00e7\u00e3o:<\/span><\/strong><\/strong><\/p>\n<p style=\"text-align:justify\"><span style=\"font-weight:400\">\u201cA maior oportunidade que n\u00f3s tivemos foi a \u00cdndia, que plantava e exportava, mas passou a consumir tudo internamente. Depois veio o problema da \u00e1gua na Austr\u00e1lia, que estagnou em 600 mil hectares. E, por fim, as quebras de safra nos Estados Unidos.\u201d<\/span><span style=\"font-weight:400\">\u00a0<\/span>&#13;\n<\/p>\n<p style=\"text-align:justify\"><span style=\"font-weight:400\">Ao lado dessas, ele destaca uma quarta oportunidade, que considera ainda mais promissora \u2014\u00a0<strong><strong>embora dif\u00edcil de mensurar.<\/strong><\/strong><\/span><span style=\"font-weight:400\">\u00a0<\/span><\/p>\n<p style=\"text-align:justify\"><span style=\"font-weight:400\">\u201cN\u00f3s temos uma grande oportunidade que n\u00e3o \u00e9 mensur\u00e1vel, que \u00e9 de ser o maior produtor de algod\u00e3o sustent\u00e1vel do mundo.\u201d<\/span><\/p>\n<p style=\"text-align:justify\"><strong>Ataque ao sint\u00e9tico: nova frente da estrat\u00e9gia global<\/strong><\/p>\n<p style=\"text-align:justify\"><span style=\"font-weight:400\">Para<strong><strong>\u00a0al\u00e9m dos gargalos dos concorrentes<\/strong><\/strong>, a Abrapa aposta numa virada de percep\u00e7\u00e3o do consumidor global: convencer o p\u00fablico a substituir tecidos sint\u00e9ticos por fibras naturais. A ideia \u00e9 que, ao optar por produtos biodegrad\u00e1veis e renov\u00e1veis como o algod\u00e3o, o consumidor tamb\u00e9m reforce uma cadeia mais limpa, rastre\u00e1vel e \u00e9tica.<\/span><\/p>\n<p style=\"text-align:justify\"><span style=\"font-weight:400\">\u201cTem o consumidor que vai na loja e n\u00e3o quer contribuir para comprar um produto que tenha sido produzido com gest\u00e3o ambiental irregular ou com trabalho an\u00e1logo ao escravo. Isso \u00e9 algo que a gente certifica aqui\u201d, destaca.<\/span><span style=\"font-weight:400\">\u00a0<\/span><\/p>\n<p style=\"text-align:justify\"><span style=\"font-weight:400\">Com\u00a0<a href=\"https:\/\/news.agrofy.com.br\/noticia\/199540\/apex-quer-turbinar-exportacao-frutas-do-nordeste\">apoio da ApexBrasil<\/a>, a Abrapa iniciou um trabalho estruturado de comunica\u00e7\u00e3o internacional para reposicionar o algod\u00e3o brasileiro no centro das escolhas do consumidor global.\u00a0<\/span><\/p>\n<p style=\"text-align:justify\"><span style=\"font-weight:400\">A estrat\u00e9gia envolve a\u00e7\u00f5es de imagem, sustentabilidade e rastreabilidade, com foco em mostrar os benef\u00edcios ambientais da fibra natural em compara\u00e7\u00e3o aos sint\u00e9ticos. Consultores europeus especializados atuam em cidades como Mil\u00e3o e Amsterd\u00e3, em articula\u00e7\u00e3o com varejistas e grandes marcas.<\/span><\/p>\n<p style=\"text-align:justify\"><span style=\"font-weight:400\">Al\u00e9m disso, a entidade tem promovido o di\u00e1logo com produtores americanos e australianos para formar uma frente unificada a favor do algod\u00e3o natural.<\/span><\/p>\n<p style=\"text-align:justify\"><span style=\"font-weight:400\">\u201cEstamos come\u00e7ando esse grande trabalho de convencer o consumidor a migrar do sint\u00e9tico para o algod\u00e3o, voltar para o algod\u00e3o. Esse \u00e9 o grande desafio.\u201d<\/span><\/p>\n<p style=\"text-align:justify\"><span style=\"font-weight:400\"><strong><strong>Ofensiva robusta<\/strong><\/strong><\/span><\/p>\n<p style=\"text-align:justify\"><span style=\"font-weight:400\">A\u00a0<strong><strong>ofensiva da Abrapa se apoia n\u00e3o apenas em diferenciais t\u00e9cnicos<\/strong><\/strong>, mas em um discurso ambiental e \u00e9tico robusto. Portocarrero destaca que os tecidos sint\u00e9ticos, al\u00e9m de n\u00e3o permitirem economia circular, s\u00e3o derivados de fontes n\u00e3o renov\u00e1veis e respons\u00e1veis por danos crescentes \u00e0 sa\u00fade e ao meio ambiente.<\/span><span style=\"font-weight:400\">\u00a0<\/span>&#13;\n<\/p>\n<p style=\"text-align:justify\"><span style=\"font-weight:400\">\u201cEssa tend\u00eancia do consumidor pelo sint\u00e9tico n\u00e3o permite a renova\u00e7\u00e3o da mat\u00e9ria-prima. E isso o algod\u00e3o permite. Se est\u00e3o preocupados com o meio ambiente, com o aquecimento global, com contamina\u00e7\u00e3o de \u00e1guas, com micropl\u00e1sticos \u2014 que j\u00e1 est\u00e3o at\u00e9 nas nossas veias \u2014, t\u00eam que voltar a consumir produtos naturais, como algod\u00e3o, c\u00e2nhamo, celulose e outras fibras sustent\u00e1veis.\u201d<\/span><\/p>\n<p style=\"text-align:justify\"><span style=\"font-weight:400\">Segundo ele, essa \u00e9 a oportunidade imediata de crescimento:<strong><strong>\u00a0reposicionar o algod\u00e3o como a alternativa natural e confi\u00e1vel<\/strong><\/strong>, diante de uma sociedade cada vez mais consciente.<\/span><span style=\"font-weight:400\">\u00a0<\/span><\/p>\n<p style=\"text-align:justify\"><span style=\"font-weight:400\">\u201cTem mercado. O consumo de sint\u00e9tico no mundo \u00e9 muito maior que o do algod\u00e3o. Se a gente conseguir entrar com 30% nesse mercado, permite que todo mundo cres\u00e7a junto.\u201d<\/span><span style=\"font-weight:400\">\u00a0<\/span><\/p>\n<p style=\"text-align:justify\"><span style=\"font-weight:400\">Portocarrero refor\u00e7a ainda que, diferentemente de pa\u00edses como Estados Unidos e Austr\u00e1lia \u2014 que apenas exportam o algod\u00e3o bruto \u2014, o Brasil re\u00fane mat\u00e9ria-prima e ind\u00fastria no mesmo territ\u00f3rio.<\/span><span style=\"font-weight:400\">\u00a0<\/span><\/p>\n<p style=\"text-align:justify\"><span style=\"font-weight:400\">\u201cA Austr\u00e1lia n\u00e3o tem ind\u00fastria. Os Estados Unidos tamb\u00e9m n\u00e3o. O \u00fanico pa\u00eds que produz algod\u00e3o e tem ind\u00fastria local \u00e9 o Brasil. Isso \u00e9 mais uma vantagem que a gente tem.\u201d<\/span><span style=\"font-weight:400\">\u00a0<\/span><\/p>\n<p style=\"text-align:justify\"><span style=\"font-weight:400\">Ele lembra que at\u00e9 mesmo pa\u00edses com tradi\u00e7\u00e3o na fibra, como o Egito, complementam sua produ\u00e7\u00e3o com o algod\u00e3o brasileiro.<\/span><span style=\"font-weight:400\">\u00a0<\/span><\/p>\n<p style=\"text-align:justify\"><span style=\"font-weight:400\">\u201cAquele algod\u00e3o fio eg\u00edpcio, na verdade, \u00e9 blend com o nosso algod\u00e3o. Eles n\u00e3o produzem nem 20% do que vendem. A \u00cdndia tamb\u00e9m j\u00e1 consome tudo internamente. Quando falta l\u00e1, compram da gente.\u201d<\/span><span style=\"font-weight:400\">\u00a0<\/span><\/p>\n<p style=\"text-align:justify\"><span style=\"font-weight:400\">O foco da Abrapa tamb\u00e9m se volta \u00e0 \u00c1sia, onde est\u00e3o os maiores polos industriais do setor t\u00eaxtil \u2014 como China, Vietn\u00e3, Coreia do Sul, Bangladesh, Turquia e Egito.<\/span><span style=\"font-weight:400\">\u00a0<\/span><\/p>\n<p style=\"text-align:justify\"><span style=\"font-weight:400\">\u201cQualquer movimento de crescimento do consumo nesses pa\u00edses muda completamente o jogo. Se o cidad\u00e3o chin\u00eas resolver comprar mais roupa de algod\u00e3o, a gente vai sair correndo para atender.\u201d<\/span><span style=\"font-weight:400\">\u00a0<\/span><\/p>\n<p style=\"text-align:justify\"><span style=\"font-weight:400\">Na Europa, onde o discurso ambiental \u00e9 mais presente, a Abrapa tem atuado para que o comportamento do consumidor seja coerente com os valores que defende.<\/span><span style=\"font-weight:400\">\u00a0<\/span><\/p>\n<p style=\"text-align:justify\"><span style=\"font-weight:400\">\u201cEstamos com uma base l\u00e1 justamente para tirar o sint\u00e9tico da vida deles. A gente quer ajudar o consumidor europeu a alinhar discurso e pr\u00e1tica.\u201d<\/span><span style=\"font-weight:400\">\u00a0<\/span><\/p>\n<p style=\"text-align:justify\"><strong>Lideran\u00e7a em rastreabilidade e certifica\u00e7\u00f5es<\/strong><\/p>\n<p style=\"text-align:justify\"><span style=\"font-weight:400\">Outro trunfo da cotonicultura nacional \u00e9 a rastreabilidade completa \u2014 da semente ao guarda-roupa. O Brasil \u00e9 o \u00fanico pa\u00eds que oferece essa garantia, com certifica\u00e7\u00f5es ambientais e sociais exigidas por grandes marcas globais.<\/span><\/p>\n<p style=\"text-align:justify\"><span style=\"font-weight:400\">\u00a0<\/span><span style=\"font-weight:400\">\u201cHoje, 43% do algod\u00e3o certificado que circula no mundo \u00e9 nosso. E s\u00f3 o Brasil entrega essa rastreabilidade da lavoura at\u00e9 a pe\u00e7a de roupa. Isso ningu\u00e9m mais tem.\u201d<\/span><span style=\"font-weight:400\">\u00a0<\/span><\/p>\n<p style=\"text-align:justify\"><span style=\"font-weight:400\">Portocarrero cita que empresas como Adidas, Renner, C&amp;A e Reserva j\u00e1 aderiram ao modelo. Com uso de QR codes nas etiquetas, o consumidor pode acessar, em tempo real, o talh\u00e3o onde o algod\u00e3o foi plantado, o mapa da fazenda e at\u00e9 a hist\u00f3ria do produtor.<\/span><\/p>\n<p style=\"text-align:justify\"><span style=\"font-weight:400\">Assim, d<\/span><span style=\"font-weight:400\">o campo ao guarda-roupa, o algod\u00e3o brasileiro quer se firmar como sin\u00f4nimo de qualidade, rastreabilidade e responsabilidade.<\/span><\/p>\n<\/p><\/div>\n<p><script data-cfasync=\"false\">\n    !function (f, b, e, v, n, t, s) {\n        if (f.fbq) return; n = f.fbq = function () {\n            n.callMethod ?\n                n.callMethod.apply(n, arguments) : n.queue.push(arguments)\n        };\n        if (!f._fbq) f._fbq = n; n.push = n; n.loaded = !0; n.version = '2.0';\n        n.queue = []; t = b.createElement(e); t.async = !0;\n        t.src = v; s = b.getElementsByTagName(e)[0];\n        s.parentNode.insertBefore(t, s)\n    }(window, document, 'script',\n        'https:\/\/connect.facebook.net\/en_US\/fbevents.js');\n    fbq('init', '522546078623747');\n    fbq('track', 'PageView');\n<\/script><br \/>\n<br \/><br \/>\n<br \/><a href=\"https:\/\/www.agrolink.com.br\/noticias\/algodao-brasileiro-identifica-novos--e-grandes--mercados_504222.html\">Source link <\/a><\/p>\n","protected":false},"excerpt":{"rendered":"<p>O\u00a0algod\u00e3o brasileiro\u00a0vive um momento estrat\u00e9gico no mercado internacional. Com crescimento constante da \u00e1rea plantada, estabilidade de oferta e foco em<\/p>\n","protected":false},"author":1,"featured_media":6557,"comment_status":"open","ping_status":"open","sticky":false,"template":"","format":"standard","meta":{"_monsterinsights_skip_tracking":false,"_monsterinsights_sitenote_active":false,"_monsterinsights_sitenote_note":"","_monsterinsights_sitenote_category":0,"_uf_show_specific_survey":0,"_uf_disable_surveys":false,"footnotes":""},"categories":[8,1,14],"tags":[],"class_list":["post-17406","post","type-post","status-publish","format-standard","has-post-thumbnail","hentry","category-agro","category-news","category-politica-agro"],"_links":{"self":[{"href":"https:\/\/agromt.news\/index.php?rest_route=\/wp\/v2\/posts\/17406"}],"collection":[{"href":"https:\/\/agromt.news\/index.php?rest_route=\/wp\/v2\/posts"}],"about":[{"href":"https:\/\/agromt.news\/index.php?rest_route=\/wp\/v2\/types\/post"}],"author":[{"embeddable":true,"href":"https:\/\/agromt.news\/index.php?rest_route=\/wp\/v2\/users\/1"}],"replies":[{"embeddable":true,"href":"https:\/\/agromt.news\/index.php?rest_route=%2Fwp%2Fv2%2Fcomments&post=17406"}],"version-history":[{"count":0,"href":"https:\/\/agromt.news\/index.php?rest_route=\/wp\/v2\/posts\/17406\/revisions"}],"wp:featuredmedia":[{"embeddable":true,"href":"https:\/\/agromt.news\/index.php?rest_route=\/wp\/v2\/media\/6557"}],"wp:attachment":[{"href":"https:\/\/agromt.news\/index.php?rest_route=%2Fwp%2Fv2%2Fmedia&parent=17406"}],"wp:term":[{"taxonomy":"category","embeddable":true,"href":"https:\/\/agromt.news\/index.php?rest_route=%2Fwp%2Fv2%2Fcategories&post=17406"},{"taxonomy":"post_tag","embeddable":true,"href":"https:\/\/agromt.news\/index.php?rest_route=%2Fwp%2Fv2%2Ftags&post=17406"}],"curies":[{"name":"wp","href":"https:\/\/api.w.org\/{rel}","templated":true}]}}