{"id":17403,"date":"2025-07-25T01:30:37","date_gmt":"2025-07-25T05:30:37","guid":{"rendered":"https:\/\/agromt.news\/?p=17403"},"modified":"2025-07-25T01:30:37","modified_gmt":"2025-07-25T05:30:37","slug":"para-instituto-aco-brasil-aumento-tarifario-dos-eua-pode-inviabilizar-a-exportacao-de-aco-e-aluminio","status":"publish","type":"post","link":"https:\/\/agromt.news\/?p=17403","title":{"rendered":"Para Instituto A\u00e7o Brasil, aumento tarif\u00e1rio dos EUA pode inviabilizar a exporta\u00e7\u00e3o de a\u00e7o e alum\u00ednio"},"content":{"rendered":"<p> <br \/>\n<\/p>\n<div>\n<p style=\"text-align:justify\">A diretora de assuntos institucionais do Instituto A\u00e7o Brasil, Cristina Yuan, avaliou nesta quinta-feira (10) que a decis\u00e3o do presidente norte-americano, Donald Trump, de impor uma nova tarifa de 50% sobre produtos brasileiros &#8220;inviabilizar\u00e1 a exporta\u00e7\u00e3o de a\u00e7o e alum\u00ednio&#8221;. Ela discutiu o tema em reuni\u00e3o da Comiss\u00e3o de Ind\u00fastria, Com\u00e9rcio e Servi\u00e7os da C\u00e2mara dos Deputados.&#13;\n<\/p>\n<p style=\"text-align:justify\">Yuan disse que ainda n\u00e3o est\u00e1 esclarecido se a tarifa\u00e7\u00e3o \u00e9 cumulativa. Se for o caso, o setor de a\u00e7o e alum\u00ednio, que j\u00e1 paga tarifa de 50%, arcaria com mais 50%.\u00a0 \u201cO que dobra a nossa preocupa\u00e7\u00e3o literalmente, porque se 50% j\u00e1 era uma tarifa elevad\u00edssima e praticamente impeditiva de exporta\u00e7\u00e3o, a de 100% inviabilizar\u00e1 a exporta\u00e7\u00e3o do a\u00e7o e alum\u00ednio\u201d, refor\u00e7ou a executiva, frisando que o faturamento anual da ind\u00fastria do a\u00e7o \u00e9 da ordem de R$ 169 bilh\u00f5es.<\/p>\n<p style=\"text-align:justify\"><strong>Balan\u00e7a comercial<\/strong><br \/>&#13;<br \/>\nEla destacou que, ao contr\u00e1rio do que alegou Trump, a balan\u00e7a comercial Brasil e Estados Unidos \u00e9 superavit\u00e1ria para os norte-americanos. Em 2024, conforme a executiva, o Brasil exportou 2,3 bilh\u00f5es de d\u00f3lares em produtos de a\u00e7o e importou dos Estados Unidos 1,4 bilh\u00e3o de d\u00f3lares em carv\u00e3o e 3,9 bilh\u00f5es de d\u00f3lares em m\u00e1quinas e equipamentos.<\/p>\n<p style=\"text-align:justify\"><strong>Desvio de com\u00e9rcio<\/strong><br \/>&#13;<br \/>\nOutro efeito da guerra tarif\u00e1ria, segundo Cristina Yuan, \u00e9 o desvio de com\u00e9rcio, que pode resultar no escoamento do a\u00e7o chin\u00eas a pre\u00e7os abaixo da m\u00e9dia mundial para o mercado brasileiro. \u201cIsso vai matar a ind\u00fastria sider\u00fargica nacional, porque n\u00e3o vamos conseguir competir com pre\u00e7os subsidiados&#8221;, afirmou.&#13;\n<\/p>\n<p style=\"text-align:justify\">Atualmente, a China responde por mais de 66% das importa\u00e7\u00f5es de a\u00e7o do Pa\u00eds.<\/p>\n<p style=\"text-align:justify\">Ao ressaltar a competitividade chinesa na cadeia produtiva do a\u00e7o, Yuan frisou que a produ\u00e7\u00e3o anual de a\u00e7o no Brasil equivale a 12 dias de produ\u00e7\u00e3o de a\u00e7o na China.<\/p>\n<p style=\"text-align:justify\"><strong>Falta de clareza<\/strong><br \/>&#13;<br \/>\nO representante do Minist\u00e9rio do Desenvolvimento, Ind\u00fastria, Com\u00e9rcio e Servi\u00e7os (MDIC), Herlon Alves Brand\u00e3o, apontou &#8220;falta de clareza&#8221; no an\u00fancio das novas tarifas. Ele estima que o aumento tarif\u00e1rio vai reduzir em 40% o valor das exporta\u00e7\u00f5es de a\u00e7o e alum\u00ednio aos Estados Unidos.<\/p>\n<p style=\"text-align:justify\">As tarifas, explicou, alcan\u00e7am 350 mercadorias abrangendo desde a\u00e7o semimanufaturado at\u00e9 latas de cerveja, utens\u00edlios dom\u00e9sticos e pe\u00e7as para avi\u00f5es e autom\u00f3veis.<\/p>\n<p style=\"text-align:justify\"><strong>Acesso a mercados<\/strong><br \/>&#13;<br \/>\nO representante da Associa\u00e7\u00e3o Brasileira do Alum\u00ednio (Abal), Pedro Henrique Mac\u00eado, apontou queda nas exporta\u00e7\u00f5es para o mercado norte-americano de 25% de produtos de alum\u00ednio, se comparado ao primeiro semestre de 2024. Dentre esses produtos, os laminados de alum\u00ednio, principal item exportado, foi o mais impactado com queda de 50% no volume de exporta\u00e7\u00e3o.<\/p>\n<p style=\"text-align:justify\">&#8220;Ainda n\u00e3o sabemos se as novas taxas ser\u00e3o cumulativas ou n\u00e3o, mas \u00e9 fato que a ind\u00fastria j\u00e1 vem sofrendo no atual cen\u00e1rio&#8221;, disse. Ele refor\u00e7ou que o setor conta com a atua\u00e7\u00e3o do governo para garantir as melhores condi\u00e7\u00f5es de acesso dos produtos brasileiros ao mercado internacional.&#13;\n<\/p>\n<p style=\"text-align:justify\"><strong>Lei da Reciprocidade<\/strong><br \/>&#13;<br \/>\nA deputada Jack Rocha (PT-ES), que solicitou a audi\u00eancia, defendeu o uso da <a href=\"https:\/\/www2.camara.leg.br\/legin\/fed\/lei\/2025\/lei-15122-11-abril-2025-797315-norma-pl.html\">Lei da Reciprocidade Econ\u00f4mica<\/a>, que permite ao governo brasileiro adotar contramedidas em resposta a medidas unilaterais adotadas por pa\u00eds ou bloco econ\u00f4mico que impactem negativamente a competitividade internacional brasileira.<\/p>\n<p style=\"text-align:justify\">&#8220;Acredito que o governo, assim como esta Casa, diante da gravidade do tarifa\u00e7o, tem que se debru\u00e7ar sobre uma sa\u00edda que n\u00e3o venha a prejudicar as empresas e sobretudo os trabalhadores&#8221;, disse.<\/p>\n<p style=\"text-align:justify\">\u00a0<\/p>\n<\/p><\/div>\n<p><script data-cfasync=\"false\">\n    !function (f, b, e, v, n, t, s) {\n        if (f.fbq) return; n = f.fbq = function () {\n            n.callMethod ?\n                n.callMethod.apply(n, arguments) : n.queue.push(arguments)\n        };\n        if (!f._fbq) f._fbq = n; n.push = n; n.loaded = !0; n.version = '2.0';\n        n.queue = []; t = b.createElement(e); t.async = !0;\n        t.src = v; s = b.getElementsByTagName(e)[0];\n        s.parentNode.insertBefore(t, s)\n    }(window, document, 'script',\n        'https:\/\/connect.facebook.net\/en_US\/fbevents.js');\n    fbq('init', '522546078623747');\n    fbq('track', 'PageView');\n<\/script><br \/>\n<br \/><br \/>\n<br \/><a href=\"https:\/\/www.agrolink.com.br\/noticias\/para-instituto-aco-brasil--aumento-tarifario-dos-eua-pode-inviabilizar-a-exportacao-de-aco-e-aluminio_504223.html\">Source link <\/a><\/p>\n","protected":false},"excerpt":{"rendered":"<p>A diretora de assuntos institucionais do Instituto A\u00e7o Brasil, Cristina Yuan, avaliou nesta quinta-feira (10) que a decis\u00e3o do presidente<\/p>\n","protected":false},"author":1,"featured_media":17404,"comment_status":"open","ping_status":"open","sticky":false,"template":"","format":"standard","meta":{"_monsterinsights_skip_tracking":false,"_monsterinsights_sitenote_active":false,"_monsterinsights_sitenote_note":"","_monsterinsights_sitenote_category":0,"_uf_show_specific_survey":0,"_uf_disable_surveys":false,"footnotes":""},"categories":[8,1,14],"tags":[],"class_list":["post-17403","post","type-post","status-publish","format-standard","has-post-thumbnail","hentry","category-agro","category-news","category-politica-agro"],"_links":{"self":[{"href":"https:\/\/agromt.news\/index.php?rest_route=\/wp\/v2\/posts\/17403"}],"collection":[{"href":"https:\/\/agromt.news\/index.php?rest_route=\/wp\/v2\/posts"}],"about":[{"href":"https:\/\/agromt.news\/index.php?rest_route=\/wp\/v2\/types\/post"}],"author":[{"embeddable":true,"href":"https:\/\/agromt.news\/index.php?rest_route=\/wp\/v2\/users\/1"}],"replies":[{"embeddable":true,"href":"https:\/\/agromt.news\/index.php?rest_route=%2Fwp%2Fv2%2Fcomments&post=17403"}],"version-history":[{"count":0,"href":"https:\/\/agromt.news\/index.php?rest_route=\/wp\/v2\/posts\/17403\/revisions"}],"wp:featuredmedia":[{"embeddable":true,"href":"https:\/\/agromt.news\/index.php?rest_route=\/wp\/v2\/media\/17404"}],"wp:attachment":[{"href":"https:\/\/agromt.news\/index.php?rest_route=%2Fwp%2Fv2%2Fmedia&parent=17403"}],"wp:term":[{"taxonomy":"category","embeddable":true,"href":"https:\/\/agromt.news\/index.php?rest_route=%2Fwp%2Fv2%2Fcategories&post=17403"},{"taxonomy":"post_tag","embeddable":true,"href":"https:\/\/agromt.news\/index.php?rest_route=%2Fwp%2Fv2%2Ftags&post=17403"}],"curies":[{"name":"wp","href":"https:\/\/api.w.org\/{rel}","templated":true}]}}