{"id":17400,"date":"2025-07-24T21:34:17","date_gmt":"2025-07-25T01:34:17","guid":{"rendered":"https:\/\/agromt.news\/?p=17400"},"modified":"2025-07-24T21:34:17","modified_gmt":"2025-07-25T01:34:17","slug":"15o-ciclo-de-conscientizacao-no-rs-reune-880-participantes-e-segue-para-sc-e-pr","status":"publish","type":"post","link":"https:\/\/agromt.news\/?p=17400","title":{"rendered":"15\u00ba Ciclo de Conscientiza\u00e7\u00e3o no RS re\u00fane 880 participantes e segue para SC e PR"},"content":{"rendered":"<p> <br \/>\n<\/p>\n<div>\n<p style=\"text-align:justify\">\u00a0Com grande participa\u00e7\u00e3o e engajamento do p\u00fablico, os dois primeiros semin\u00e1rios do 15\u00ba Ciclo de Conscientiza\u00e7\u00e3o sobre sa\u00fade e seguran\u00e7a do produtor e prote\u00e7\u00e3o da crian\u00e7a e do adolescente reuniram 880 pessoas nos munic\u00edpios de Gramado Xavier e Vale do Sol, no Rio Grande do Sul, nos dias 22 e 23 de julho. Promovido pelo SindiTabaco e empresas associadas, com apoio da Afubra, o evento agora segue para Paran\u00e1 e Santa Catarina na pr\u00f3xima semana.&#13;\n<\/p>\n<p style=\"text-align:justify\">Voltado a produtores de tabaco, agentes de sa\u00fade, educadores, conselheiros tutelares e lideran\u00e7as locais, o ciclo promoveu reflex\u00f5es sobre trabalho decente no campo, uso seguro de defensivos agr\u00edcolas, cuidados durante a colheita e, principalmente, a prote\u00e7\u00e3o da inf\u00e2ncia e da adolesc\u00eancia nas propriedades rurais.<\/p>\n<p style=\"text-align:justify\">\u201cO Ciclo de Conscientiza\u00e7\u00e3o, iniciado h\u00e1 15 anos, tem como objetivo refor\u00e7ar a orienta\u00e7\u00e3o que as empresas associadas transmitem aos seus produtores integrados, com o objetivo de cumprir a legisla\u00e7\u00e3o vigente, mas tamb\u00e9m para atender \u00e0s exig\u00eancias dos nossos clientes internacionais. Seguimos alinhados com a representa\u00e7\u00e3o dos produtores para manter a produ\u00e7\u00e3o sustent\u00e1vel que, junto com a qualidade do nosso produto, fez do Brasil o maior exportador de tabaco dos \u00faltimos 30 anos\u201d, afirmou Valmor Thesing, presidente do SindiTabaco.&#13;\n<\/p>\n<p style=\"text-align:justify\">De maneira l\u00fadica e interativa, os temas foram abordados atrav\u00e9s do podcast encenado \u201cVida no Campo\u201d, da Companhia de Teatro Espa\u00e7o Camarim, que transformou o conte\u00fado t\u00e9cnico em informa\u00e7\u00e3o acess\u00edvel e envolvente para os participantes, a grande maioria produtores de tabaco.<\/p>\n<p style=\"text-align:justify\">\u201cO fumicultor, quando convocado, ele se apresenta e est\u00e1 sempre aberto para aprender, para, cada vez mais, melhorar a sua propriedade. \u00c9 na casa do produtor que come\u00e7a a qualidade do tabaco brasileiro. Mas, qualidade n\u00e3o \u00e9 somente a folha do tabaco cultivada com todos os cuidados; mas tamb\u00e9m, \u00e9 a responsabilidade com as crian\u00e7as e adolescentes e sua educa\u00e7\u00e3o, com os cuidados com a sa\u00fade e seguran\u00e7a do produtor e sua fam\u00edlia e com o trabalho decente. E estes ciclos s\u00e3o fundamentais para nos trazer as informa\u00e7\u00f5es que fazem da cadeia produtiva do tabaco t\u00e3o organizada\u201d, disse o presidente da Afubra, Marcilio Drescher.&#13;\n<\/p>\n<p style=\"text-align:justify\"><strong>PR\u00d3XIMOS ENCONTROS<\/strong><\/p>\n<p style=\"text-align:justify\">29 de julho, 8h \u2013 Ipiranga (PR)<br \/>&#13;<br \/>\nLocal: Clube Asdecope<\/p>\n<p style=\"text-align:justify\">30 de julho, 8h \u2013 Imbituva (PR)<br \/>&#13;<br \/>\nLocal: Centro de Eventos Rufinos<\/p>\n<p style=\"text-align:justify\">31 de julho, 8h \u2013 Irine\u00f3polis (SC)<br \/>&#13;<br \/>\nLocal: Sociedade Recreativa e Cultural de Irine\u00f3polis<\/p>\n<p style=\"text-align:justify\">1\u00ba de agosto, 8h \u2013 Mafra (SC)<br \/>&#13;<br \/>\nLocal: Espa\u00e7o \u00c1lamos<\/p>\n<\/p><\/div>\n<p><script data-cfasync=\"false\">\n    !function (f, b, e, v, n, t, s) {\n        if (f.fbq) return; n = f.fbq = function () {\n            n.callMethod ?\n                n.callMethod.apply(n, arguments) : n.queue.push(arguments)\n        };\n        if (!f._fbq) f._fbq = n; n.push = n; n.loaded = !0; n.version = '2.0';\n        n.queue = []; t = b.createElement(e); t.async = !0;\n        t.src = v; s = b.getElementsByTagName(e)[0];\n        s.parentNode.insertBefore(t, s)\n    }(window, document, 'script',\n        'https:\/\/connect.facebook.net\/en_US\/fbevents.js');\n    fbq('init', '522546078623747');\n    fbq('track', 'PageView');\n<\/script><br \/>\n<br \/><br \/>\n<br \/><a href=\"https:\/\/www.agrolink.com.br\/noticias\/15--ciclo-de-conscientizacao-no-rs-reune-880-participantes-e-segue-para-sc-e-pr_504235.html\">Source link <\/a><\/p>\n","protected":false},"excerpt":{"rendered":"<p>\u00a0Com grande participa\u00e7\u00e3o e engajamento do p\u00fablico, os dois primeiros semin\u00e1rios do 15\u00ba Ciclo de Conscientiza\u00e7\u00e3o sobre sa\u00fade e seguran\u00e7a<\/p>\n","protected":false},"author":1,"featured_media":17401,"comment_status":"open","ping_status":"open","sticky":false,"template":"","format":"standard","meta":{"_monsterinsights_skip_tracking":false,"_monsterinsights_sitenote_active":false,"_monsterinsights_sitenote_note":"","_monsterinsights_sitenote_category":0,"_uf_show_specific_survey":0,"_uf_disable_surveys":false,"footnotes":""},"categories":[8,1,14],"tags":[],"class_list":["post-17400","post","type-post","status-publish","format-standard","has-post-thumbnail","hentry","category-agro","category-news","category-politica-agro"],"_links":{"self":[{"href":"https:\/\/agromt.news\/index.php?rest_route=\/wp\/v2\/posts\/17400"}],"collection":[{"href":"https:\/\/agromt.news\/index.php?rest_route=\/wp\/v2\/posts"}],"about":[{"href":"https:\/\/agromt.news\/index.php?rest_route=\/wp\/v2\/types\/post"}],"author":[{"embeddable":true,"href":"https:\/\/agromt.news\/index.php?rest_route=\/wp\/v2\/users\/1"}],"replies":[{"embeddable":true,"href":"https:\/\/agromt.news\/index.php?rest_route=%2Fwp%2Fv2%2Fcomments&post=17400"}],"version-history":[{"count":0,"href":"https:\/\/agromt.news\/index.php?rest_route=\/wp\/v2\/posts\/17400\/revisions"}],"wp:featuredmedia":[{"embeddable":true,"href":"https:\/\/agromt.news\/index.php?rest_route=\/wp\/v2\/media\/17401"}],"wp:attachment":[{"href":"https:\/\/agromt.news\/index.php?rest_route=%2Fwp%2Fv2%2Fmedia&parent=17400"}],"wp:term":[{"taxonomy":"category","embeddable":true,"href":"https:\/\/agromt.news\/index.php?rest_route=%2Fwp%2Fv2%2Fcategories&post=17400"},{"taxonomy":"post_tag","embeddable":true,"href":"https:\/\/agromt.news\/index.php?rest_route=%2Fwp%2Fv2%2Ftags&post=17400"}],"curies":[{"name":"wp","href":"https:\/\/api.w.org\/{rel}","templated":true}]}}