{"id":17397,"date":"2025-07-24T19:16:19","date_gmt":"2025-07-24T23:16:19","guid":{"rendered":"https:\/\/agromt.news\/?p=17397"},"modified":"2025-07-24T19:16:19","modified_gmt":"2025-07-24T23:16:19","slug":"alckmin-conversou-com-secretario-de-comercio-dos-eua-e-reforcou-necessidade-de-negociacao","status":"publish","type":"post","link":"https:\/\/agromt.news\/?p=17397","title":{"rendered":"Alckmin conversou com secret\u00e1rio de Com\u00e9rcio dos EUA e refor\u00e7ou necessidade de negocia\u00e7\u00e3o"},"content":{"rendered":"<p> <br \/>\n<br \/><img decoding=\"async\" src=\"https:\/\/agromt.news\/wp-content\/uploads\/2025\/07\/Alckmin-conversou-com-secretario-de-Comercio-dos-EUA-e-reforcou.png\" \/><\/p>\n<div>\n<p>Em coletiva de imprensa ap\u00f3s reuni\u00f5es com representantes da federa\u00e7\u00e3o das ind\u00fastrias de Minas Gerais e da Taurus nesta quinta-feira (24), o vice-presidente e ministro Geraldo Alckmin disse que conversou com o secret\u00e1rio de Com\u00e9rcio dos Estados Unidos, Howard Lutnick, no s\u00e1bado (19) \u00e0 tarde.<\/p>\n<p>Segundo ele, durante a liga\u00e7\u00e3o, foi reiterada a disposi\u00e7\u00e3o do Brasil em negociar os termos para adiar ou evitar as tarifas de 50% que o presidente <strong><a href=\"https:\/\/www.canalrural.com.br\/tag\/trump\/\">Donald Trump<\/a><\/strong> quer impor aos produtos vendidos pelo Brasil ao pa\u00eds a partir de 1 de agosto, ou seja, daqui a oito dias.<\/p>\n<p>Segundo Alckmin, a conversa \u201cfoi boa\u201d, durou 50 minutos e foi \u201cimportante\u201d e destacou \u201co interesse do Brasil na negocia\u00e7\u00e3o\u201d.<\/p>\n<p>\u201cNa f\u00e1brica da Taurus no Rio Grande do Sul, 90% \u00e9 para exporta\u00e7\u00e3o e 87% \u00e9 para os Estados Unidos\u201d, disse.<\/p>\n<p>\u201cEstamos trabalhando com todo o setor produtivo para demovermos essa medida que n\u00e3o tem nenhuma justificativa para ser implantada\u201d, disse Alckmin, sobre as reuni\u00f5es.<\/p>\n<p>\u201cO presidente Lula tem orientado negocia\u00e7\u00e3o, n\u00e3o ter contamina\u00e7\u00e3o pol\u00edtica, nem ideol\u00f3gica, mas centrar na busca de solu\u00e7\u00e3o para a quest\u00e3o comercial. Ao inv\u00e9s de ter um perde perde, com infla\u00e7\u00e3o nos EUA e diminui\u00e7\u00e3o das nossas exporta\u00e7\u00f5es para o mercado americano, n\u00f3s invertermos isso, resolvermos os problemas, aumentarmos a complementaridade econ\u00f4mica, integra\u00e7\u00e3o produtiva, investimentos rec\u00edprocos, discutirmos n\u00e3o-bitributa\u00e7\u00e3o, enfim, avan\u00e7armos numa agenda extremamente positiva.\u201d<\/p>\n<\/div>\n<div>\n<p>Alckmin disse que tamb\u00e9m conversou com os senadores que v\u00e3o aos Estados Unidos tentar negociar o tarifa\u00e7o com o setor privado e o governo norte-americano.<\/p>\n<p>\u201cTemos uma rela\u00e7\u00e3o de 200 anos com os Estados Unidos, n\u00e3o h\u00e1 nada que se justifique. As conversas s\u00e3o reservadas, mas esse \u00e9 o empenho do governo brasileiro\u201d, disse Alckmin, sem dar mais detalhes sobre a conversa com o representante norte-americano.<\/p>\n<p>Alckmin disse que o setor miner\u00e1rio tem uma longa pauta que poder\u00e1 ser explorada nas negocia\u00e7\u00f5es e reflete o super\u00e1vit que os Estados Unidos t\u00eam no com\u00e9rcio com o Brasil, j\u00e1 que o setor importa mais do que vende ao pa\u00eds do hemisf\u00e9rio Norte.<\/p>\n<p>O ministro tamb\u00e9m anunciou que o comit\u00ea permanente far\u00e1 pronunciamentos di\u00e1rios \u00e0 imprensa, \u00e0s 11h, a partir de segunda-feira (28).<\/p>\n<p>Alckmin tamb\u00e9m anunciou a lei do \u201cAcredita Exporta\u00e7\u00e3o\u201d, que ser\u00e1 promulgada na pr\u00f3xima segunda-feira (28), \u00e0s 16h, pelo presidente Lula, e j\u00e1 foi aprovada por unanimidade pela C\u00e2mara e pelo Senado. O vice-presidente disse que a lei tem o objetivo de estimular as exporta\u00e7\u00f5es de pequenas empresas.<\/p>\n<p>\u201cN\u00f3s t\u00ednhamos, h\u00e1 alguns meses atr\u00e1s, antes da tarifa, um projeto de lei que eu chamaria de \u2018Reintegra de transi\u00e7\u00e3o\u2019. Por que depois de implantada a reforma tribut\u00e1ria, acaba o cr\u00e9dito tribut\u00e1rio, a chamada cumulatividade de cr\u00e9dito. Mas isso s\u00f3 se completar\u00e1 em 2032. Ent\u00e3o, at\u00e9 l\u00e1, n\u00f3s estamos fazendo um reintegra de transi\u00e7\u00e3o, com a devolu\u00e7\u00e3o imediata de 3% do valor exportado, para o exportador. Como isso tem impacto fiscal, n\u00f3s estamos fazendo para pequenas empresas\u201d, contou.<\/p>\n<\/p><\/div>\n<p><br \/>\n<br \/><a href=\"https:\/\/www.canalrural.com.br\/politica\/alckmin-conversou-com-secretario-de-comercio-dos-eua-e-reforcou-necessidade-de-negociacao\/\">Source link <\/a><\/p>\n","protected":false},"excerpt":{"rendered":"<p>Em coletiva de imprensa ap\u00f3s reuni\u00f5es com representantes da federa\u00e7\u00e3o das ind\u00fastrias de Minas Gerais e da Taurus nesta quinta-feira<\/p>\n","protected":false},"author":1,"featured_media":17398,"comment_status":"open","ping_status":"open","sticky":false,"template":"","format":"standard","meta":{"_monsterinsights_skip_tracking":false,"_monsterinsights_sitenote_active":false,"_monsterinsights_sitenote_note":"","_monsterinsights_sitenote_category":0,"_uf_show_specific_survey":0,"_uf_disable_surveys":false,"footnotes":""},"categories":[1],"tags":[],"class_list":["post-17397","post","type-post","status-publish","format-standard","has-post-thumbnail","hentry","category-news"],"_links":{"self":[{"href":"https:\/\/agromt.news\/index.php?rest_route=\/wp\/v2\/posts\/17397"}],"collection":[{"href":"https:\/\/agromt.news\/index.php?rest_route=\/wp\/v2\/posts"}],"about":[{"href":"https:\/\/agromt.news\/index.php?rest_route=\/wp\/v2\/types\/post"}],"author":[{"embeddable":true,"href":"https:\/\/agromt.news\/index.php?rest_route=\/wp\/v2\/users\/1"}],"replies":[{"embeddable":true,"href":"https:\/\/agromt.news\/index.php?rest_route=%2Fwp%2Fv2%2Fcomments&post=17397"}],"version-history":[{"count":0,"href":"https:\/\/agromt.news\/index.php?rest_route=\/wp\/v2\/posts\/17397\/revisions"}],"wp:featuredmedia":[{"embeddable":true,"href":"https:\/\/agromt.news\/index.php?rest_route=\/wp\/v2\/media\/17398"}],"wp:attachment":[{"href":"https:\/\/agromt.news\/index.php?rest_route=%2Fwp%2Fv2%2Fmedia&parent=17397"}],"wp:term":[{"taxonomy":"category","embeddable":true,"href":"https:\/\/agromt.news\/index.php?rest_route=%2Fwp%2Fv2%2Fcategories&post=17397"},{"taxonomy":"post_tag","embeddable":true,"href":"https:\/\/agromt.news\/index.php?rest_route=%2Fwp%2Fv2%2Ftags&post=17397"}],"curies":[{"name":"wp","href":"https:\/\/api.w.org\/{rel}","templated":true}]}}