{"id":17381,"date":"2025-07-24T17:11:58","date_gmt":"2025-07-24T21:11:58","guid":{"rendered":"https:\/\/agromt.news\/?p=17381"},"modified":"2025-07-24T17:11:58","modified_gmt":"2025-07-24T21:11:58","slug":"taxacao-dos-eua-agrava-crise-de-produtores-de-laranja-da-sealba","status":"publish","type":"post","link":"https:\/\/agromt.news\/?p=17381","title":{"rendered":"Taxa\u00e7\u00e3o dos EUA agrava crise de produtores de laranja da Sealba"},"content":{"rendered":"<p> <br \/>\n<br \/><img decoding=\"async\" src=\"https:\/\/agromt.news\/wp-content\/uploads\/2025\/07\/Taxacao-dos-EUA-agrava-crise-de-produtores-de-laranja-da.jpeg\" \/><\/p>\n<div>\n<p>Da alta valoriza\u00e7\u00e3o \u00e0 queda de pre\u00e7os e preju\u00edzos para os produtores de laranja. A varia\u00e7\u00e3o no mercado citr\u00edcola brasileiro tem acumulado perdas, com o apodrecimento de toneladas de laranjas produzidas na regi\u00e3o conhecida como Sealba, que abrange partes dos estados de Sergipe, Alagoas e Bahia.<\/p>\n<p>V\u00eddeos e fotos obtidos pelo Canal Rural Bahia mostram cargas inteiras de laranjas sendo descartadas na regi\u00e3o de Rio Real, munic\u00edpio que lidera a produ\u00e7\u00e3o da fruta na Bahia.<\/p>\n<p>De acordo com o tesoureiro da Associa\u00e7\u00e3o de Desenvolvimento Tecnol\u00f3gico Citr\u00edcola do Nordeste (ADTCN), Fernando Braz, h\u00e1 tamb\u00e9m filas nas f\u00e1bricas que processam a laranja, localizadas em Est\u00e2ncia, em Sergipe.<\/p>\n<p>A longa espera para o escoamento da produ\u00e7\u00e3o tamb\u00e9m interfere na qualidade do produto, aumentando o volume de descarte.<\/p>\n<p>Segundo a entidade, o problema \u2014 que j\u00e1 ocorria h\u00e1 alguns meses, devido \u00e0 alta exig\u00eancia de Brix (indicador da matura\u00e7\u00e3o da fruta; quanto maior, mais doce) e do Ratio (\u00edndice que mede a rela\u00e7\u00e3o entre s\u00f3lidos sol\u00faveis, como os a\u00e7\u00facares, e a acidez da laranja) \u2014 se agravou com o an\u00fancio do presidente dos EUA, Donald Trump, sobre a taxa\u00e7\u00e3o de 50% para produtos brasileiros. Com isso, ind\u00fastrias produtoras de suco recuaram nos pedidos.<\/p>\n<p>\u201cEstamos enfrentando um problema muito grave, muito s\u00e9rio. As ind\u00fastrias n\u00e3o est\u00e3o moendo a laranja. J\u00e1 v\u00ednhamos com esse problema, segurando muito tempo para moer, exigindo um Brix muito alto e um Ratio muito baixo. O Ratio \u00e9 o amargor do suco, da fruta. Muitos produtores ficaram com a laranja esperando para moer mais tarde, e agora, com a taxa\u00e7\u00e3o de 50% dos Estados Unidos, a situa\u00e7\u00e3o piorou ainda mais\u201d, explicou.<\/p>\n<p>De acordo com Fernando, as ind\u00fastrias est\u00e3o operando com metade da capacidade, o que aumenta ainda mais as filas.<\/p>\n<blockquote class=\"wp-block-quote is-layout-flow wp-block-quote-is-layout-flow\">\n<p>\u201cH\u00e1 muita laranja estragando nos caminh\u00f5es, nas filas, muita laranja na ro\u00e7a caindo e isso vem prejudicando muito a nossa regi\u00e3o\u201d, disse Braz.<\/p>\n<\/blockquote>\n<\/div>\n<div>\n<p>Como alternativa, os produtores de laranja, representados pela entidade, sugerem aos governos da Bahia e Sergipe e a abertura de uma C\u00e2mara Setorial da Citricultura.<\/p>\n<p>\u201cUma das possibilidades seria o governo da Bahia, o governo de Sergipe atuar nisso, atuar de uma forma diferente, conseguindo novos caminhos, novas oportunidades de venda do suco, novas exporta\u00e7\u00f5es, para que pa\u00edses que ainda n\u00e3o consomem o suco possam importar e tirar essa fila que n\u00f3s temos\u201d, finalizou.<\/p>\n<p>A reportagem tentou contato com as secretaria de agricultura da Bahia e Sergipe, mas at\u00e9 o momento n\u00e3o obteve resposta. O espa\u00e7o segue agerto para atualiza\u00e7\u00f5es. <\/p>\n<h2 class=\"wp-block-heading\" id=\"h-impacto-em-cadeia\">Impacto em cadeia<\/h2>\n<p>As importadoras de suco de laranja Johanna Foods e Johanna Beverage Company entraram com um pedido de al\u00edvio emergencial junto ao Tribunal de Com\u00e9rcio Internacional (CIT, na sigla em ingl\u00eas) dos EUA contra a tarifa de 50% ao Brasil. <\/p>\n<p><a href=\"https:\/\/www.canalrural.com.br\/agricultura\/laranja\/importadoras-americanas-de-suco-brasileiro-pedem-alivio-imediato-de-taxas\/\">Trata-se de uma nova ofensiva do grupo para tentar conter a taxa\u00e7\u00e3o ao pa\u00eds<\/a>, respons\u00e1vel por mais da metade de todo o suco de laranja vendido nos EUA.<\/p>\n<p>O pedido foi protocolado na ter\u00e7a-feira (23) conforme documento obtido pelo Estad\u00e3o\/Broadcast.\u00a0<\/p>\n<hr class=\"wp-block-separator has-alpha-channel-opacity\"\/>\n<p><em>Voc\u00ea tamb\u00e9m pode participar deixando uma sugest\u00e3o de pauta. Siga o\u00a0<a href=\"https:\/\/www.instagram.com\/canalruralbahia\/\">Canal Rural Bahia no Instagram<\/a>\u00a0e nos envie uma mensagem<\/em>.<\/p>\n<\/p><\/div>\n<p><script async src=\"\/\/www.instagram.com\/embed.js\"><\/script><br \/>\n<br \/><br \/>\n<br \/><a href=\"https:\/\/www.canalrural.com.br\/nacional\/bahia\/taxacao-dos-eua-agrava-crise-de-produtores-de-laranja-da-sealba\/\">Source link <\/a><\/p>\n","protected":false},"excerpt":{"rendered":"<p>Da alta valoriza\u00e7\u00e3o \u00e0 queda de pre\u00e7os e preju\u00edzos para os produtores de laranja. A varia\u00e7\u00e3o no mercado citr\u00edcola brasileiro<\/p>\n","protected":false},"author":1,"featured_media":17382,"comment_status":"open","ping_status":"open","sticky":false,"template":"","format":"standard","meta":{"_monsterinsights_skip_tracking":false,"_monsterinsights_sitenote_active":false,"_monsterinsights_sitenote_note":"","_monsterinsights_sitenote_category":0,"_uf_show_specific_survey":0,"_uf_disable_surveys":false,"footnotes":""},"categories":[1],"tags":[],"class_list":["post-17381","post","type-post","status-publish","format-standard","has-post-thumbnail","hentry","category-news"],"_links":{"self":[{"href":"https:\/\/agromt.news\/index.php?rest_route=\/wp\/v2\/posts\/17381"}],"collection":[{"href":"https:\/\/agromt.news\/index.php?rest_route=\/wp\/v2\/posts"}],"about":[{"href":"https:\/\/agromt.news\/index.php?rest_route=\/wp\/v2\/types\/post"}],"author":[{"embeddable":true,"href":"https:\/\/agromt.news\/index.php?rest_route=\/wp\/v2\/users\/1"}],"replies":[{"embeddable":true,"href":"https:\/\/agromt.news\/index.php?rest_route=%2Fwp%2Fv2%2Fcomments&post=17381"}],"version-history":[{"count":0,"href":"https:\/\/agromt.news\/index.php?rest_route=\/wp\/v2\/posts\/17381\/revisions"}],"wp:featuredmedia":[{"embeddable":true,"href":"https:\/\/agromt.news\/index.php?rest_route=\/wp\/v2\/media\/17382"}],"wp:attachment":[{"href":"https:\/\/agromt.news\/index.php?rest_route=%2Fwp%2Fv2%2Fmedia&parent=17381"}],"wp:term":[{"taxonomy":"category","embeddable":true,"href":"https:\/\/agromt.news\/index.php?rest_route=%2Fwp%2Fv2%2Fcategories&post=17381"},{"taxonomy":"post_tag","embeddable":true,"href":"https:\/\/agromt.news\/index.php?rest_route=%2Fwp%2Fv2%2Ftags&post=17381"}],"curies":[{"name":"wp","href":"https:\/\/api.w.org\/{rel}","templated":true}]}}