{"id":17375,"date":"2025-07-24T14:58:17","date_gmt":"2025-07-24T18:58:17","guid":{"rendered":"https:\/\/agromt.news\/?p=17375"},"modified":"2025-07-24T14:58:17","modified_gmt":"2025-07-24T18:58:17","slug":"presidente-da-aprosoja-tocantins-comenta-pl-que-confronta-a-moratoria-da-soja-no-estado","status":"publish","type":"post","link":"https:\/\/agromt.news\/?p=17375","title":{"rendered":"Presidente da Aprosoja Tocantins comenta PL que confronta a morat\u00f3ria da soja no estado"},"content":{"rendered":"<p> <br \/>\n<br \/><img decoding=\"async\" src=\"https:\/\/agromt.news\/wp-content\/uploads\/2025\/07\/Presidente-da-Aprosoja-Tocantins-comenta-PL-que-confronta-a-moratoria.jpeg\" \/><\/p>\n<div>\n<p><a href=\"https:\/\/www.youtube.com\/@CanalruralBr\"\/>Um passo importante foi dado para os <a href=\"https:\/\/www.canalrural.com.br\/?s=soja\">produtores <\/a>de soja do Tocantins com a aprova\u00e7\u00e3o, pelo governo do estado, de um projeto de lei proposto pela Assembleia Legislativa que busca garantir a seguran\u00e7a jur\u00eddica no setor e proteger os produtores contra san\u00e7\u00f5es privadas consideradas abusivas com a legisla\u00e7\u00e3o brasileira. <\/p>\n<p>A medida foi criada como resposta \u00e0 Morat\u00f3ria da Soja, um acordo firmado entre empresas e ONGs que pro\u00edbe a compra de soja cultivada em \u00e1reas desmatadas ap\u00f3s 2008, mesmo quando h\u00e1 conformidade.<\/p>\n<figure class=\"wp-block-embed is-type-video is-provider-youtube wp-block-embed-youtube wp-embed-aspect-16-9 wp-has-aspect-ratio\">\n<p>\n<iframe title=\"Avan\u00e7o contra a morat\u00f3ria da soja: projeto de lei ganha for\u00e7a no Tocantins\" width=\"800\" height=\"450\" src=\"https:\/\/www.youtube.com\/embed\/BZVRsc9YUvQ?feature=oembed\" frameborder=\"0\" allow=\"accelerometer; autoplay; clipboard-write; encrypted-media; gyroscope; picture-in-picture; web-share\" referrerpolicy=\"strict-origin-when-cross-origin\" allowfullscreen><\/iframe><noscript><iframe title=\"Avan\u00e7o contra a morat\u00f3ria da soja: projeto de lei ganha for\u00e7a no Tocantins\" width=\"800\" height=\"450\" src=\"https:\/\/www.youtube.com\/embed\/BZVRsc9YUvQ?feature=oembed\" frameborder=\"0\" allow=\"accelerometer; autoplay; clipboard-write; encrypted-media; gyroscope; picture-in-picture; web-share\" referrerpolicy=\"strict-origin-when-cross-origin\" allowfullscreen><\/iframe><\/noscript>\n<\/p>\n<\/figure>\n<ul class=\"wp-block-list\">\n<li><strong><em>Fique por dentro das novidades e not\u00edcias recentes sobre a soja! Participe da nossa comunidade atrav\u00e9s do\u00a0<a href=\"https:\/\/chat.whatsapp.com\/BmMRwA0TZ2DHGyhzoaVEWu\">link<\/a>! \ud83c\udf31<\/em><\/strong><\/li>\n<\/ul>\n<p>O <a href=\"https:\/\/www.canalrural.com.br\/agricultura\/projeto-soja-brasil\/\">Soja Brasil <\/a>conversou com a presidente da Aprosoja Tocantins, Caroline Schneider, que destaca a relev\u00e2ncia da not\u00edcia para os produtores do estado. Ela afirmou que essa \u00e9 uma not\u00edcia muito importante para os produtores do Tocantins. Um projeto de lei da Assembleia Legislativa foi sancionado pelo governo do estado, o projeto contra a Morat\u00f3ria da Soja.<\/p>\n<\/div>\n<div>\n<p>\u201dIncentivamos que as empresas n\u00e3o percam incentivos fiscais, desde que respeitem a nossa legisla\u00e7\u00e3o, o C\u00f3digo Florestal, a soberania nacional, o livre com\u00e9rcio e a livre concorr\u00eancia. O projeto traz cada vez mais seguran\u00e7a jur\u00eddica para quem deseja produzir, respeitando as leis ambientais e federais vigentes no Brasil\u201d, pontuou Caroline. <\/p>\n<p>O projeto foi debatido em reuni\u00e3o com o governador Wanderlei Barbosa (Republicanos), que declarou apoio irrestrito \u00e0 proposta. Segundo o texto, apenas empresas que respeitarem os marcos legais nacionais, especialmente os ligados \u00e0 agropecu\u00e1ria, ter\u00e3o acesso a incentivos fiscais concedidos pelo Estado.<\/p>\n<p>Enquanto o debate avan\u00e7a no Tocantins, produtores no Par\u00e1 tamb\u00e9m v\u00eam se mobilizando. Eles pedem repara\u00e7\u00e3o por perdas econ\u00f4micas causadas por restri\u00e7\u00f5es similares. O movimento indica uma rea\u00e7\u00e3o coordenada do setor produtivo na Amaz\u00f4nia Legal, que exige maior respaldo institucional frente a decis\u00f5es tomadas fora do \u00e2mbito legislativo brasileiro.<\/p>\n<\/p><\/div>\n<p><br \/>\n<br \/><a href=\"https:\/\/www.canalrural.com.br\/agricultura\/projeto-soja-brasil\/presidente-da-aprosoja-tocantins-comenta-pl-que-confronta-a-moratoria-da-soja-no-estado\/\">Source link <\/a><\/p>\n","protected":false},"excerpt":{"rendered":"<p>Um passo importante foi dado para os produtores de soja do Tocantins com a aprova\u00e7\u00e3o, pelo governo do estado, de<\/p>\n","protected":false},"author":1,"featured_media":17376,"comment_status":"open","ping_status":"open","sticky":false,"template":"","format":"standard","meta":{"_monsterinsights_skip_tracking":false,"_monsterinsights_sitenote_active":false,"_monsterinsights_sitenote_note":"","_monsterinsights_sitenote_category":0,"_uf_show_specific_survey":0,"_uf_disable_surveys":false,"footnotes":""},"categories":[1],"tags":[],"class_list":["post-17375","post","type-post","status-publish","format-standard","has-post-thumbnail","hentry","category-news"],"_links":{"self":[{"href":"https:\/\/agromt.news\/index.php?rest_route=\/wp\/v2\/posts\/17375"}],"collection":[{"href":"https:\/\/agromt.news\/index.php?rest_route=\/wp\/v2\/posts"}],"about":[{"href":"https:\/\/agromt.news\/index.php?rest_route=\/wp\/v2\/types\/post"}],"author":[{"embeddable":true,"href":"https:\/\/agromt.news\/index.php?rest_route=\/wp\/v2\/users\/1"}],"replies":[{"embeddable":true,"href":"https:\/\/agromt.news\/index.php?rest_route=%2Fwp%2Fv2%2Fcomments&post=17375"}],"version-history":[{"count":0,"href":"https:\/\/agromt.news\/index.php?rest_route=\/wp\/v2\/posts\/17375\/revisions"}],"wp:featuredmedia":[{"embeddable":true,"href":"https:\/\/agromt.news\/index.php?rest_route=\/wp\/v2\/media\/17376"}],"wp:attachment":[{"href":"https:\/\/agromt.news\/index.php?rest_route=%2Fwp%2Fv2%2Fmedia&parent=17375"}],"wp:term":[{"taxonomy":"category","embeddable":true,"href":"https:\/\/agromt.news\/index.php?rest_route=%2Fwp%2Fv2%2Fcategories&post=17375"},{"taxonomy":"post_tag","embeddable":true,"href":"https:\/\/agromt.news\/index.php?rest_route=%2Fwp%2Fv2%2Ftags&post=17375"}],"curies":[{"name":"wp","href":"https:\/\/api.w.org\/{rel}","templated":true}]}}