{"id":17371,"date":"2025-07-24T14:01:14","date_gmt":"2025-07-24T18:01:14","guid":{"rendered":"https:\/\/agromt.news\/?p=17371"},"modified":"2025-07-24T14:01:14","modified_gmt":"2025-07-24T18:01:14","slug":"tarifa-de-trump-acentua-queda-de-preco-no-mercado-fisico","status":"publish","type":"post","link":"https:\/\/agromt.news\/?p=17371","title":{"rendered":"tarifa de Trump acentua queda de pre\u00e7o no mercado f\u00edsico"},"content":{"rendered":"<p> <br \/>\n<\/p>\n<div>\n<p>O cen\u00e1rio delimitado no mercado f\u00edsico do boi gordo no in\u00edcio de julho j\u00e1 apontava para queda dos pre\u00e7os, no entanto, esse movimento perdia intensidade, respeitando o piso dos R$ 300 por arroba (@) no f\u00edsico paulista como grande ponto de suporte. O aumento das tarifas imposta pelos Estados Unidos (50% sobre todos os produtos brasileiros), que reduziu substancialmente a competitividade brasileira no mercado internacional resultou em intensifica\u00e7\u00e3o do movimento de queda \u2013 o piso de R$ 300\/@ no f\u00edsico e no mercado futuro foi perdido, com os pre\u00e7os alcan\u00e7ando as m\u00ednimas no ano. <\/p>\n<p>O cen\u00e1rio para os <strong><a href=\"https:\/\/www.canalrural.com.br\/pecuaria\/\">pecuaristas <\/a><\/strong>\u00e9 desafiador, ilustrando com clareza a necessidade de ado\u00e7\u00e3o de ferramentas modernas de gest\u00e3o de risco. O hedge deixa de ser opcional diante de um mercado cada vez mais din\u00e2mico. O fato \u00e9 que o mercado futuro ofereceu \u00f3timas oportunidades de travamento ao longo do ano, em especial no m\u00eas de abril, quando o vencimento outubro superou a marca de R$ 350\/@.<\/p>\n<figure class=\"wp-block-image size-full\"><img fetchpriority=\"high\" decoding=\"async\" width=\"791\" height=\"446\" alt=\"\" class=\"wp-image-4112978\"  data-lazy- src=\"https:\/\/agromt.news\/wp-content\/uploads\/2025\/07\/tarifa-de-Trump-acentua-queda-de-preco-no-mercado-fisico.jpg\"\/><img decoding=\"async\" width=\"791\" height=\"446\" src=\"https:\/\/agromt.news\/wp-content\/uploads\/2025\/07\/tarifa-de-Trump-acentua-queda-de-preco-no-mercado-fisico.jpg\" alt=\"\" class=\"wp-image-4112978\"  \/><figcaption class=\"wp-element-caption\"><em>Vaia\u00e7\u00e3o do pre\u00e7o do boi gordo em reais ao longo do tempo. Fonte: Safras &amp; Mercado<\/em><\/figcaption><\/figure>\n<p>No mercado f\u00edsico, o movimento de queda durante a semana passada aconteceu de maneira acelerada e generalizada, com movimento contundente de queda em todo o pa\u00eds. Estados como S\u00e3o Paulo, Rond\u00f4nia, Mato Grosso, Mato Grosso do Sul e Goi\u00e1s apresentaram importante recuo das cota\u00e7\u00f5es, como ilustrado no gr\u00e1fico abaixo. A boa disponibilidade de animais terminados em regime intensivo dificulta a reten\u00e7\u00e3o por parte do pecuarista, al\u00e9m disso, se evidencia novamente boa participa\u00e7\u00e3o das f\u00eameas no abate, caracter\u00edstica marcante da atual temporada.<\/p>\n<p>Sob o prisma da ind\u00fastria os preju\u00edzos em rela\u00e7\u00e3o ao embargo s\u00e3o relevantes, de acordo com informa\u00e7\u00f5es da Associa\u00e7\u00e3o Brasileira das Ind\u00fastrias Exportadoras de Carnes (Abiec), s\u00e3o aproximadamente 30 mil toneladas j\u00e1 processadas e preparadas para o embarque que est\u00e3o paradas, os contratos est\u00e3o em risco de n\u00e3o serem cumpridos, em termos de receita as perdas podem representar em torno de US$ 160 milh\u00f5es.<\/p>\n<p>A ind\u00fastria segue buscando alternativas para redirecionar esse produto para outros destinos, o que n\u00e3o \u00e9 necessariamente simples, diante das especifica\u00e7\u00f5es exigidas pelos norte-americanos, de qualquer forma o pa\u00eds busca ampliar suas vendas para a \u00c1sia em meio \u00e0 crise na rela\u00e7\u00e3o comercial entre Estados Unidos e Brasil. O quadro de momento aponta para o recrudescimento da tens\u00e3o entre os pa\u00edses, considerando os recentes eventos pol\u00edticos. A disson\u00e2ncia pol\u00edtica entre os pa\u00edses fica evidente a cada declara\u00e7\u00e3o. Desta forma parece improv\u00e1vel que haja uma remo\u00e7\u00e3o das tarifas. <\/p>\n<\/div>\n<div>\n<p>As tentativas de incluir determinados produtos em uma lista de exce\u00e7\u00f5es segue em curso, com negocia\u00e7\u00f5es encabe\u00e7adas pelo vice-presidente Geraldo Alckmin e lideran\u00e7as industriais. Produtos como caf\u00e9, carne bovina e suco de laranja podem ser beneficiados nesse movimento, no entanto, esse acordo fica mais improv\u00e1vel com os eventos recentes. <\/p>\n<p>Para o mercado do boi gordo o quadro tra\u00e7ado, ao menos no curt\u00edssimo prazo, \u00e9 de continuidade do movimento de queda, com o prov\u00e1vel ponto de m\u00ednima em S\u00e3o Paulo ao n\u00edvel de R$ 285\/@. O mercado vai assimilar as mudan\u00e7as em torno das exporta\u00e7\u00f5es. O que tamb\u00e9m acelerou o movimento foi o cen\u00e1rio tra\u00e7ado para o atacado, com importante queda dos pre\u00e7os em todos os cortes, com osso e sem osso. <\/p>\n<p>Para o \u00faltimo quadrimestre o mais prov\u00e1vel \u00e9 que haja recupera\u00e7\u00e3o dos pre\u00e7os da arroba do boi gordo, considerando dois elementos b\u00e1sicos nessa an\u00e1lise. O primeiro \u00e9 o auge da demanda no mercado dom\u00e9stico, com maior circula\u00e7\u00e3o de dinheiro com o d\u00e9cimo terceiro sal\u00e1rio, cria\u00e7\u00e3o de postos tempor\u00e1rios de emprego, demais bonifica\u00e7\u00f5es e confraterniza\u00e7\u00f5es. O segundo aspecto est\u00e1 na perspectiva de abertura de novos mercados, e manuten\u00e7\u00e3o de um forte ritmo de embarques. <\/p>\n<p>De qualquer forma, a perspectiva de altas mais agressivas da arroba do boi gordo parece improv\u00e1veis no atual ambiente. Para o pecuarista, o ano corrente deixa a li\u00e7\u00e3o que proteger ao menos uma parcela das arrobas que ser\u00e3o entregues \u00e9 imprescind\u00edvel para conseguir boas margens e ter longevidade dentro de um mercado cada vez mais exigente.<\/p>\n<div class=\"wp-block-media-text is-stacked-on-mobile\">\n<figure class=\"wp-block-media-text__media\"><img decoding=\"async\" width=\"470\" height=\"470\" alt=\"\" class=\"wp-image-4104708 size-full\"  data-lazy- src=\"https:\/\/agromt.news\/wp-content\/uploads\/2025\/06\/Como-o-maior-exportador-de-carne-de-frango-do-mundo.png\"\/><img loading=\"lazy\" decoding=\"async\" width=\"470\" height=\"470\" src=\"https:\/\/agromt.news\/wp-content\/uploads\/2025\/06\/Como-o-maior-exportador-de-carne-de-frango-do-mundo.png\" alt=\"\" class=\"wp-image-4104708 size-full\"  \/><\/figure>\n<div class=\"wp-block-media-text__content\">\n<p><strong>*Fernando Henrique Iglesias<\/strong> <em>\u00e9 coordenador do departamento de An\u00e1lise de Safras &amp; Mercado, com especialidade no setor de carnes (boi, frango e su\u00edno)<\/em><\/p>\n<\/div>\n<\/div>\n<hr class=\"wp-block-separator has-alpha-channel-opacity\"\/>\n<p><em>O\u00a0<strong>Canal Rural<\/strong>\u00a0n\u00e3o se responsabiliza pelas opini\u00f5es e conceitos emitidos nos textos desta sess\u00e3o, sendo os conte\u00fados de inteira responsabilidade de seus autores. A empresa se reserva o direito de fazer ajustes no texto para adequa\u00e7\u00e3o \u00e0s normas de publica\u00e7\u00e3o.<\/em><\/p>\n<\/p><\/div>\n<p><br \/>\n<br \/><a href=\"https:\/\/www.canalrural.com.br\/opiniao-noticias\/boi-gordo-tarifa-de-trump-acentua-queda-de-preco-no-mercado-fisico\/\">Source link <\/a><\/p>\n","protected":false},"excerpt":{"rendered":"<p>O cen\u00e1rio delimitado no mercado f\u00edsico do boi gordo no in\u00edcio de julho j\u00e1 apontava para queda dos pre\u00e7os, no<\/p>\n","protected":false},"author":1,"featured_media":11195,"comment_status":"open","ping_status":"open","sticky":false,"template":"","format":"standard","meta":{"_monsterinsights_skip_tracking":false,"_monsterinsights_sitenote_active":false,"_monsterinsights_sitenote_note":"","_monsterinsights_sitenote_category":0,"_uf_show_specific_survey":0,"_uf_disable_surveys":false,"footnotes":""},"categories":[1],"tags":[],"class_list":["post-17371","post","type-post","status-publish","format-standard","has-post-thumbnail","hentry","category-news"],"_links":{"self":[{"href":"https:\/\/agromt.news\/index.php?rest_route=\/wp\/v2\/posts\/17371"}],"collection":[{"href":"https:\/\/agromt.news\/index.php?rest_route=\/wp\/v2\/posts"}],"about":[{"href":"https:\/\/agromt.news\/index.php?rest_route=\/wp\/v2\/types\/post"}],"author":[{"embeddable":true,"href":"https:\/\/agromt.news\/index.php?rest_route=\/wp\/v2\/users\/1"}],"replies":[{"embeddable":true,"href":"https:\/\/agromt.news\/index.php?rest_route=%2Fwp%2Fv2%2Fcomments&post=17371"}],"version-history":[{"count":0,"href":"https:\/\/agromt.news\/index.php?rest_route=\/wp\/v2\/posts\/17371\/revisions"}],"wp:featuredmedia":[{"embeddable":true,"href":"https:\/\/agromt.news\/index.php?rest_route=\/wp\/v2\/media\/11195"}],"wp:attachment":[{"href":"https:\/\/agromt.news\/index.php?rest_route=%2Fwp%2Fv2%2Fmedia&parent=17371"}],"wp:term":[{"taxonomy":"category","embeddable":true,"href":"https:\/\/agromt.news\/index.php?rest_route=%2Fwp%2Fv2%2Fcategories&post=17371"},{"taxonomy":"post_tag","embeddable":true,"href":"https:\/\/agromt.news\/index.php?rest_route=%2Fwp%2Fv2%2Ftags&post=17371"}],"curies":[{"name":"wp","href":"https:\/\/api.w.org\/{rel}","templated":true}]}}