{"id":17367,"date":"2025-07-24T12:22:32","date_gmt":"2025-07-24T16:22:32","guid":{"rendered":"https:\/\/agromt.news\/?p=17367"},"modified":"2025-07-24T12:22:32","modified_gmt":"2025-07-24T16:22:32","slug":"importadoras-americanas-de-suco-de-laranja-do-brasil-pedem-fim-de-tarifaco","status":"publish","type":"post","link":"https:\/\/agromt.news\/?p=17367","title":{"rendered":"Importadoras americanas de suco de laranja do Brasil pedem fim de tarifa\u00e7o"},"content":{"rendered":"<p> <br \/>\n<br \/><img decoding=\"async\" src=\"https:\/\/agromt.news\/wp-content\/uploads\/2025\/05\/Laranja-tem-previsao-de-alta-para-safra-202526.jpg\" \/><\/p>\n<div>\n<p>As importadoras de suco de laranja Johanna Foods e Johanna Beverage Company entraram com um pedido de al\u00edvio emergencial junto ao Tribunal de Com\u00e9rcio Internacional (CIT, na sigla em ingl\u00eas) dos EUA contra a tarifa de 50% ao Brasil. Trata-se de uma nova ofensiva do grupo para tentar conter a taxa\u00e7\u00e3o ao pa\u00eds, respons\u00e1vel por mais da metade de todo o suco de laranja vendido nos EUA.<\/p>\n<p>O pedido foi protocolado na ter\u00e7a-feira (23) conforme documento obtido pelo <i>Estad\u00e3o\/Broadcast<\/i>. As requerentes solicitam uma ordem de restri\u00e7\u00e3o tempor\u00e1ria, uma medida cautelar e\/ou uma liminar permanente para evitar a imposi\u00e7\u00e3o e aplica\u00e7\u00e3o da tarifa ao Brasil, a partir de 1.\u00ba de agosto. O documento tem 160 p\u00e1ginas.<\/p>\n<p>Na nova ofensiva judicial, as empresas alegam que a taxa\u00e7\u00e3o do presidente dos EUA, Donald Trump, aos produtos brasileiros n\u00e3o encontra respaldo na Se\u00e7\u00e3o 301, no \u00e2mbito da investiga\u00e7\u00e3o de pr\u00e1ticas injustas do Brasil aberta pelo Escrit\u00f3rio do Representante Comercial dos Estados Unidos (USTR, na sigla em ingl\u00eas), nem nos requisitos obrigat\u00f3rios da Lei de Poderes Econ\u00f4micos de Emerg\u00eancia Internacional (IEEPA).<\/p>\n<p>\u201cA medida cautelar \u00e9 essencial para prevenir danos irrepar\u00e1veis significativos que os requerentes e os consumidores americanos sofrer\u00e3o quando a Tarifa do Brasil entrar em vigor em 1.\u00ba de agosto de 2025\u201d, afirmaram as empresas, no pedido.<\/p>\n<p><a href=\"https:\/\/www.canalrural.com.br\/agricultura\/laranja\/importadora-de-suco-de-laranja-dos-eua-aciona-justica-contra-tarifaco-de-trump\/\">Na semana passada, a Johanna Foods, com sede em Nova Jersey,<\/a> e a Johanna Beverage Company, baseada em Washington, j\u00e1 haviam apresentado a\u00e7\u00e3o no Tribunal de Com\u00e9rcio Internacional dos EUA contra a decis\u00e3o de Trump de taxar o Brasil em 50%.<\/p>\n<p>As empresas afirmaram que ter\u00e3o custos adicionais de US$ 68 milh\u00f5es nos pr\u00f3ximos 12 meses por conta da tarifa, o que elevaria entre 20% e 25% o pre\u00e7o que os consumidores americanos pagam pela bebida.<\/p>\n<\/div>\n<div>\n<p><b>OMC<\/b><\/p>\n<p>O representante do governo brasileiro no Conselho Geral da Organiza\u00e7\u00e3o Mundial do Com\u00e9rcio (OMC), embaixador Philip Fox-Drummond Gough, expressou \u201cprofunda preocupa\u00e7\u00e3o\u201d com o uso de medidas comerciais unilaterais como instrumento de interfer\u00eancia nos assuntos internos de outros pa\u00edses.<\/p>\n<p>No encontro, que acontece em Genebra, foi debatido o tema Respeito ao Sistema Multilateral de Com\u00e9rcio Baseado em Regras, ponto inclu\u00eddo na agenda por iniciativa do Brasil.<\/p>\n<p>Sem citar especificamente os Estados Unidos e Trump, o secret\u00e1rio de Assuntos Econ\u00f4micos e Financeiros do Itamaraty condenou \u201ctarifas arbitr\u00e1rias, anunciadas e implementadas de forma ca\u00f3tica\u201d e que, segundo ele, violam os princ\u00edpios fundamentais da OMC e amea\u00e7am a economia mundial.<\/p>\n<p>\u201cContinuaremos a priorizar solu\u00e7\u00f5es negociadas e a confiar em boas rela\u00e7\u00f5es diplom\u00e1ticas e comerciais. Caso as negocia\u00e7\u00f5es fracassem, recorreremos a todos os meios legais dispon\u00edveis para defender nossa economia e nosso povo \u2013 e isso inclui o sistema de solu\u00e7\u00e3o de controv\u00e9rsias da OMC\u201d, disse o embaixador brasileiro. <\/p>\n<p>Gough prop\u00f4s ainda a atua\u00e7\u00e3o conjunta de outros pa\u00edses nessa quest\u00e3o. \u201cAs maiores economias, que mais se beneficiaram do sistema comercial, devem dar o exemplo e tomar medidas firmes contra a prolifera\u00e7\u00e3o de medidas comerciais unilaterais\u201d, argumentou.<\/p>\n<p>\u201cAs economias em desenvolvimento, que s\u00e3o as mais vulner\u00e1veis a atos de coer\u00e7\u00e3o comercial, devem se unir em defesa do sistema multilateral de com\u00e9rcio baseado em regras\u201d, completou ele. A manifesta\u00e7\u00e3o brasileira na OMC ainda citou declara\u00e7\u00e3o do presidente Luiz In\u00e1cio Lula da Silva em artigo recente, em que o chefe do Executivo brasileiro defendeu a \u201cnecessidade urgente\u201d de retomada do compromisso com a diplomacia e da reconstru\u00e7\u00e3o das bases do verdadeiro multilateralismo. <\/p>\n<\/p><\/div>\n<p><br \/>\n<br \/><a href=\"https:\/\/www.canalrural.com.br\/agricultura\/laranja\/importadoras-americanas-de-suco-brasileiro-pedem-alivio-imediato-de-taxas\/\">Source link <\/a><\/p>\n","protected":false},"excerpt":{"rendered":"<p>As importadoras de suco de laranja Johanna Foods e Johanna Beverage Company entraram com um pedido de al\u00edvio emergencial junto<\/p>\n","protected":false},"author":1,"featured_media":13812,"comment_status":"open","ping_status":"open","sticky":false,"template":"","format":"standard","meta":{"_monsterinsights_skip_tracking":false,"_monsterinsights_sitenote_active":false,"_monsterinsights_sitenote_note":"","_monsterinsights_sitenote_category":0,"_uf_show_specific_survey":0,"_uf_disable_surveys":false,"footnotes":""},"categories":[1],"tags":[],"class_list":["post-17367","post","type-post","status-publish","format-standard","has-post-thumbnail","hentry","category-news"],"_links":{"self":[{"href":"https:\/\/agromt.news\/index.php?rest_route=\/wp\/v2\/posts\/17367"}],"collection":[{"href":"https:\/\/agromt.news\/index.php?rest_route=\/wp\/v2\/posts"}],"about":[{"href":"https:\/\/agromt.news\/index.php?rest_route=\/wp\/v2\/types\/post"}],"author":[{"embeddable":true,"href":"https:\/\/agromt.news\/index.php?rest_route=\/wp\/v2\/users\/1"}],"replies":[{"embeddable":true,"href":"https:\/\/agromt.news\/index.php?rest_route=%2Fwp%2Fv2%2Fcomments&post=17367"}],"version-history":[{"count":0,"href":"https:\/\/agromt.news\/index.php?rest_route=\/wp\/v2\/posts\/17367\/revisions"}],"wp:featuredmedia":[{"embeddable":true,"href":"https:\/\/agromt.news\/index.php?rest_route=\/wp\/v2\/media\/13812"}],"wp:attachment":[{"href":"https:\/\/agromt.news\/index.php?rest_route=%2Fwp%2Fv2%2Fmedia&parent=17367"}],"wp:term":[{"taxonomy":"category","embeddable":true,"href":"https:\/\/agromt.news\/index.php?rest_route=%2Fwp%2Fv2%2Fcategories&post=17367"},{"taxonomy":"post_tag","embeddable":true,"href":"https:\/\/agromt.news\/index.php?rest_route=%2Fwp%2Fv2%2Ftags&post=17367"}],"curies":[{"name":"wp","href":"https:\/\/api.w.org\/{rel}","templated":true}]}}