{"id":17366,"date":"2025-07-24T11:47:52","date_gmt":"2025-07-24T15:47:52","guid":{"rendered":"https:\/\/agromt.news\/?p=17366"},"modified":"2025-07-24T11:47:52","modified_gmt":"2025-07-24T15:47:52","slug":"informacao-e-chave-para-o-agro-enfrentar-criticas-alerta-especialista","status":"publish","type":"post","link":"https:\/\/agromt.news\/?p=17366","title":{"rendered":"Informa\u00e7\u00e3o \u00e9 chave para o agro enfrentar cr\u00edticas, alerta especialista"},"content":{"rendered":"<p> <br \/>\n<\/p>\n<div>\n<p style=\"text-align:justify\">A necessidade de gerar e disponibilizar dados sobre a agropecu\u00e1ria brasileira, especialmente em rela\u00e7\u00e3o \u00e0 sustentabilidade da produ\u00e7\u00e3o, tem sido enfatizada nas discuss\u00f5es do 10\u00ba Congresso Brasileiro de Soja e Mercosoja, que acontece nesta semana em Campinas, SP. Na confer\u00eancia de abertura da programa\u00e7\u00e3o desta quarta-feira (23), o professor Edivaldo Domingues Velini, da Unesp\/Botucatu, apresentou informa\u00e7\u00f5es sobre os aspectos sustent\u00e1veis do setor rural.<\/p>\n<p>Do ponto de vista econ\u00f4mico, a agropecu\u00e1ria exporta mais do que importa, mantendo positiva n\u00e3o s\u00f3 a balan\u00e7a comercial do segmento, mas tamb\u00e9m a do Pa\u00eds. Um gr\u00e1fico com s\u00e9rie hist\u00f3rica desde 1988, exibido pelo palestrante, mostra que a balan\u00e7a comercial brasileira tem se mantido quase sempre positiva. No entanto, ao se excluir o setor agropecu\u00e1rio da equa\u00e7\u00e3o, ela se torna negativa a partir dos anos 2000.<\/p>\n<p>A produ\u00e7\u00e3o do campo tamb\u00e9m desempenha papel decisivo na matriz energ\u00e9tica brasileira. A biomassa representa 32,56% da energia consumida no Brasil. O biodiesel fornece mais energia do que os sistemas solares, e o volume gerado seria suficiente para abastecer todo o Uruguai, afirmou o professor. A matriz energ\u00e9tica brasileira \u00e9 49% renov\u00e1vel, muito acima da m\u00e9dia mundial, de 14%. \u201cMas o Brasil, sem biomassa, seria igual ao restante do mundo\u201d, alertou Velini.<\/p>\n<p>Cr\u00edtica comum ao agroneg\u00f3cio nacional, o volume de agrot\u00f3xicos utilizados no Brasil precisa ser analisado em perspectiva, defendeu o palestrante. \u201c\u00c9 um pa\u00eds complexo, que pratica agricultura intensivamente, em \u00e1reas extensas, e muitas compara\u00e7\u00f5es n\u00e3o fazem sentido\u201d, pontuou. A agricultura brasileira lidera o ranking em valor absoluto de compras de defensivos, mas cai para a 7\u00aa e 14\u00aa posi\u00e7\u00f5es quando se considera o valor por hectare e por tonelada de produto, respectivamente. No caso dos herbicidas, o Brasil tamb\u00e9m lidera em volume total consumido, mas fica abaixo da m\u00e9dia mundial quando se analisam os \u00edndices por \u00e1rea cultivada e por produ\u00e7\u00e3o obtida.<\/p>\n<p>Velini ponderou que mesmo esses indicadores n\u00e3o s\u00e3o os mais adequados. Ele defende o uso de \u00edndices que avaliem a seguran\u00e7a da aplica\u00e7\u00e3o para trabalhadores, consumidores e o meio ambiente, como o Environmental Impact Quotient (EIQ). Considerando esse indicador, a seguran\u00e7a tem aumentado nos cultivos de a\u00e7\u00facar, cana-de-a\u00e7\u00facar, milho e soja, destacou o professor.<\/p>\n<p>Apesar de ter apresentado diversos dados, Velini ressaltou a car\u00eancia de informa\u00e7\u00f5es com s\u00e9ries hist\u00f3ricas acess\u00edveis sobre a agropecu\u00e1ria brasileira. \u201cLevem a s\u00e9rio os bancos de dados. Precisamos ter informa\u00e7\u00f5es, e elas precisam ser acess\u00edveis\u201d, enfatizou. Segundo ele, os dados s\u00e3o pe\u00e7a-chave para enfrentar um dos principais desafios do agro: a comunica\u00e7\u00e3o com a sociedade.<\/p>\n<p>O professor tamb\u00e9m chamou aten\u00e7\u00e3o para as oportunidades perdidas pelo Pa\u00eds devido ao baixo investimento em pesquisa, desenvolvimento e inova\u00e7\u00e3o. \u201cN\u00e3o consigo imaginar onde estar\u00edamos se, em vez de 20 bilh\u00f5es, estiv\u00e9ssemos investindo 200 bilh\u00f5es de reais em pesquisa\u201d, afirmou. \u201cO que o Brasil precisa no curto prazo? S\u00e9ries de dados e associa\u00e7\u00f5es para inova\u00e7\u00e3o em pesquisa.\u201d No longo prazo, ele acredita que o aumento dos investimentos passa por uma mudan\u00e7a mais profunda no direcionamento dos recursos p\u00fablicos.<\/p>\n<p><strong>CBSoja<\/strong><br \/>&#13;<br \/>\nO 10\u00ba Congresso Brasileiro de Soja e Mercosoja \u00e9 promovido pela Embrapa Soja e ocorre at\u00e9 quinta-feira, dia 21, no Expo Dom Pedro, em Campinas. O evento conta com quatro confer\u00eancias e 15 pain\u00e9is, somando mais de 50 palestras de especialistas brasileiros e estrangeiros. Al\u00e9m disso, s\u00e3o apresentados 321 trabalhos t\u00e9cnico-cient\u00edficos em nove sess\u00f5es tem\u00e1ticas e cinco debates sobre temas pr\u00e1ticos relacionados ao dia a dia das lavouras.&#13;\n<\/p>\n<\/p><\/div>\n<p><script data-cfasync=\"false\">\n    !function (f, b, e, v, n, t, s) {\n        if (f.fbq) return; n = f.fbq = function () {\n            n.callMethod ?\n                n.callMethod.apply(n, arguments) : n.queue.push(arguments)\n        };\n        if (!f._fbq) f._fbq = n; n.push = n; n.loaded = !0; n.version = '2.0';\n        n.queue = []; t = b.createElement(e); t.async = !0;\n        t.src = v; s = b.getElementsByTagName(e)[0];\n        s.parentNode.insertBefore(t, s)\n    }(window, document, 'script',\n        'https:\/\/connect.facebook.net\/en_US\/fbevents.js');\n    fbq('init', '522546078623747');\n    fbq('track', 'PageView');\n<\/script><br \/>\n<br \/><br \/>\n<br \/><a href=\"https:\/\/www.agrolink.com.br\/noticias\/informacao-e-chave-para-o-agro-enfrentar-criticas--alerta-especialista_504239.html\">Source link <\/a><\/p>\n","protected":false},"excerpt":{"rendered":"<p>A necessidade de gerar e disponibilizar dados sobre a agropecu\u00e1ria brasileira, especialmente em rela\u00e7\u00e3o \u00e0 sustentabilidade da produ\u00e7\u00e3o, tem sido<\/p>\n","protected":false},"author":1,"featured_media":14046,"comment_status":"open","ping_status":"open","sticky":false,"template":"","format":"standard","meta":{"_monsterinsights_skip_tracking":false,"_monsterinsights_sitenote_active":false,"_monsterinsights_sitenote_note":"","_monsterinsights_sitenote_category":0,"_uf_show_specific_survey":0,"_uf_disable_surveys":false,"footnotes":""},"categories":[8,1,14],"tags":[],"class_list":["post-17366","post","type-post","status-publish","format-standard","has-post-thumbnail","hentry","category-agro","category-news","category-politica-agro"],"_links":{"self":[{"href":"https:\/\/agromt.news\/index.php?rest_route=\/wp\/v2\/posts\/17366"}],"collection":[{"href":"https:\/\/agromt.news\/index.php?rest_route=\/wp\/v2\/posts"}],"about":[{"href":"https:\/\/agromt.news\/index.php?rest_route=\/wp\/v2\/types\/post"}],"author":[{"embeddable":true,"href":"https:\/\/agromt.news\/index.php?rest_route=\/wp\/v2\/users\/1"}],"replies":[{"embeddable":true,"href":"https:\/\/agromt.news\/index.php?rest_route=%2Fwp%2Fv2%2Fcomments&post=17366"}],"version-history":[{"count":0,"href":"https:\/\/agromt.news\/index.php?rest_route=\/wp\/v2\/posts\/17366\/revisions"}],"wp:featuredmedia":[{"embeddable":true,"href":"https:\/\/agromt.news\/index.php?rest_route=\/wp\/v2\/media\/14046"}],"wp:attachment":[{"href":"https:\/\/agromt.news\/index.php?rest_route=%2Fwp%2Fv2%2Fmedia&parent=17366"}],"wp:term":[{"taxonomy":"category","embeddable":true,"href":"https:\/\/agromt.news\/index.php?rest_route=%2Fwp%2Fv2%2Fcategories&post=17366"},{"taxonomy":"post_tag","embeddable":true,"href":"https:\/\/agromt.news\/index.php?rest_route=%2Fwp%2Fv2%2Ftags&post=17366"}],"curies":[{"name":"wp","href":"https:\/\/api.w.org\/{rel}","templated":true}]}}