{"id":17364,"date":"2025-07-24T10:28:38","date_gmt":"2025-07-24T14:28:38","guid":{"rendered":"https:\/\/agromt.news\/?p=17364"},"modified":"2025-07-24T10:28:38","modified_gmt":"2025-07-24T14:28:38","slug":"caso-de-gripe-aviaria-e-confirmado-no-interior-de-sao-paulo","status":"publish","type":"post","link":"https:\/\/agromt.news\/?p=17364","title":{"rendered":"Caso de gripe avi\u00e1ria \u00e9 confirmado no interior de S\u00e3o Paulo"},"content":{"rendered":"<p> <br \/>\n<br \/><img decoding=\"async\" src=\"https:\/\/agromt.news\/wp-content\/uploads\/2025\/07\/Caso-de-gripe-aviaria-e-confirmado-no-interior-de-Sao.jpg\" \/><\/p>\n<div>\n<p>Foi confirmado na quarta-feira (23) um novo caso de gripe avi\u00e1ria no interior de S\u00e3o Paulo, segundo informa\u00e7\u00f5es da Secretaria de Agricultura e Abastecimento (SAA) de S\u00e3o Paulo.<\/p>\n<p>O caso foi constatado em uma cria\u00e7\u00e3o de subsist\u00eancia na cidade de Monte<br \/>Azul Paulista. De acordo com a secretaria, todas as medidas sanit\u00e1rias j\u00e1 foram tomadas<br \/>pelas autoridades competentes, n\u00e3o h\u00e1 risco \u00e0 popula\u00e7\u00e3o e o consumo de carne de aves e ovos permanece seguro.<\/p>\n<p><em>Veja em primeira m\u00e3o tudo sobre agricultura, pecu\u00e1ria, economia e previs\u00e3o do tempo:\u00a0<\/em><a href=\"https:\/\/news.google.com\/publications\/CAAqBwgKMPKZlQswq_mqAw?hl=pt-BR&amp;gl=BR&amp;ceid=BR%3Apt-419\"><em>siga o Canal Rural no Google News!<\/em><\/a><\/p>\n<\/div>\n<div>\n<p>A confirma\u00e7\u00e3o foi feita pelo Laborat\u00f3rio Federal de Defesa Agropecu\u00e1ria (LFDA) e envolveu duas galinhas que viviam em uma propriedade particular. No entorno da propriedade existem seis estabelecimentos av\u00edcolas comerciais os quais j\u00e1 foram fiscalizados por equipes da Defesa Agropecu\u00e1ria e que constataram a aus\u00eancia de sinais cl\u00ednicos.<\/p>\n<p>Al\u00e9m disso, equipes j\u00e1 iniciaram a\u00e7\u00f5es de vigil\u00e2ncia ativa em cria\u00e7\u00f5es de subsist\u00eancia<br \/>em um raio de 10 km com o objetivo de encontrar poss\u00edveis sintomatologias compat\u00edveis com a doen\u00e7a.<\/p>\n<\/p><\/div>\n<p><br \/>\n<br \/><a href=\"https:\/\/www.canalrural.com.br\/aves-e-suinos\/caso-de-gripe-aviaria-e-confirmado-no-interior-de-sao-paulo\/\">Source link <\/a><\/p>\n","protected":false},"excerpt":{"rendered":"<p>Foi confirmado na quarta-feira (23) um novo caso de gripe avi\u00e1ria no interior de S\u00e3o Paulo, segundo informa\u00e7\u00f5es da Secretaria<\/p>\n","protected":false},"author":1,"featured_media":17365,"comment_status":"open","ping_status":"open","sticky":false,"template":"","format":"standard","meta":{"_monsterinsights_skip_tracking":false,"_monsterinsights_sitenote_active":false,"_monsterinsights_sitenote_note":"","_monsterinsights_sitenote_category":0,"_uf_show_specific_survey":0,"_uf_disable_surveys":false,"footnotes":""},"categories":[1],"tags":[],"class_list":["post-17364","post","type-post","status-publish","format-standard","has-post-thumbnail","hentry","category-news"],"_links":{"self":[{"href":"https:\/\/agromt.news\/index.php?rest_route=\/wp\/v2\/posts\/17364"}],"collection":[{"href":"https:\/\/agromt.news\/index.php?rest_route=\/wp\/v2\/posts"}],"about":[{"href":"https:\/\/agromt.news\/index.php?rest_route=\/wp\/v2\/types\/post"}],"author":[{"embeddable":true,"href":"https:\/\/agromt.news\/index.php?rest_route=\/wp\/v2\/users\/1"}],"replies":[{"embeddable":true,"href":"https:\/\/agromt.news\/index.php?rest_route=%2Fwp%2Fv2%2Fcomments&post=17364"}],"version-history":[{"count":0,"href":"https:\/\/agromt.news\/index.php?rest_route=\/wp\/v2\/posts\/17364\/revisions"}],"wp:featuredmedia":[{"embeddable":true,"href":"https:\/\/agromt.news\/index.php?rest_route=\/wp\/v2\/media\/17365"}],"wp:attachment":[{"href":"https:\/\/agromt.news\/index.php?rest_route=%2Fwp%2Fv2%2Fmedia&parent=17364"}],"wp:term":[{"taxonomy":"category","embeddable":true,"href":"https:\/\/agromt.news\/index.php?rest_route=%2Fwp%2Fv2%2Fcategories&post=17364"},{"taxonomy":"post_tag","embeddable":true,"href":"https:\/\/agromt.news\/index.php?rest_route=%2Fwp%2Fv2%2Ftags&post=17364"}],"curies":[{"name":"wp","href":"https:\/\/api.w.org\/{rel}","templated":true}]}}