{"id":17286,"date":"2025-07-23T12:24:12","date_gmt":"2025-07-23T16:24:12","guid":{"rendered":"https:\/\/agromt.news\/?p=17286"},"modified":"2025-07-23T12:24:12","modified_gmt":"2025-07-23T16:24:12","slug":"eua-podem-taxar-carne-bovina-e-afetar-competitividade","status":"publish","type":"post","link":"https:\/\/agromt.news\/?p=17286","title":{"rendered":"EUA podem taxar carne bovina e afetar competitividade"},"content":{"rendered":"<p> <br \/>\n<\/p>\n<div>\n<p style=\"text-align:justify\">A an\u00e1lise &#8220;Tem Boi na Linha&#8221;, divulgada pela Scot Consultoria, apontou queda nas cota\u00e7\u00f5es do \u201cboi China\u201d e da vaca em S\u00e3o Paulo nesta ter\u00e7a-feira, 22. De acordo com o levantamento, os neg\u00f3cios nas ind\u00fastrias ativas ocorreram com valores inferiores aos registrados anteriormente. A arroba do \u201cboi China\u201d recuou R$ 2,00 e a da vaca, R$ 3,00.&#13;\n<\/p>\n<p style=\"text-align:justify\">Segundo a consultoria, \u201cgrande parte das ind\u00fastrias frigor\u00edficas ainda esteve fora das compras\u201d. As escalas de abate ficaram entre oito e nove dias, em m\u00e9dia. Muitas empresas t\u00eam evitado estender suas programa\u00e7\u00f5es, optando por uma estrat\u00e9gia mais cautelosa, acompanhando o mercado dia a dia, diante da aus\u00eancia de recupera\u00e7\u00e3o no consumo interno. Esse cen\u00e1rio tamb\u00e9m tem levado \u00e0 redu\u00e7\u00e3o do n\u00famero de dias de abate semanal.<\/p>\n<p style=\"text-align:justify\">Na Bahia, a oferta foi menor em rela\u00e7\u00e3o \u00e0 semana anterior, mas o escoamento da carne bovina permanece como um dos principais entraves. Com isso, os pre\u00e7os seguiram em queda. No Oeste do estado, as cota\u00e7\u00f5es do boi, da vaca e da novilha recuaram R$ 5,00 por arroba. J\u00e1 na regi\u00e3o Sul, o boi gordo e a novilha tamb\u00e9m ca\u00edram R$ 5,00\/@, enquanto a vaca teve queda de R$ 3,00\/@.&#13;\n<\/p>\n<p style=\"text-align:justify\">No cen\u00e1rio externo, a exporta\u00e7\u00e3o de carne bovina in natura apresentou desempenho positivo at\u00e9 a terceira semana de julho. O volume exportado alcan\u00e7ou 172,7 mil toneladas, com m\u00e9dia di\u00e1ria de 12,3 mil toneladas \u2014 um avan\u00e7o de 19,6% frente ao mesmo per\u00edodo de 2024. A cota\u00e7\u00e3o m\u00e9dia da tonelada exportada ficou em US$ 5,5 mil, representando alta de 25,8% na compara\u00e7\u00e3o anual.<\/p>\n<p style=\"text-align:justify\">Entre os dias 14 e 18 de julho, o setor registrou a melhor semana do ano em termos de pre\u00e7o da tonelada exportada, a segunda maior em volume e a terceira melhor m\u00e9dia di\u00e1ria de embarques.<\/p>\n<p style=\"text-align:justify\">Apesar do desempenho, a perspectiva de imposi\u00e7\u00e3o de tarifas pelos Estados Unidos a partir de 1\u00ba de agosto tem gerado apreens\u00e3o. No primeiro semestre, os norte-americanos importaram 156 mil toneladas da prote\u00edna brasileira, enquanto a China liderou com 631 mil toneladas. A poss\u00edvel taxa\u00e7\u00e3o pode afetar a competitividade do produto brasileiro, com impactos sobre as margens e o volume exportado, caso parte da demanda internacional seja redirecionada.&#13;\n<\/p>\n<\/p><\/div>\n<p><script data-cfasync=\"false\">\n    !function (f, b, e, v, n, t, s) {\n        if (f.fbq) return; n = f.fbq = function () {\n            n.callMethod ?\n                n.callMethod.apply(n, arguments) : n.queue.push(arguments)\n        };\n        if (!f._fbq) f._fbq = n; n.push = n; n.loaded = !0; n.version = '2.0';\n        n.queue = []; t = b.createElement(e); t.async = !0;\n        t.src = v; s = b.getElementsByTagName(e)[0];\n        s.parentNode.insertBefore(t, s)\n    }(window, document, 'script',\n        'https:\/\/connect.facebook.net\/en_US\/fbevents.js');\n    fbq('init', '522546078623747');\n    fbq('track', 'PageView');\n<\/script><br \/>\n<br \/><br \/>\n<br \/><a href=\"https:\/\/www.agrolink.com.br\/noticias\/eua-podem-taxar-carne-bovina-e-afetar-competitividade_504181.html\">Source link <\/a><\/p>\n","protected":false},"excerpt":{"rendered":"<p>A an\u00e1lise &#8220;Tem Boi na Linha&#8221;, divulgada pela Scot Consultoria, apontou queda nas cota\u00e7\u00f5es do \u201cboi China\u201d e da vaca<\/p>\n","protected":false},"author":1,"featured_media":10781,"comment_status":"open","ping_status":"open","sticky":false,"template":"","format":"standard","meta":{"_monsterinsights_skip_tracking":false,"_monsterinsights_sitenote_active":false,"_monsterinsights_sitenote_note":"","_monsterinsights_sitenote_category":0,"_uf_show_specific_survey":0,"_uf_disable_surveys":false,"footnotes":""},"categories":[8,1,14],"tags":[],"class_list":["post-17286","post","type-post","status-publish","format-standard","has-post-thumbnail","hentry","category-agro","category-news","category-politica-agro"],"_links":{"self":[{"href":"https:\/\/agromt.news\/index.php?rest_route=\/wp\/v2\/posts\/17286"}],"collection":[{"href":"https:\/\/agromt.news\/index.php?rest_route=\/wp\/v2\/posts"}],"about":[{"href":"https:\/\/agromt.news\/index.php?rest_route=\/wp\/v2\/types\/post"}],"author":[{"embeddable":true,"href":"https:\/\/agromt.news\/index.php?rest_route=\/wp\/v2\/users\/1"}],"replies":[{"embeddable":true,"href":"https:\/\/agromt.news\/index.php?rest_route=%2Fwp%2Fv2%2Fcomments&post=17286"}],"version-history":[{"count":0,"href":"https:\/\/agromt.news\/index.php?rest_route=\/wp\/v2\/posts\/17286\/revisions"}],"wp:featuredmedia":[{"embeddable":true,"href":"https:\/\/agromt.news\/index.php?rest_route=\/wp\/v2\/media\/10781"}],"wp:attachment":[{"href":"https:\/\/agromt.news\/index.php?rest_route=%2Fwp%2Fv2%2Fmedia&parent=17286"}],"wp:term":[{"taxonomy":"category","embeddable":true,"href":"https:\/\/agromt.news\/index.php?rest_route=%2Fwp%2Fv2%2Fcategories&post=17286"},{"taxonomy":"post_tag","embeddable":true,"href":"https:\/\/agromt.news\/index.php?rest_route=%2Fwp%2Fv2%2Ftags&post=17286"}],"curies":[{"name":"wp","href":"https:\/\/api.w.org\/{rel}","templated":true}]}}