{"id":17276,"date":"2025-07-23T09:22:59","date_gmt":"2025-07-23T13:22:59","guid":{"rendered":"https:\/\/agromt.news\/?p=17276"},"modified":"2025-07-23T09:22:59","modified_gmt":"2025-07-23T13:22:59","slug":"cenario-do-setor-e-incerto-com-tarifacao-americana","status":"publish","type":"post","link":"https:\/\/agromt.news\/?p=17276","title":{"rendered":"cen\u00e1rio do setor \u00e9 incerto com tarifa\u00e7\u00e3o americana"},"content":{"rendered":"<p> <br \/>\n<br \/><img decoding=\"async\" src=\"https:\/\/agromt.news\/wp-content\/uploads\/2025\/06\/Cafe-sofre-retracao-nos-precos-com-o-avanco-da-colheita.jpeg\" \/><\/p>\n<div>\n<p>O mercado cafeeiro segue em ritmo lento e incerto com a poss\u00edvel tarifa\u00e7\u00e3o americana de 50% a produtos brasileiros enviados aos Estados Unidos. \u00c9 isso o que avaliam pesquisadores do <a href=\"https:\/\/www.canalrural.com.br\/tag\/cepea\/\">Centro de Estudos Avan\u00e7ados em Economia Aplicada (Cepea).<\/a><\/p>\n<p>Segundo o instituto, o avan\u00e7o da colheita no Brasil tem refor\u00e7ado o contexto de volatilidade, aumentando a oferta. Para o caf\u00e9 ar\u00e1bica, as atividades caminham bem e, para o robusta, est\u00e3o praticamente finalizadas. Dessa forma, o setor busca alternativas para o escoamento.\u00a0<\/p>\n<p>Uma das principais preocupa\u00e7\u00f5es do setor sobre a taxa\u00e7\u00e3o americana, conforme explicam pesquisadores, est\u00e1 atrelada ao caf\u00e9 sol\u00favel, que tem o robusta como mat\u00e9ria-prima, e os Estados Unidos s\u00e3o importantes compradores.\u00a0<\/p>\n<\/div>\n<div>\n<p>Destaca-se que, recentemente, o robusta brasileiro ganhou mercado com a menor produ\u00e7\u00e3o do Vietn\u00e3 no ano passado e as dificuldades log\u00edsticas para embarques da \u00c1sia para a Europa e \u00e0s Am\u00e9ricas.\u00a0<\/p>\n<p>Com a tarifa\u00e7\u00e3o extra, o Cepea avalia que a concorr\u00eancia brasileira com produtos asi\u00e1ticos poderia ficar comprometida, sendo necess\u00e1rio algum rearranjo dos envios para atender \u00e0 necessidade americana.<\/p>\n<p><em>*Sob supervis\u00e3o de Luis Roberto Toledo<\/em><\/p>\n<\/p><\/div>\n<p><br \/>\n<br \/><a href=\"https:\/\/www.canalrural.com.br\/agricultura\/cafe-cenario-do-setor-e-incerto-com-tarifacao-americana\/\">Source link <\/a><\/p>\n","protected":false},"excerpt":{"rendered":"<p>O mercado cafeeiro segue em ritmo lento e incerto com a poss\u00edvel tarifa\u00e7\u00e3o americana de 50% a produtos brasileiros enviados<\/p>\n","protected":false},"author":1,"featured_media":14618,"comment_status":"open","ping_status":"open","sticky":false,"template":"","format":"standard","meta":{"_monsterinsights_skip_tracking":false,"_monsterinsights_sitenote_active":false,"_monsterinsights_sitenote_note":"","_monsterinsights_sitenote_category":0,"_uf_show_specific_survey":0,"_uf_disable_surveys":false,"footnotes":""},"categories":[1],"tags":[],"class_list":["post-17276","post","type-post","status-publish","format-standard","has-post-thumbnail","hentry","category-news"],"_links":{"self":[{"href":"https:\/\/agromt.news\/index.php?rest_route=\/wp\/v2\/posts\/17276"}],"collection":[{"href":"https:\/\/agromt.news\/index.php?rest_route=\/wp\/v2\/posts"}],"about":[{"href":"https:\/\/agromt.news\/index.php?rest_route=\/wp\/v2\/types\/post"}],"author":[{"embeddable":true,"href":"https:\/\/agromt.news\/index.php?rest_route=\/wp\/v2\/users\/1"}],"replies":[{"embeddable":true,"href":"https:\/\/agromt.news\/index.php?rest_route=%2Fwp%2Fv2%2Fcomments&post=17276"}],"version-history":[{"count":0,"href":"https:\/\/agromt.news\/index.php?rest_route=\/wp\/v2\/posts\/17276\/revisions"}],"wp:featuredmedia":[{"embeddable":true,"href":"https:\/\/agromt.news\/index.php?rest_route=\/wp\/v2\/media\/14618"}],"wp:attachment":[{"href":"https:\/\/agromt.news\/index.php?rest_route=%2Fwp%2Fv2%2Fmedia&parent=17276"}],"wp:term":[{"taxonomy":"category","embeddable":true,"href":"https:\/\/agromt.news\/index.php?rest_route=%2Fwp%2Fv2%2Fcategories&post=17276"},{"taxonomy":"post_tag","embeddable":true,"href":"https:\/\/agromt.news\/index.php?rest_route=%2Fwp%2Fv2%2Ftags&post=17276"}],"curies":[{"name":"wp","href":"https:\/\/api.w.org\/{rel}","templated":true}]}}