{"id":17269,"date":"2025-07-23T08:29:59","date_gmt":"2025-07-23T12:29:59","guid":{"rendered":"https:\/\/agromt.news\/?p=17269"},"modified":"2025-07-23T08:29:59","modified_gmt":"2025-07-23T12:29:59","slug":"produtores-da-bahia-reforcam-acoes-contra-ferrugem-asiatica-e-planejam-proxima-safra-de-soja","status":"publish","type":"post","link":"https:\/\/agromt.news\/?p=17269","title":{"rendered":"Produtores da Bahia refor\u00e7am a\u00e7\u00f5es contra ferrugem asi\u00e1tica e planejam pr\u00f3xima safra de soja"},"content":{"rendered":"<p> <br \/>\n<\/p>\n<div>\n<div class=\"row\">\n<div class=\"col-lg col-infos mt-0 mt-lg-0\">\n<div class=\"section-sub-title\">\n<p itemprop=\"description\">&#13;<br \/>\n                                 A ferrugem asi\u00e1tica \u00e9 uma das pragas mais destrutivas da soja&#13;\n                            <\/p>\n<\/p><\/div>\n<div class=\"container\">\n<div class=\"row\">\n<div class=\"col-lg p-0\">\n<div>\n<div class=\"block-news-main-infos mt-3 text-start\">\n<p>                                            <strong class=\"fn\" itemprop=\"author\" style=\"color: rgb(112, 112, 112); \">&#13;<br \/>\n                                                <a href=\"https:\/\/www.agrolink.com.br\/noticias\/javascript:;\" class=\"text-uppercase\" target=\"_blank\" style=\"color: rgb(112, 112, 112); \" rel=\"noopener\">Agrolink<\/a>&#13;<br \/>\n&#13;<br \/>\n                                                    &#8211; Aline Merladete&#13;<br \/>\n&#13;<br \/>\n                                            <\/strong><br \/>\n                                        <\/p>\n<p>                                            <abbr><time datetime=\"2025-07-22T16:31\" itemprop=\"datePublished dateModified\">Publicado em 22\/07\/2025 \u00e0s 16:31h.<\/time><\/abbr><br \/>\n                                            <\/p><\/div>\n<\/p><\/div>\n<\/p><\/div>\n<div class=\"col-lg p-0 text-lg-end\">\n<div>\n<div id=\"mdEnviarPagina\" class=\"modal fade\" role=\"dialog\">\n<div class=\"modal-dialog\">\n<div class=\"modal-content\">\n<div class=\"modal-body\">\n<p><strong>Estimado usu\u00e1rio.<\/strong><br \/>Preencha o formul\u00e1rio abaixo para remeter a p\u00e1gina.<\/p>\n<\/p><\/div>\n<\/p><\/div>\n<\/p><\/div>\n<\/div><\/div>\n<\/p><\/div>\n<\/p><\/div>\n<\/p><\/div>\n<\/p><\/div>\n<\/p><\/div>\n<div class=\"row justify-content-md-center mt-3\">\n<div class=\"col-lg-auto col-image block-news-main-image\">\n<p>                                <img decoding=\"async\" src=\"https:\/\/www.agrolink.com.br\/upload\/imagens-resizes\/2e8d09571eea4ac0afcceb8cc1ef046e_858x483.jpg\" class=\"lazyload img-fluid\"\/><br \/>\n                                                <span class=\"publicity-photo d-block mt-1\">Foto: Aline Merladete<\/span><\/p><\/div>\n<\/p><\/div>\n<div class=\"section-description section-description-noticias mt-3\">\n<p style=\"text-align:justify\">O setor produtivo do Oeste da Bahia e do M\u00e9dio S\u00e3o Francisco est\u00e1 em plena mobiliza\u00e7\u00e3o para cumprir o vazio sanit\u00e1rio da <a href=\"https:\/\/www.agrolink.com.br\/culturas\/soja?utm_source=agrolink-detalhe-noticia&amp;utm_medium=detalhe-noticia&amp;utm_campaign=links-internos\" target=\"_blank\" rel=\"noopener\">soja<\/a>, uma das principais estrat\u00e9gias fitossanit\u00e1rias para o controle da ferrugem asi\u00e1tica (<em><a href=\"https:\/\/www.agrolink.com.br\/problemas\/ferrugem-asiatica_2241.html\" target=\"_blank\" rel=\"noopener\">Phakopsora pachyrhizi<\/a><\/em>). A medida \u00e9 fundamental para garantir o potencial produtivo da pr\u00f3xima safra e j\u00e1 mobiliza agricultores em diversas regi\u00f5es.&#13;\n<\/p>\n<p style=\"text-align:justify\">Segundo informa\u00e7\u00f5es do Boletim de Safra da Aiba, divulgado em 21 de julho de 2025, o cumprimento rigoroso do calend\u00e1rio do vazio \u00e9 essencial para evitar a dissemina\u00e7\u00e3o de esporos da doen\u00e7a e, assim, preservar a sanidade das lavouras. A ferrugem asi\u00e1tica \u00e9 uma das pragas mais destrutivas da soja, podendo causar perdas expressivas de produtividade.<\/p>\n<p style=\"text-align:justify\">Enquanto isso, muitos produtores j\u00e1 est\u00e3o se antecipando e organizando a log\u00edstica da safra 2025\/26. A chegada de fertilizantes e corretivos \u00e0s propriedades rurais refor\u00e7a o compromisso com o planejamento estrat\u00e9gico e sustent\u00e1vel da produ\u00e7\u00e3o. Essa prepara\u00e7\u00e3o antecipada contribui diretamente para o bom desempenho das lavouras no ciclo seguinte.&#13;\n<\/p>\n<p style=\"text-align:justify\">Na safra 2024\/25, a \u00e1rea plantada com soja totalizou 2,135 milh\u00f5es de hectares, com produtividade m\u00e9dia de 68 sacas por hectare. A produ\u00e7\u00e3o chegou a 8,71 milh\u00f5es de toneladas. Do total colhido, 69% j\u00e1 foi comercializado at\u00e9 julho. Para a safra futura (25\/26), 19% da produ\u00e7\u00e3o estimada j\u00e1 est\u00e1 comprometida, com pre\u00e7o m\u00e9dio de R$ 119 por saca.<\/p>\n<p style=\"text-align:justify\">Al\u00e9m disso, a aus\u00eancia de chuvas no m\u00eas de julho e o clima est\u00e1vel t\u00eam favorecido a conserva\u00e7\u00e3o do solo e o planejamento do calend\u00e1rio agr\u00edcola. A previs\u00e3o, segundo o INMET, \u00e9 de sol entre nuvens e sem chuvas nos pr\u00f3ximos dias.<\/p>\n<p style=\"text-align:justify\">\u00a0<\/p>\n<\/p><\/div>\n<\/p><\/div>\n<p><script data-cfasync=\"false\">\n    !function (f, b, e, v, n, t, s) {\n        if (f.fbq) return; n = f.fbq = function () {\n            n.callMethod ?\n                n.callMethod.apply(n, arguments) : n.queue.push(arguments)\n        };\n        if (!f._fbq) f._fbq = n; n.push = n; n.loaded = !0; n.version = '2.0';\n        n.queue = []; t = b.createElement(e); t.async = !0;\n        t.src = v; s = b.getElementsByTagName(e)[0];\n        s.parentNode.insertBefore(t, s)\n    }(window, document, 'script',\n        'https:\/\/connect.facebook.net\/en_US\/fbevents.js');\n    fbq('init', '522546078623747');\n    fbq('track', 'PageView');\n<\/script><br \/>\n<br \/><br \/>\n<br \/><a href=\"https:\/\/www.agrolink.com.br\/noticias\/produtores-da-bahia-reforcam-acoes-contra-ferrugem-asiatica-e-planejam-proxima-safra-de-soja_504183.html\">Source link <\/a><\/p>\n","protected":false},"excerpt":{"rendered":"<p>&#13; A ferrugem asi\u00e1tica \u00e9 uma das pragas mais destrutivas da soja&#13; &#13; Agrolink&#13; &#13; &#8211; Aline Merladete&#13; &#13; Publicado<\/p>\n","protected":false},"author":1,"featured_media":4341,"comment_status":"open","ping_status":"open","sticky":false,"template":"","format":"standard","meta":{"_monsterinsights_skip_tracking":false,"_monsterinsights_sitenote_active":false,"_monsterinsights_sitenote_note":"","_monsterinsights_sitenote_category":0,"_uf_show_specific_survey":0,"_uf_disable_surveys":false,"footnotes":""},"categories":[8,1,14],"tags":[],"class_list":["post-17269","post","type-post","status-publish","format-standard","has-post-thumbnail","hentry","category-agro","category-news","category-politica-agro"],"_links":{"self":[{"href":"https:\/\/agromt.news\/index.php?rest_route=\/wp\/v2\/posts\/17269"}],"collection":[{"href":"https:\/\/agromt.news\/index.php?rest_route=\/wp\/v2\/posts"}],"about":[{"href":"https:\/\/agromt.news\/index.php?rest_route=\/wp\/v2\/types\/post"}],"author":[{"embeddable":true,"href":"https:\/\/agromt.news\/index.php?rest_route=\/wp\/v2\/users\/1"}],"replies":[{"embeddable":true,"href":"https:\/\/agromt.news\/index.php?rest_route=%2Fwp%2Fv2%2Fcomments&post=17269"}],"version-history":[{"count":0,"href":"https:\/\/agromt.news\/index.php?rest_route=\/wp\/v2\/posts\/17269\/revisions"}],"wp:featuredmedia":[{"embeddable":true,"href":"https:\/\/agromt.news\/index.php?rest_route=\/wp\/v2\/media\/4341"}],"wp:attachment":[{"href":"https:\/\/agromt.news\/index.php?rest_route=%2Fwp%2Fv2%2Fmedia&parent=17269"}],"wp:term":[{"taxonomy":"category","embeddable":true,"href":"https:\/\/agromt.news\/index.php?rest_route=%2Fwp%2Fv2%2Fcategories&post=17269"},{"taxonomy":"post_tag","embeddable":true,"href":"https:\/\/agromt.news\/index.php?rest_route=%2Fwp%2Fv2%2Ftags&post=17269"}],"curies":[{"name":"wp","href":"https:\/\/api.w.org\/{rel}","templated":true}]}}