{"id":17265,"date":"2025-07-23T07:27:38","date_gmt":"2025-07-23T11:27:38","guid":{"rendered":"https:\/\/agromt.news\/?p=17265"},"modified":"2025-07-23T07:27:38","modified_gmt":"2025-07-23T11:27:38","slug":"cooperativa-inspira-empreendedorismo-rural-no-vale-do-ribeira","status":"publish","type":"post","link":"https:\/\/agromt.news\/?p=17265","title":{"rendered":"Cooperativa inspira empreendedorismo rural no Vale do Ribeira"},"content":{"rendered":"<p> <br \/>\n<\/p>\n<div>\n<p>A for\u00e7a da cooperativa est\u00e1 justamente em transformar perdas em oportunidade. \u201cO que mudou? \u00c9 que a gente tem mais oportunidade de escoar as planta\u00e7\u00f5es. Com isso, a banana que sobra, faz pa\u00e7oca, doces, etc. Isso incentiva a gente a plantar mais, aumentar a produ\u00e7\u00e3o para fornecer mat\u00e9ria-prima \u00e0 agroind\u00fastria\u201d, conta Jorge Masaki Matsuda, produtor rural de Pedro de Toledo, no Vale do Ribeira (SP).<\/p>\n<p>No entanto, Matsuda cultiva mais do que bananas: cultiva ra\u00edzes profundas na agricultura familiar. \u201cNasci aqui mesmo e, desde l\u00e1, a gente vem plantando. J\u00e1 mudei v\u00e1rias vezes o plantio\u201d, relata. Atualmente, ele tem 60 anos, e \u00e9 uma das vozes mais experientes da regi\u00e3o.<\/p>\n<p>\u201cQuando come\u00e7amos, na \u00e9poca do meu pai, a gente plantava verduras. A\u00ed em 1980, passamos a plantar banana e a gente est\u00e1 at\u00e9 hoje.\u201d<\/p>\n<ul class=\"wp-block-list\">\n<li><em>Participe do Porteira Aberta Empreender: envie perguntas, sugest\u00f5es e conte sua hist\u00f3ria de empreendedorismo pelo\u00a0<\/em><a href=\"https:\/\/api.whatsapp.com\/send?phone=5511932796720&amp;PorteiraAbertaEmpreender=SuaMensagem\"><strong>WhatsApp<\/strong><\/a><\/li>\n<\/ul>\n<figure class=\"wp-block-image size-large is-resized\"><img fetchpriority=\"high\" decoding=\"async\" width=\"1024\" height=\"593\" src=\"https:\/\/agromt.news\/wp-content\/uploads\/2025\/07\/Cooperativa-inspira-empreendedorismo-rural-no-Vale-do-Ribeira.png\" alt=\"Homem em meio ao bananal \" class=\"wp-image-4111548\" style=\"width:687px;height:auto\"  \/><figcaption class=\"wp-element-caption\">\u201cNasci aqui mesmo e, desde l\u00e1, a gente vem plantando,\u201d diz Matsuda, entre os p\u00e9s de banana da sua lavoura. <br \/>Foto: Fabiana Bertinelli | Canal Rural <\/figcaption><\/figure>\n<h2 class=\"wp-block-heading\" id=\"h-producao-coletiva-valoriza-excedente\"><strong>Produ\u00e7\u00e3o coletiva valoriza excedente <\/strong><\/h2>\n<p>A transforma\u00e7\u00e3o come\u00e7ou h\u00e1 cerca de 10 anos. Matsuda decidiu ampliar sua atua\u00e7\u00e3o, comercializando diretamente na feira pr\u00f3xima ao s\u00edtio. Entretanto, o movimento marcou o in\u00edcio de uma nova fase. No entanto, o avan\u00e7o mais significativo veio com a uni\u00e3o dos produtores.<\/p>\n<p>\u201cA <a href=\"https:\/\/www.canalrural.com.br\/empreendedorismo\/produtores-amapaenses-criam-subprodutos-com-abacaxi-de-porto-grande\/\">associa\u00e7\u00e3o<\/a> foi montada faz uns 13 anos. E depois a gente montou a cooperativa e agroind\u00fastria Ouro do Vale.\u201d Por meio da for\u00e7a coletiva, as frutas que antes eram descartadas passaram a ter destino certo. \u201cHoje mesmo tenho seis caixas de banana, que vou levar pra fazer banana-passa.\u201d<\/p>\n<\/div>\n<div>\n<p>Agora, o que antes era sobra se converte em doces, chips e produtos com valor agregado. \u201cIsso ajuda muito financeiramente. Porque a gente pega aquilo que n\u00e3o foi vendido, que talvez fosse para o descarte, e transforma em um produto que tem mercado.\u201d<\/p>\n<p>Mas para essa transforma\u00e7\u00e3o, o apoio do <strong><a href=\"https:\/\/sebrae.com.br\/sites\/PortalSebrae\/ufs\/SP?codUf=26\">Sebrae\/SP<\/a><\/strong>, foi fundamental. Os produtores da cooperativa apreenderam no\u00e7\u00f5es de administra\u00e7\u00e3o, an\u00e1lise de solo e outras qualifica\u00e7\u00f5es. <\/p>\n<p>A hist\u00f3ria de Matsuda reflete o caminho de tantos produtores rurais que, com coragem e trabalho conjunto, encontraram no cooperativismo mais do que uma solu\u00e7\u00e3o econ\u00f4mica \u2014 encontraram inspira\u00e7\u00e3o.<\/p>\n<h2 class=\"wp-block-heading\" id=\"h-porteira-aberta-empreender\"><strong>Porteira Aberta Empreender<\/strong><\/h2>\n<p>Quer saber mais? Assista ao programa\u00a0<a href=\"https:\/\/www.canalrural.com.br\/empreendedorismo\/transforme-sua-propriedade-em-um-destino-turistico\/\"><strong>Porteira Aberta Empreender<\/strong>,<\/a> uma parceria entre o Sebrae e o Canal Rural, que mostra hist\u00f3rias reais de micro e pequenos produtores de todo o pa\u00eds. <\/p>\n<p>Envie sua d\u00favida, conte sua hist\u00f3ria, envie sugest\u00e3o ou relato pelo nosso\u00a0<a href=\"https:\/\/api.whatsapp.com\/send?phone=5511932796720&amp;PorteiraAbertaEmpreender=SuaMensagem\"><strong>WhatsApp<\/strong><\/a>\u00a0ou acesse\u00a0<a href=\"https:\/\/www.youtube.com\/watch?v=tN_Upf4VUzI\">aqui<\/a>, e confira os canais dispon\u00edveis para assistir aos epis\u00f3dios.<\/p>\n<figure class=\"wp-block-image size-full is-resized\"><img decoding=\"async\" width=\"1013\" height=\"1017\" src=\"https:\/\/agromt.news\/wp-content\/uploads\/2025\/07\/Caroco-do-acai-amapaense-vira-bebida-e-conquista-mercado-internacional.png\" alt=\"Arte com os hor\u00e1rios do programa Porteira Aberta Empreender\" class=\"wp-image-4106114\" style=\"width:538px;height:auto\"  \/><figcaption class=\"wp-element-caption\">\u00c0s quintas-feiras, \u00e0s 17h45, no Canal Rural. Foto: Arte Divulga\u00e7\u00e3o | Canal Rural <\/figcaption><\/figure>\n<\/p><\/div>\n<p><br \/>\n<br \/><a href=\"https:\/\/www.canalrural.com.br\/empreendedorismo\/cooperativa-inspira-empreendedorismo-rural-no-vale-do-ribeira\/\">Source link <\/a><\/p>\n","protected":false},"excerpt":{"rendered":"<p>A for\u00e7a da cooperativa est\u00e1 justamente em transformar perdas em oportunidade. \u201cO que mudou? \u00c9 que a gente tem mais<\/p>\n","protected":false},"author":1,"featured_media":17266,"comment_status":"open","ping_status":"open","sticky":false,"template":"","format":"standard","meta":{"_monsterinsights_skip_tracking":false,"_monsterinsights_sitenote_active":false,"_monsterinsights_sitenote_note":"","_monsterinsights_sitenote_category":0,"_uf_show_specific_survey":0,"_uf_disable_surveys":false,"footnotes":""},"categories":[1],"tags":[],"class_list":["post-17265","post","type-post","status-publish","format-standard","has-post-thumbnail","hentry","category-news"],"_links":{"self":[{"href":"https:\/\/agromt.news\/index.php?rest_route=\/wp\/v2\/posts\/17265"}],"collection":[{"href":"https:\/\/agromt.news\/index.php?rest_route=\/wp\/v2\/posts"}],"about":[{"href":"https:\/\/agromt.news\/index.php?rest_route=\/wp\/v2\/types\/post"}],"author":[{"embeddable":true,"href":"https:\/\/agromt.news\/index.php?rest_route=\/wp\/v2\/users\/1"}],"replies":[{"embeddable":true,"href":"https:\/\/agromt.news\/index.php?rest_route=%2Fwp%2Fv2%2Fcomments&post=17265"}],"version-history":[{"count":0,"href":"https:\/\/agromt.news\/index.php?rest_route=\/wp\/v2\/posts\/17265\/revisions"}],"wp:featuredmedia":[{"embeddable":true,"href":"https:\/\/agromt.news\/index.php?rest_route=\/wp\/v2\/media\/17266"}],"wp:attachment":[{"href":"https:\/\/agromt.news\/index.php?rest_route=%2Fwp%2Fv2%2Fmedia&parent=17265"}],"wp:term":[{"taxonomy":"category","embeddable":true,"href":"https:\/\/agromt.news\/index.php?rest_route=%2Fwp%2Fv2%2Fcategories&post=17265"},{"taxonomy":"post_tag","embeddable":true,"href":"https:\/\/agromt.news\/index.php?rest_route=%2Fwp%2Fv2%2Ftags&post=17265"}],"curies":[{"name":"wp","href":"https:\/\/api.w.org\/{rel}","templated":true}]}}