{"id":17256,"date":"2025-07-22T22:49:36","date_gmt":"2025-07-23T02:49:36","guid":{"rendered":"https:\/\/agromt.news\/?p=17256"},"modified":"2025-07-22T22:49:36","modified_gmt":"2025-07-23T02:49:36","slug":"canola-enfrenta-baixa-luminosidade-e-fitotoxicidade","status":"publish","type":"post","link":"https:\/\/agromt.news\/?p=17256","title":{"rendered":"Canola enfrenta baixa luminosidade e fitotoxicidade"},"content":{"rendered":"<p> <br \/>\n<\/p>\n<div>\n<p style=\"text-align:justify\">A semeadura da canola foi conclu\u00edda no Rio Grande do Sul, segundo o Informativo Conjuntural divulgado pela Emater\/RS-Ascar na \u00faltima quinta-feira (17). A \u00e1rea cultivada no estado foi estimada em 203.206 hectares, com proje\u00e7\u00e3o de produtividade m\u00e9dia de 1.737 kg por hectare.&#13;\n<\/p>\n<p style=\"text-align:justify\">De acordo com a Emater, as condi\u00e7\u00f5es clim\u00e1ticas favoreceram o desenvolvimento das lavouras em grande parte das regi\u00f5es, com recupera\u00e7\u00e3o do crescimento das plantas e emiss\u00e3o de novas folhas. \u201cObserva-se boa recupera\u00e7\u00e3o no crescimento das plantas, com emiss\u00e3o de novas folhas e elonga\u00e7\u00e3o da haste principal\u201d, informa o boletim.<\/p>\n<p style=\"text-align:justify\">Nas \u00e1reas onde o controle de plantas daninhas foi atrasado pelas chuvas intensas, os produtores enfrentaram dificuldades no manejo das invasoras. Em alguns casos, o uso de herbicidas em p\u00f3s-emerg\u00eancia resultou em fitotoxicidade leve, especialmente em lavouras com plantas em est\u00e1gio sens\u00edvel.<\/p>\n<p style=\"text-align:justify\">Na regi\u00e3o administrativa de Bag\u00e9, a semeadura tamb\u00e9m foi conclu\u00edda. As lavouras est\u00e3o em fase de estabelecimento, com aplica\u00e7\u00e3o de tratos culturais nas \u00e1reas mais avan\u00e7adas. Em Manoel Viana, que concentra 7.300 hectares, o desenvolvimento foi limitado pelas temperaturas baixas, nebulosidade e impactos residuais das chuvas de junho. J\u00e1 em S\u00e3o Borja, cerca de metade da \u00e1rea semeada est\u00e1 em flora\u00e7\u00e3o e n\u00e3o foram registrados danos significativos causados pelas geadas.&#13;\n<\/p>\n<p style=\"text-align:justify\">Na regi\u00e3o de Iju\u00ed, a maior parte das lavouras est\u00e1 em desenvolvimento vegetativo. Segundo o levantamento, 85% das \u00e1reas encontram-se nessa fase, 11% em flora\u00e7\u00e3o e 4% em grana\u00e7\u00e3o. Os danos causados pelas geadas foram pontuais e n\u00e3o afetaram significativamente o potencial produtivo.<\/p>\n<p style=\"text-align:justify\">Em Santa Maria, mais de 10% das lavouras est\u00e3o em fase de flora\u00e7\u00e3o. A baixa luminosidade tem limitado o crescimento vegetativo e o ac\u00famulo de biomassa, especialmente em Tupanciret\u00e3. O cen\u00e1rio tem exigido aten\u00e7\u00e3o ao manejo de doen\u00e7as f\u00fangicas, com medidas preventivas sendo adotadas.<\/p>\n<p style=\"text-align:justify\">A regi\u00e3o de Santa Rosa apresenta 65% das \u00e1reas em desenvolvimento vegetativo, 30% em flora\u00e7\u00e3o e 5% em enchimento de gr\u00e3os. Embora os efeitos das geadas estejam sob avalia\u00e7\u00e3o, o tempo firme tem contribu\u00eddo para o crescimento das plantas. Os produtores aguardam chuvas para realizar a aduba\u00e7\u00e3o nitrogenada.&#13;\n<\/p>\n<p style=\"text-align:justify\">Em Soledade, as lavouras semeadas em maio iniciaram a flora\u00e7\u00e3o. A maior parte segue em fase vegetativa, com crescimento considerado satisfat\u00f3rio. Segundo o boletim, \u201co tempo firme e a boa radia\u00e7\u00e3o solar foram favor\u00e1veis ao desempenho da cultura\u201d.<\/p>\n<\/p><\/div>\n<p><script data-cfasync=\"false\">\n    !function (f, b, e, v, n, t, s) {\n        if (f.fbq) return; n = f.fbq = function () {\n            n.callMethod ?\n                n.callMethod.apply(n, arguments) : n.queue.push(arguments)\n        };\n        if (!f._fbq) f._fbq = n; n.push = n; n.loaded = !0; n.version = '2.0';\n        n.queue = []; t = b.createElement(e); t.async = !0;\n        t.src = v; s = b.getElementsByTagName(e)[0];\n        s.parentNode.insertBefore(t, s)\n    }(window, document, 'script',\n        'https:\/\/connect.facebook.net\/en_US\/fbevents.js');\n    fbq('init', '522546078623747');\n    fbq('track', 'PageView');\n<\/script><br \/>\n<br \/><br \/>\n<br \/><a href=\"https:\/\/www.agrolink.com.br\/noticias\/canola-enfrenta-baixa-luminosidade-e-fitotoxicidade_504188.html\">Source link <\/a><\/p>\n","protected":false},"excerpt":{"rendered":"<p>A semeadura da canola foi conclu\u00edda no Rio Grande do Sul, segundo o Informativo Conjuntural divulgado pela Emater\/RS-Ascar na \u00faltima<\/p>\n","protected":false},"author":1,"featured_media":8170,"comment_status":"open","ping_status":"open","sticky":false,"template":"","format":"standard","meta":{"_monsterinsights_skip_tracking":false,"_monsterinsights_sitenote_active":false,"_monsterinsights_sitenote_note":"","_monsterinsights_sitenote_category":0,"_uf_show_specific_survey":0,"_uf_disable_surveys":false,"footnotes":""},"categories":[8,1,14],"tags":[],"class_list":["post-17256","post","type-post","status-publish","format-standard","has-post-thumbnail","hentry","category-agro","category-news","category-politica-agro"],"_links":{"self":[{"href":"https:\/\/agromt.news\/index.php?rest_route=\/wp\/v2\/posts\/17256"}],"collection":[{"href":"https:\/\/agromt.news\/index.php?rest_route=\/wp\/v2\/posts"}],"about":[{"href":"https:\/\/agromt.news\/index.php?rest_route=\/wp\/v2\/types\/post"}],"author":[{"embeddable":true,"href":"https:\/\/agromt.news\/index.php?rest_route=\/wp\/v2\/users\/1"}],"replies":[{"embeddable":true,"href":"https:\/\/agromt.news\/index.php?rest_route=%2Fwp%2Fv2%2Fcomments&post=17256"}],"version-history":[{"count":0,"href":"https:\/\/agromt.news\/index.php?rest_route=\/wp\/v2\/posts\/17256\/revisions"}],"wp:featuredmedia":[{"embeddable":true,"href":"https:\/\/agromt.news\/index.php?rest_route=\/wp\/v2\/media\/8170"}],"wp:attachment":[{"href":"https:\/\/agromt.news\/index.php?rest_route=%2Fwp%2Fv2%2Fmedia&parent=17256"}],"wp:term":[{"taxonomy":"category","embeddable":true,"href":"https:\/\/agromt.news\/index.php?rest_route=%2Fwp%2Fv2%2Fcategories&post=17256"},{"taxonomy":"post_tag","embeddable":true,"href":"https:\/\/agromt.news\/index.php?rest_route=%2Fwp%2Fv2%2Ftags&post=17256"}],"curies":[{"name":"wp","href":"https:\/\/api.w.org\/{rel}","templated":true}]}}