{"id":17249,"date":"2025-07-22T19:23:30","date_gmt":"2025-07-22T23:23:30","guid":{"rendered":"https:\/\/agromt.news\/?p=17249"},"modified":"2025-07-22T19:23:30","modified_gmt":"2025-07-22T23:23:30","slug":"banco-do-brasil-anuncia-novo-vice-presidente-de-agronegocios-e-agricultura-familiar","status":"publish","type":"post","link":"https:\/\/agromt.news\/?p=17249","title":{"rendered":"Banco do Brasil anuncia novo vice-presidente de agroneg\u00f3cios e agricultura familiar"},"content":{"rendered":"<p> <br \/>\n<br \/><img decoding=\"async\" src=\"https:\/\/agromt.news\/wp-content\/uploads\/2025\/07\/Banco-do-Brasil-anuncia-novo-vice-presidente-de-agronegocios-e-agricultura.png\" \/><\/p>\n<div>\n<p>O Banco do Brasil anunciou nesta ter\u00e7a-feira (22), a indica\u00e7\u00e3o de Gilson Alceu Bittencourt como novo vice-presidente de Agroneg\u00f3cios e Agricultura Familiar, em substitui\u00e7\u00e3o a Luiz Gustavo Braz Lage (Liguta), que continuar\u00e1 exercendo suas fun\u00e7\u00f5es at\u00e9 a investidura do indicado.<\/p>\n<p>De acordo com nota da institui\u00e7\u00e3o, a mudan\u00e7a mant\u00e9m a estrat\u00e9gia de busca por efici\u00eancia, inova\u00e7\u00e3o e gera\u00e7\u00e3o de valor. <\/p>\n<p>Maior parceiro do agroneg\u00f3cio e da agricultura familiar, o Banco do Brasil \u00e9 l\u00edder nos financiamentos para a agricultura familiar e empresarial e destinar\u00e1 R$ 230 bilh\u00f5es para o financiamento da safra 2025\/26.<\/p>\n<p>\u201cA indica\u00e7\u00e3o segue nosso foco em alinhar perfis de lideran\u00e7a \u00e0s exig\u00eancias de cada neg\u00f3cio em que atuamos, ressaltando em especial o atual cen\u00e1rio e os desafios que temos para manter e ampliar o protagonismo do BB no agro. Gilson Bittencourt tem larga experiencia e ampla contribui\u00e7\u00e3o para o desenvolvimento do agroneg\u00f3cio e a agricultura familiar do pa\u00eds, atributos fundamentais para a gera\u00e7\u00e3o de resultados para o Banco do Brasil\u201d, destaca Tarciana Medeiros, presidenta do Banco do Brasil. <\/p>\n<p>\u201cTrata-se de uma nova fase do trabalho de evolu\u00e7\u00e3o no segmento, iniciado e liderado pelo Liguta h\u00e1 pouco mais de dois anos\u201d, complementa.<\/p>\n<h2 class=\"wp-block-heading\" id=\"h-perfil-do-profissional\">Perfil do profissional<\/h2>\n<p>Gilson Bittencourt \u00e9 agr\u00f4nomo formado pela Universidade Federal do Paran\u00e1 (UFPR), especialista em An\u00e1lise de Pol\u00edticas P\u00fablicas pela Universidade do Texas\/EUA, e Mestre em Desenvolvimento Econ\u00f4mico pela Universidade Estadual de Campinas (Unicamp). <\/p>\n<\/div>\n<div>\n<p>Atualmente \u00e9 Subsecret\u00e1rio de Pol\u00edtica Agr\u00edcola e Neg\u00f3cios Agroambientais do Minist\u00e9rio da Fazenda, e membro do Conselho de Administra\u00e7\u00e3o da Empresa Brasileira de Pesquisa Agropecu\u00e1ria <strong><a href=\"https:\/\/www.canalrural.com.br\/tag\/embrapa\/\">(Embrapa)<\/a><\/strong>, e do Conselho de Administra\u00e7\u00e3o da Livelo.<\/p>\n<p>Ele foi secret\u00e1rio de Agricultura Familiar no Minist\u00e9rio do Desenvolvimento Agr\u00e1rio, secret\u00e1rio adjunto de Pol\u00edtica Econ\u00f4mica do Minist\u00e9rio da Fazenda, secret\u00e1rio de Planejamento e Investimentos Estrat\u00e9gico do Minist\u00e9rio do Planejamento e secret\u00e1rio adjunto da Secretaria-Executiva da Casa Civil da Presid\u00eancia da Rep\u00fablica. <\/p>\n<p>Al\u00e9m disso, trabalhou no Departamento de Estudos S\u00f3cio-Econ\u00f4micos Rurais (Deser) com pol\u00edtica agr\u00edcola e foi professor e consultor em cr\u00e9dito rural para institui\u00e7\u00f5es financeiras. Foi membro do Comit\u00ea de Auditoria da BrasilPrev, da BB Seguridade e da Embrapa, al\u00e9m de membro do Conselho Fiscal da BrasilCap e da Caixa Econ\u00f4mica Federal.<\/p>\n<p>\u201cO processo de elegibilidade encontra-se em tr\u00e2mite nas inst\u00e2ncias competentes de governan\u00e7a para posterior elei\u00e7\u00e3o pelo Conselho de Administra\u00e7\u00e3o\u201d, finaliza a nota do BB.<\/p>\n<\/p><\/div>\n<p><br \/>\n<br \/><a href=\"https:\/\/www.canalrural.com.br\/agricultura\/banco-do-brasil-anuncia-novo-vice-presidente-de-agronegocios-e-agricultura-familiar\/\">Source link <\/a><\/p>\n","protected":false},"excerpt":{"rendered":"<p>O Banco do Brasil anunciou nesta ter\u00e7a-feira (22), a indica\u00e7\u00e3o de Gilson Alceu Bittencourt como novo vice-presidente de Agroneg\u00f3cios e<\/p>\n","protected":false},"author":1,"featured_media":17250,"comment_status":"open","ping_status":"open","sticky":false,"template":"","format":"standard","meta":{"_monsterinsights_skip_tracking":false,"_monsterinsights_sitenote_active":false,"_monsterinsights_sitenote_note":"","_monsterinsights_sitenote_category":0,"_uf_show_specific_survey":0,"_uf_disable_surveys":false,"footnotes":""},"categories":[1],"tags":[],"class_list":["post-17249","post","type-post","status-publish","format-standard","has-post-thumbnail","hentry","category-news"],"_links":{"self":[{"href":"https:\/\/agromt.news\/index.php?rest_route=\/wp\/v2\/posts\/17249"}],"collection":[{"href":"https:\/\/agromt.news\/index.php?rest_route=\/wp\/v2\/posts"}],"about":[{"href":"https:\/\/agromt.news\/index.php?rest_route=\/wp\/v2\/types\/post"}],"author":[{"embeddable":true,"href":"https:\/\/agromt.news\/index.php?rest_route=\/wp\/v2\/users\/1"}],"replies":[{"embeddable":true,"href":"https:\/\/agromt.news\/index.php?rest_route=%2Fwp%2Fv2%2Fcomments&post=17249"}],"version-history":[{"count":0,"href":"https:\/\/agromt.news\/index.php?rest_route=\/wp\/v2\/posts\/17249\/revisions"}],"wp:featuredmedia":[{"embeddable":true,"href":"https:\/\/agromt.news\/index.php?rest_route=\/wp\/v2\/media\/17250"}],"wp:attachment":[{"href":"https:\/\/agromt.news\/index.php?rest_route=%2Fwp%2Fv2%2Fmedia&parent=17249"}],"wp:term":[{"taxonomy":"category","embeddable":true,"href":"https:\/\/agromt.news\/index.php?rest_route=%2Fwp%2Fv2%2Fcategories&post=17249"},{"taxonomy":"post_tag","embeddable":true,"href":"https:\/\/agromt.news\/index.php?rest_route=%2Fwp%2Fv2%2Ftags&post=17249"}],"curies":[{"name":"wp","href":"https:\/\/api.w.org\/{rel}","templated":true}]}}