{"id":17246,"date":"2025-07-22T18:51:54","date_gmt":"2025-07-22T22:51:54","guid":{"rendered":"https:\/\/agromt.news\/?p=17246"},"modified":"2025-07-22T18:51:54","modified_gmt":"2025-07-22T22:51:54","slug":"exportadores-avaliam-impacto-de-tarifa-dos-eua","status":"publish","type":"post","link":"https:\/\/agromt.news\/?p=17246","title":{"rendered":"exportadores avaliam impacto de tarifa dos EUA"},"content":{"rendered":"<p> <br \/>\n<\/p>\n<div>\n<div class=\"row\">\n<div class=\"col-lg col-infos mt-0 mt-lg-0\">\n<div class=\"section-sub-title\">\n<p itemprop=\"description\">&#13;<br \/>\n                                EUA eleva tarifa e carne bovina brasileira&#13;\n                            <\/p>\n<\/p><\/div>\n<div class=\"container\">\n<div class=\"row\">\n<div class=\"col-lg p-0\">\n<div>\n<div class=\"block-news-main-infos mt-3 text-start\">\n<p>                                            <strong class=\"fn\" itemprop=\"author\" style=\"color: rgb(112, 112, 112); \">&#13;<br \/>\n                                                <a href=\"https:\/\/www.agrolink.com.br\/noticias\/javascript:;\" class=\"text-uppercase\" target=\"_blank\" style=\"color: rgb(112, 112, 112); \" rel=\"noopener\">Agrolink<\/a>&#13;<br \/>\n&#13;<br \/>\n                                                    &#8211; Seane Lennon&#13;<br \/>\n&#13;<br \/>\n                                            <\/strong><br \/>\n                                        <\/p>\n<p>                                            <abbr><time datetime=\"2025-07-22T17:50\" itemprop=\"datePublished dateModified\">Publicado em 22\/07\/2025 \u00e0s 17:50h.<\/time><\/abbr><br \/>\n                                            <\/p><\/div>\n<\/p><\/div>\n<\/p><\/div>\n<div class=\"col-lg p-0 text-lg-end\">\n<div>\n<div id=\"mdEnviarPagina\" class=\"modal fade\" role=\"dialog\">\n<div class=\"modal-dialog\">\n<div class=\"modal-content\">\n<div class=\"modal-body\">\n<p><strong>Estimado usu\u00e1rio.<\/strong><br \/>Preencha o formul\u00e1rio abaixo para remeter a p\u00e1gina.<\/p>\n<\/p><\/div>\n<\/p><\/div>\n<\/p><\/div>\n<\/div><\/div>\n<\/p><\/div>\n<\/p><\/div>\n<\/p><\/div>\n<\/p><\/div>\n<\/p><\/div>\n<div class=\"row justify-content-md-center mt-3\">\n<div class=\"col-lg-auto col-image block-news-main-image\">\n<p>                                <img decoding=\"async\" src=\"https:\/\/www.agrolink.com.br\/upload\/imagens-resizes\/1ffefc67b8bd444d9f8d7540ccac63a0_858x483.jpg\" class=\"lazyload img-fluid\"\/><br \/>\n                                                <span class=\"publicity-photo d-block mt-1\">Foto: Pixabay<\/span><\/p><\/div>\n<\/p><\/div>\n<div class=\"section-description section-description-noticias mt-3\">\n<p style=\"text-align:justify\">A an\u00e1lise semanal do Instituto Mato-Grossense de Economia Agropecu\u00e1ria (Imea), divulgada nesta segunda-feira (21), aponta que os Estados Unidos elevaram em 50% a tarifa sobre a carne bovina brasileira. Com o novo acr\u00e9scimo, o total de impostos incidentes sobre o produto importado chega a 76%.&#13;\n<\/p>\n<p style=\"text-align:justify\">Atualmente, os Estados Unidos s\u00e3o o segundo maior comprador da carne bovina brasileira, respons\u00e1veis por 13,69% do volume exportado no primeiro semestre de 2025. Em rela\u00e7\u00e3o ao estado de Mato Grosso, 7,20% das exporta\u00e7\u00f5es no mesmo per\u00edodo foram destinadas ao mercado norte-americano.<\/p>\n<p style=\"text-align:justify\">Segundo a an\u00e1lise, apesar da eleva\u00e7\u00e3o tarif\u00e1ria, Mato Grosso tende a sofrer impacto limitado, em raz\u00e3o da diversifica\u00e7\u00e3o de seus destinos comerciais. \u201cO estado possui um mercado externo bem distribu\u00eddo, o que permite redirecionar os volumes anteriormente destinados aos EUA para outros pa\u00edses importadores\u201d, aponta o Imea.&#13;\n<\/p>\n<p style=\"text-align:justify\">Por outro lado, os Estados Unidos poder\u00e3o enfrentar dificuldades de reposi\u00e7\u00e3o. Cerca de 30% da carne bovina importada pelo pa\u00eds \u00e9 de origem brasileira. Com a nova tarifa, os norte-americanos ter\u00e3o de buscar fornecedores alternativos, como Austr\u00e1lia, Argentina e Uruguai \u2014 mercados que, geralmente, operam com pre\u00e7os superiores aos praticados pelo Brasil.<\/p>\n<\/p><\/div>\n<\/p><\/div>\n<p><script data-cfasync=\"false\">\n    !function (f, b, e, v, n, t, s) {\n        if (f.fbq) return; n = f.fbq = function () {\n            n.callMethod ?\n                n.callMethod.apply(n, arguments) : n.queue.push(arguments)\n        };\n        if (!f._fbq) f._fbq = n; n.push = n; n.loaded = !0; n.version = '2.0';\n        n.queue = []; t = b.createElement(e); t.async = !0;\n        t.src = v; s = b.getElementsByTagName(e)[0];\n        s.parentNode.insertBefore(t, s)\n    }(window, document, 'script',\n        'https:\/\/connect.facebook.net\/en_US\/fbevents.js');\n    fbq('init', '522546078623747');\n    fbq('track', 'PageView');\n<\/script><br \/>\n<br \/><br \/>\n<br \/><a href=\"https:\/\/www.agrolink.com.br\/noticias\/carne-bovina--exportadores-avaliam-impacto-de-tarifa-dos-eua_504190.html\">Source link <\/a><\/p>\n","protected":false},"excerpt":{"rendered":"<p>&#13; EUA eleva tarifa e carne bovina brasileira&#13; &#13; Agrolink&#13; &#13; &#8211; Seane Lennon&#13; &#13; Publicado em 22\/07\/2025 \u00e0s 17:50h.<\/p>\n","protected":false},"author":1,"featured_media":1011,"comment_status":"open","ping_status":"open","sticky":false,"template":"","format":"standard","meta":{"_monsterinsights_skip_tracking":false,"_monsterinsights_sitenote_active":false,"_monsterinsights_sitenote_note":"","_monsterinsights_sitenote_category":0,"_uf_show_specific_survey":0,"_uf_disable_surveys":false,"footnotes":""},"categories":[8,1,14],"tags":[],"class_list":["post-17246","post","type-post","status-publish","format-standard","has-post-thumbnail","hentry","category-agro","category-news","category-politica-agro"],"_links":{"self":[{"href":"https:\/\/agromt.news\/index.php?rest_route=\/wp\/v2\/posts\/17246"}],"collection":[{"href":"https:\/\/agromt.news\/index.php?rest_route=\/wp\/v2\/posts"}],"about":[{"href":"https:\/\/agromt.news\/index.php?rest_route=\/wp\/v2\/types\/post"}],"author":[{"embeddable":true,"href":"https:\/\/agromt.news\/index.php?rest_route=\/wp\/v2\/users\/1"}],"replies":[{"embeddable":true,"href":"https:\/\/agromt.news\/index.php?rest_route=%2Fwp%2Fv2%2Fcomments&post=17246"}],"version-history":[{"count":0,"href":"https:\/\/agromt.news\/index.php?rest_route=\/wp\/v2\/posts\/17246\/revisions"}],"wp:featuredmedia":[{"embeddable":true,"href":"https:\/\/agromt.news\/index.php?rest_route=\/wp\/v2\/media\/1011"}],"wp:attachment":[{"href":"https:\/\/agromt.news\/index.php?rest_route=%2Fwp%2Fv2%2Fmedia&parent=17246"}],"wp:term":[{"taxonomy":"category","embeddable":true,"href":"https:\/\/agromt.news\/index.php?rest_route=%2Fwp%2Fv2%2Fcategories&post=17246"},{"taxonomy":"post_tag","embeddable":true,"href":"https:\/\/agromt.news\/index.php?rest_route=%2Fwp%2Fv2%2Ftags&post=17246"}],"curies":[{"name":"wp","href":"https:\/\/api.w.org\/{rel}","templated":true}]}}