{"id":17237,"date":"2025-07-22T16:48:26","date_gmt":"2025-07-22T20:48:26","guid":{"rendered":"https:\/\/agromt.news\/?p=17237"},"modified":"2025-07-22T16:48:26","modified_gmt":"2025-07-22T20:48:26","slug":"rendimento-medio-de-trabalhadores-da-agropecuaria-cresceu-55-no-1o-trimestre","status":"publish","type":"post","link":"https:\/\/agromt.news\/?p=17237","title":{"rendered":"Rendimento m\u00e9dio de trabalhadores da agropecu\u00e1ria cresceu 5,5% no 1\u00ba trimestre"},"content":{"rendered":"<p> <br \/>\n<\/p>\n<div>\n<p>O rendimento m\u00e9dio mensal de trabalhadores ocupados na agropecu\u00e1ria avan\u00e7ou 5,5% no primeiro trimestre de 2025, na compara\u00e7\u00e3o com o mesmo per\u00edodo do ano passado. <\/p>\n<p>\u00c9 o que mostra o Anu\u00e1rio Estat\u00edstico da Agricultura Familiar, elaborado pela Confedera\u00e7\u00e3o Nacional dos Trabalhadores Rurais Agricultores e Agricultoras Familiares (Contag) em conjunto com o Dieese.<\/p>\n<p>O sal\u00e1rio desse trabalhador saiu de R$ 2.022 para R$ 2.133. A categoria considera os empregados nas atividades de agricultura, pecu\u00e1ria, produ\u00e7\u00e3o florestal, pesca e aquicultura.<\/p>\n<\/div>\n<div>\n<p>O avan\u00e7o foi muito superior ao registrado no ano passado, quando a renda m\u00e9dia havia crescido apenas 0,2% ante o primeiro trimestre de 2023.<\/p>\n<figure class=\"wp-block-image size-large\"><img fetchpriority=\"high\" decoding=\"async\" width=\"1024\" height=\"570\" src=\"https:\/\/agromt.news\/wp-content\/uploads\/2025\/07\/Rendimento-medio-de-trabalhadores-da-agropecuaria-cresceu-55-no-1o.png\" alt=\"rendimento m\u00e9dio produtor rural\" class=\"wp-image-4112498\"  \/><\/figure>\n<p>As regi\u00f5es que mais contribu\u00edram para o aumento de 5,5% foram a Norte (+21%) e a Sul (+9,7%). O ganho no Nordeste veio em terceiro lugar, com 7,5%, seguido do Sudeste, com 1,7%. <\/p>\n<p>Embora tenha sido a \u00fanica regi\u00e3o a registrar queda na renda (-7,9%), o Centro-Oeste ainda possui o maior valor m\u00e9dio do pa\u00eds, de R$ 3.492. J\u00e1 o menor rendimento mensal continua sendo no Nordeste, de R$ 1.081.<\/p>\n<\/p><\/div>\n<p><br \/>\n<br \/><a href=\"https:\/\/www.canalrural.com.br\/diversos\/rendimento-medio-de-trabalhadores-da-agropecuaria-cresceu-55-no-1o-trimestre\/\">Source link <\/a><\/p>\n","protected":false},"excerpt":{"rendered":"<p>O rendimento m\u00e9dio mensal de trabalhadores ocupados na agropecu\u00e1ria avan\u00e7ou 5,5% no primeiro trimestre de 2025, na compara\u00e7\u00e3o com o<\/p>\n","protected":false},"author":1,"featured_media":896,"comment_status":"open","ping_status":"open","sticky":false,"template":"","format":"standard","meta":{"_monsterinsights_skip_tracking":false,"_monsterinsights_sitenote_active":false,"_monsterinsights_sitenote_note":"","_monsterinsights_sitenote_category":0,"_uf_show_specific_survey":0,"_uf_disable_surveys":false,"footnotes":""},"categories":[1],"tags":[],"class_list":["post-17237","post","type-post","status-publish","format-standard","has-post-thumbnail","hentry","category-news"],"_links":{"self":[{"href":"https:\/\/agromt.news\/index.php?rest_route=\/wp\/v2\/posts\/17237"}],"collection":[{"href":"https:\/\/agromt.news\/index.php?rest_route=\/wp\/v2\/posts"}],"about":[{"href":"https:\/\/agromt.news\/index.php?rest_route=\/wp\/v2\/types\/post"}],"author":[{"embeddable":true,"href":"https:\/\/agromt.news\/index.php?rest_route=\/wp\/v2\/users\/1"}],"replies":[{"embeddable":true,"href":"https:\/\/agromt.news\/index.php?rest_route=%2Fwp%2Fv2%2Fcomments&post=17237"}],"version-history":[{"count":0,"href":"https:\/\/agromt.news\/index.php?rest_route=\/wp\/v2\/posts\/17237\/revisions"}],"wp:featuredmedia":[{"embeddable":true,"href":"https:\/\/agromt.news\/index.php?rest_route=\/wp\/v2\/media\/896"}],"wp:attachment":[{"href":"https:\/\/agromt.news\/index.php?rest_route=%2Fwp%2Fv2%2Fmedia&parent=17237"}],"wp:term":[{"taxonomy":"category","embeddable":true,"href":"https:\/\/agromt.news\/index.php?rest_route=%2Fwp%2Fv2%2Fcategories&post=17237"},{"taxonomy":"post_tag","embeddable":true,"href":"https:\/\/agromt.news\/index.php?rest_route=%2Fwp%2Fv2%2Ftags&post=17237"}],"curies":[{"name":"wp","href":"https:\/\/api.w.org\/{rel}","templated":true}]}}