{"id":17233,"date":"2025-07-22T16:19:32","date_gmt":"2025-07-22T20:19:32","guid":{"rendered":"https:\/\/agromt.news\/?p=17233"},"modified":"2025-07-22T16:19:32","modified_gmt":"2025-07-22T20:19:32","slug":"frente-fria-provoca-chuva-mas-areas-do-pais-tem-calor-intenso-veja-previsao-do-tempo","status":"publish","type":"post","link":"https:\/\/agromt.news\/?p=17233","title":{"rendered":"Frente fria provoca chuva mas \u00e1reas do pa\u00eds t\u00eam calor intenso; veja previs\u00e3o do tempo"},"content":{"rendered":"<p> <br \/>\n<br \/><img decoding=\"async\" src=\"https:\/\/agromt.news\/wp-content\/uploads\/2025\/07\/Frente-fria-provoca-chuva-mas-areas-do-pais-tem-calor.jpg\" \/><\/p>\n<div>\n<p>Esta quarta-feira (23) ser\u00e1 marcada por instabilidade no Sul do Brasil e tempo seco com calor intenso em boa parte das demais regi\u00f5es do pa\u00eds, de acordo com a previs\u00e3o do tempo realizada pelos meteorologistas da Climatempo. <\/p>\n<div data-icp-cta=\"1\" id=\"icp-cta-unique\">Voc\u00ea quer entender como usar o clima a seu favor?<b> <\/b><a href=\"https:\/\/climacampo.canalrural.com.br\/climacampo_-01\">Preparamos um e-book exclusivo<\/a> para ajudar produtores rurais a se antecipar \u00e0s mudan\u00e7as do tempo e planejar melhor suas a\u00e7\u00f5es. Com base em previs\u00f5es meteorol\u00f3gicas confi\u00e1veis, ele oferece orienta\u00e7\u00f5es pr\u00e1ticas para proteger sua lavoura e otimizar seus resultados.<\/div>\n<p>No <a href=\"https:\/\/www.canalrural.com.br\/nacional\/rio-grande-do-sul\/\"><strong>Rio Grande do Sul<\/strong> <\/a>e em <strong>Santa Catarina<\/strong>, uma <strong>\u00e1rea de baixa press\u00e3o sobre o Paraguai<\/strong>, associada ao deslocamento de uma frente fria pelo oceano, provoca <strong>pancadas de chuva moderadas a fortes<\/strong>, principalmente nas \u00e1reas oeste e noroeste dos estados. As temperaturas devem cair no territ\u00f3rio ga\u00facho devido \u00e0 entrada de uma <strong>massa de ar polar<\/strong>. <\/p>\n<p>J\u00e1 nas demais \u00e1reas da regi\u00e3o Sul, o tempo permanece firme, com sol e temperaturas mais amenas.<\/p>\n<p>No <strong>Paran\u00e1<\/strong>, o tempo seco predomina, com <strong>umidade relativa do ar abaixo de 30%<\/strong> no noroeste. H\u00e1 <strong>forma\u00e7\u00e3o de nevoeiro<\/strong> no litoral norte catarinense e no litoral paranaense no in\u00edcio do dia.<\/p>\n<\/div>\n<div>\n<p>Na regi\u00e3o <strong>Sudeste<\/strong>, uma frente fria de fraca intensidade aumenta a <strong>nebulosidade na faixa leste de S\u00e3o Paulo<\/strong>, podendo causar <strong>chuva leve no litoral<\/strong>. No entanto, nas demais \u00e1reas \u2014 como <strong>Rio de Janeiro, Esp\u00edrito Santo e Minas Gerais<\/strong> \u2014 o tempo se mant\u00e9m firme, com <strong>eleva\u00e7\u00e3o das temperaturas<\/strong>. No interior paulista e mineiro, o sol predomina e a umidade relativa do ar pode <strong>cair para n\u00edveis cr\u00edticos, abaixo dos 30%<\/strong> durante a tarde.<\/p>\n<p>O <strong>Centro-Oeste<\/strong> enfrenta um cen\u00e1rio de <strong>calor intenso e ar muito seco<\/strong>, com destaque para <strong>Mato Grosso, Goi\u00e1s e o Distrito Federal<\/strong>, onde a umidade pode <strong>ficar abaixo de 20%<\/strong>. Em outras \u00e1reas da regi\u00e3o, os \u00edndices tamb\u00e9m permanecem baixos, abaixo de 30%, o que exige cuidados com a sa\u00fade e o risco de queimadas.<\/p>\n<p>No <strong>Nordeste<\/strong>, a <strong>faixa leste segue com instabilidade<\/strong> provocada pela circula\u00e7\u00e3o de ventos \u00famidos vindos do oceano. H\u00e1 previs\u00e3o de <strong>chuvas entre a Bahia e Pernambuco<\/strong>, com intensidade moderada em alguns momentos. J\u00e1 no interior e no agreste, o <strong>tempo seco predomina<\/strong>, com <strong>umidade abaixo de 20%<\/strong> em parte da tarde.<\/p>\n<p>Na <strong>regi\u00e3o Norte<\/strong>, o sol aparece entre poucas nuvens na maior parte dos estados. O tempo segue seco no <strong>Tocantins, Rond\u00f4nia e sul do Par\u00e1<\/strong>, enquanto <strong>pancadas de chuva ocorrem no Amazonas, Roraima e Amap\u00e1<\/strong>, com <strong>possibilidade de temporais localizados<\/strong> no centro-norte do Amazonas.<\/p>\n<\/p><\/div>\n<p><br \/>\n<br \/><a href=\"https:\/\/www.canalrural.com.br\/tempo\/frente-fria-provoca-chuva-mas-areas-do-pais-tem-calor-intenso-veja-previsao-do-tempo\/\">Source link <\/a><\/p>\n","protected":false},"excerpt":{"rendered":"<p>Esta quarta-feira (23) ser\u00e1 marcada por instabilidade no Sul do Brasil e tempo seco com calor intenso em boa parte<\/p>\n","protected":false},"author":1,"featured_media":17234,"comment_status":"open","ping_status":"open","sticky":false,"template":"","format":"standard","meta":{"_monsterinsights_skip_tracking":false,"_monsterinsights_sitenote_active":false,"_monsterinsights_sitenote_note":"","_monsterinsights_sitenote_category":0,"_uf_show_specific_survey":0,"_uf_disable_surveys":false,"footnotes":""},"categories":[1],"tags":[],"class_list":["post-17233","post","type-post","status-publish","format-standard","has-post-thumbnail","hentry","category-news"],"_links":{"self":[{"href":"https:\/\/agromt.news\/index.php?rest_route=\/wp\/v2\/posts\/17233"}],"collection":[{"href":"https:\/\/agromt.news\/index.php?rest_route=\/wp\/v2\/posts"}],"about":[{"href":"https:\/\/agromt.news\/index.php?rest_route=\/wp\/v2\/types\/post"}],"author":[{"embeddable":true,"href":"https:\/\/agromt.news\/index.php?rest_route=\/wp\/v2\/users\/1"}],"replies":[{"embeddable":true,"href":"https:\/\/agromt.news\/index.php?rest_route=%2Fwp%2Fv2%2Fcomments&post=17233"}],"version-history":[{"count":0,"href":"https:\/\/agromt.news\/index.php?rest_route=\/wp\/v2\/posts\/17233\/revisions"}],"wp:featuredmedia":[{"embeddable":true,"href":"https:\/\/agromt.news\/index.php?rest_route=\/wp\/v2\/media\/17234"}],"wp:attachment":[{"href":"https:\/\/agromt.news\/index.php?rest_route=%2Fwp%2Fv2%2Fmedia&parent=17233"}],"wp:term":[{"taxonomy":"category","embeddable":true,"href":"https:\/\/agromt.news\/index.php?rest_route=%2Fwp%2Fv2%2Fcategories&post=17233"},{"taxonomy":"post_tag","embeddable":true,"href":"https:\/\/agromt.news\/index.php?rest_route=%2Fwp%2Fv2%2Ftags&post=17233"}],"curies":[{"name":"wp","href":"https:\/\/api.w.org\/{rel}","templated":true}]}}