{"id":17183,"date":"2025-07-22T05:26:46","date_gmt":"2025-07-22T09:26:46","guid":{"rendered":"https:\/\/agromt.news\/?p=17183"},"modified":"2025-07-22T05:26:46","modified_gmt":"2025-07-22T09:26:46","slug":"frente-fria-deve-trazer-geada-para-areas-de-serra-veja-a-previsao","status":"publish","type":"post","link":"https:\/\/agromt.news\/?p=17183","title":{"rendered":"Frente fria deve trazer geada para \u00e1reas de serra; veja a previs\u00e3o"},"content":{"rendered":"<p> <br \/>\n<br \/><img decoding=\"async\" src=\"https:\/\/agromt.news\/wp-content\/uploads\/2025\/06\/nebulosidade-clima-frente-fria.jpg\" \/><\/p>\n<div>\n<p>Uma frente fria de intensidade fraca avan\u00e7a no Sul do pa\u00eds. Enquanto isso, tempo firme e seco no Sudeste e no Centro-Oeste. Veja tamb\u00e9m a previs\u00e3o para Norte e Nordeste:<\/p>\n<div data-icp-cta=\"1\" id=\"icp-cta-unique\">Voc\u00ea quer entender como usar o clima a seu favor?<b> <\/b><a href=\"https:\/\/climacampo.canalrural.com.br\/climacampo_-01\">Preparamos um e-book exclusivo<\/a> para ajudar produtores rurais a se antecipar \u00e0s mudan\u00e7as do tempo e planejar melhor suas a\u00e7\u00f5es. Com base em previs\u00f5es meteorol\u00f3gicas confi\u00e1veis, ele oferece orienta\u00e7\u00f5es pr\u00e1ticas para proteger sua lavoura e otimizar seus resultados.<\/div>\n<h2 class=\"wp-block-heading\" id=\"h-sul\">Sul<\/h2>\n<p>Uma frente fria de fraca intensidade vai avan\u00e7ar pela costa da Regi\u00e3o Sul, mas n\u00e3o provoca chuva em nenhum estado, somente um aumento de nebulosidade pela faixa leste dos tr\u00eas estados. A ter\u00e7a-feira ser\u00e1 marcada por tempo firme e com predom\u00ednio de sol. O dia come\u00e7a com temperaturas baixas e n\u00e3o se descarta a ocorr\u00eancia de geada em pontos isolados da serra ga\u00facha e catarinense. Durante \u00e0 tarde, os term\u00f4metros se elevam, especialmente na metade norte do <strong><a href=\"https:\/\/www.canalrural.com.br\/nacional\/parana\/\">Paran\u00e1<\/a><\/strong>, enquanto no <strong><a href=\"https:\/\/www.canalrural.com.br\/nacional\/rio-grande-do-sul\/\">Rio Grande do Sul<\/a><\/strong> a sensa\u00e7\u00e3o \u00e9 mais amena.<\/p>\n<h2 class=\"wp-block-heading\" id=\"h-sudeste\">Sudeste <\/h2>\n<p>Dia de tempo firme e com predom\u00ednio de sol em todos os estados do Sudeste. O amanhecer ainda apresenta temperaturas mais baixas pela faixa leste paulista e sul de Minas Gerais, com tend\u00eancia de eleva\u00e7\u00e3o no decorrer da tarde. No interior paulista e mineiro a umidade do ar fica em aten\u00e7\u00e3o.<\/p>\n<\/div>\n<div>\n<h2 class=\"wp-block-heading\" id=\"h-centro-oeste\">Centro-Oeste<\/h2>\n<p>Predom\u00ednio de tempo firme e sem chuva nos tr\u00eas estados. O sol aparece mais em Mato Grosso do Sul, Mato Grosso e interior de Goi\u00e1s, favorecendo para a subida das temperaturas durante \u00e0 tarde. Aten\u00e7\u00e3o para a queda da umidade relativa do ar no per\u00edodo da tarde. No sul de Mato Grosso do Sul o amanhecer conta com temperaturas mais baixas e sensa\u00e7\u00e3o de frio, mas sem risco para geada.<\/p>\n<h2 class=\"wp-block-heading\" id=\"h-nordeste\">Nordeste<\/h2>\n<p>A infiltra\u00e7\u00e3o mar\u00edtima mant\u00e9m o tempo mais inst\u00e1vel e com pancadas isoladas pela costa leste do Nordeste, que podem ocorrer com at\u00e9 moderada intensidade entre Sergipe e Pernambuco. No norte do Maranh\u00e3o e litoral do Cear\u00e1 e do Piau\u00ed o sol aparece, mas \u00e0 tarde n\u00e3o se descarta alguma chuva isolada. J\u00e1 no interior da Regi\u00e3o o tempo seco e quente vai predominar, com umidade relativa do ar entrando em aten\u00e7\u00e3o.<\/p>\n<h2 class=\"wp-block-heading\" id=\"h-norte\">Norte<\/h2>\n<p>Pancadas alternadas com per\u00edodos de melhoria na metade norte do Amazonas e em Roraima, onde n\u00e3o se descartam alguns temporais localizados. No norte do Par\u00e1 e no Amap\u00e1 pancadas com at\u00e9 moderada intensidade. Por outro lado, o sol prevalece nas demais \u00e1reas da Regi\u00e3o e a umidade do ar pode ficar em aten\u00e7\u00e3o no Tocantins e na metade sul do Par\u00e1.<\/p>\n<\/p><\/div>\n<p><br \/>\n<br \/><a href=\"https:\/\/www.canalrural.com.br\/tempo\/frente-fria-deve-trazer-geada-para-areas-de-serra-veja-a-previsao\/\">Source link <\/a><\/p>\n","protected":false},"excerpt":{"rendered":"<p>Uma frente fria de intensidade fraca avan\u00e7a no Sul do pa\u00eds. Enquanto isso, tempo firme e seco no Sudeste e<\/p>\n","protected":false},"author":1,"featured_media":15512,"comment_status":"open","ping_status":"open","sticky":false,"template":"","format":"standard","meta":{"_monsterinsights_skip_tracking":false,"_monsterinsights_sitenote_active":false,"_monsterinsights_sitenote_note":"","_monsterinsights_sitenote_category":0,"_uf_show_specific_survey":0,"_uf_disable_surveys":false,"footnotes":""},"categories":[1],"tags":[],"class_list":["post-17183","post","type-post","status-publish","format-standard","has-post-thumbnail","hentry","category-news"],"_links":{"self":[{"href":"https:\/\/agromt.news\/index.php?rest_route=\/wp\/v2\/posts\/17183"}],"collection":[{"href":"https:\/\/agromt.news\/index.php?rest_route=\/wp\/v2\/posts"}],"about":[{"href":"https:\/\/agromt.news\/index.php?rest_route=\/wp\/v2\/types\/post"}],"author":[{"embeddable":true,"href":"https:\/\/agromt.news\/index.php?rest_route=\/wp\/v2\/users\/1"}],"replies":[{"embeddable":true,"href":"https:\/\/agromt.news\/index.php?rest_route=%2Fwp%2Fv2%2Fcomments&post=17183"}],"version-history":[{"count":0,"href":"https:\/\/agromt.news\/index.php?rest_route=\/wp\/v2\/posts\/17183\/revisions"}],"wp:featuredmedia":[{"embeddable":true,"href":"https:\/\/agromt.news\/index.php?rest_route=\/wp\/v2\/media\/15512"}],"wp:attachment":[{"href":"https:\/\/agromt.news\/index.php?rest_route=%2Fwp%2Fv2%2Fmedia&parent=17183"}],"wp:term":[{"taxonomy":"category","embeddable":true,"href":"https:\/\/agromt.news\/index.php?rest_route=%2Fwp%2Fv2%2Fcategories&post=17183"},{"taxonomy":"post_tag","embeddable":true,"href":"https:\/\/agromt.news\/index.php?rest_route=%2Fwp%2Fv2%2Ftags&post=17183"}],"curies":[{"name":"wp","href":"https:\/\/api.w.org\/{rel}","templated":true}]}}