{"id":17177,"date":"2025-07-21T23:13:12","date_gmt":"2025-07-22T03:13:12","guid":{"rendered":"https:\/\/agromt.news\/?p=17177"},"modified":"2025-07-21T23:13:12","modified_gmt":"2025-07-22T03:13:12","slug":"demanda-para-esmagamento-impulsiona-preco-da-soja-no-brasil","status":"publish","type":"post","link":"https:\/\/agromt.news\/?p=17177","title":{"rendered":"Demanda para esmagamento impulsiona pre\u00e7o da soja no Brasil"},"content":{"rendered":"<p> <br \/>\n<\/p>\n<div>\n<div class=\"row\">\n<div class=\"col-lg col-infos mt-0 mt-lg-0\">\n<div class=\"section-sub-title\">\n<p itemprop=\"description\">&#13;<br \/>\n                                Mesmo com produ\u00e7\u00e3o recorde global, soja segue valorizada &#13;<br \/>\n&#13;<br \/>\n&#13;\n                            <\/p>\n<\/p><\/div>\n<div class=\"container\">\n<div class=\"row\">\n<div class=\"col-lg p-0\">\n<div>\n<div class=\"block-news-main-infos mt-3 text-start\">\n<p>                                            <strong class=\"fn\" itemprop=\"author\" style=\"color: rgb(112, 112, 112); \">&#13;<br \/>\n                                                <a href=\"https:\/\/www.agrolink.com.br\/noticias\/javascript:;\" class=\"text-uppercase\" target=\"_blank\" style=\"color: rgb(112, 112, 112); \" rel=\"noopener\">Agrolink<\/a>&#13;<br \/>\n&#13;<br \/>\n                                                    &#8211; Aline Merladete&#13;<br \/>\n&#13;<br \/>\n                                            <\/strong><br \/>\n                                        <\/p>\n<p>                                            <abbr><time datetime=\"2025-07-21T09:45\" itemprop=\"datePublished dateModified\">Publicado em 21\/07\/2025 \u00e0s 09:45h.<\/time><\/abbr><br \/>\n                                            <\/p><\/div>\n<\/p><\/div>\n<\/p><\/div>\n<div class=\"col-lg p-0 text-lg-end\">\n<div>\n<div id=\"mdEnviarPagina\" class=\"modal fade\" role=\"dialog\">\n<div class=\"modal-dialog\">\n<div class=\"modal-content\">\n<div class=\"modal-body\">\n<p><strong>Estimado usu\u00e1rio.<\/strong><br \/>Preencha o formul\u00e1rio abaixo para remeter a p\u00e1gina.<\/p>\n<\/p><\/div>\n<\/p><\/div>\n<\/p><\/div>\n<\/div><\/div>\n<\/p><\/div>\n<\/p><\/div>\n<\/p><\/div>\n<\/p><\/div>\n<\/p><\/div>\n<div class=\"row justify-content-md-center mt-3\">\n<div class=\"col-lg-auto col-image block-news-main-image\">\n<p>                                <img decoding=\"async\" src=\"https:\/\/www.agrolink.com.br\/upload\/imagens-resizes\/10951f43f8294d8fa5c7b4c95714d148_858x483.jpg\" class=\"lazyload img-fluid\"\/><br \/>\n                                                <span class=\"publicity-photo d-block mt-1\">Foto: Divulga\u00e7\u00e3o<\/span><\/p><\/div>\n<\/p><\/div>\n<div class=\"section-description section-description-noticias mt-3\">\n<p style=\"text-align:justify\">A demanda consistente da ind\u00fastria de esmagamento continua sendo um dos principais motores de sustenta\u00e7\u00e3o para os pre\u00e7os da <a href=\"https:\/\/www.agrolink.com.br\/culturas\/soja?utm_source=agrolink-detalhe-noticia&amp;utm_medium=detalhe-noticia&amp;utm_campaign=links-internos\" target=\"_blank\" rel=\"noopener\">soja<\/a> no mercado brasileiro. Apesar da press\u00e3o exercida pela ampla oferta global, os valores internos seguem firmes, refletindo o apetite das ind\u00fastrias por mat\u00e9ria-prima para a produ\u00e7\u00e3o de farelo e \u00f3leo.&#13;\n<\/p>\n<p style=\"text-align:justify\">Segundo informa\u00e7\u00f5es divulgadas pelo Cepea (Centro de Estudos Avan\u00e7ados em Economia Aplicada), essa tend\u00eancia de valoriza\u00e7\u00e3o tem sido observada tanto no mercado interno quanto nas exporta\u00e7\u00f5es. No Brasil, os Indicadores CEPEA\/ESALQ \u2013 Paranagu\u00e1 (PR) e CEPEA\/ESALQ \u2013 Paran\u00e1 registraram avan\u00e7os de 1,8% e 1,3%, respectivamente, na parcial deste m\u00eas at\u00e9 o dia 17. No entanto, os pesquisadores alertam que a trajet\u00f3ria de alta dos pre\u00e7os pode encontrar resist\u00eancia devido ao crescimento da produ\u00e7\u00e3o mundial. O relat\u00f3rio mais recente do USDA projeta um novo recorde para a safra global de soja, que deve passar de 421,99 milh\u00f5es de toneladas na temporada 2024\/25 para 427,68 milh\u00f5es de toneladas em 2025\/26.<\/p>\n<p style=\"text-align:justify\">A eleva\u00e7\u00e3o nos pre\u00e7os dom\u00e9sticos, mesmo que moderada, \u00e9 reflexo direto da competitividade da soja brasileira no mercado internacional e da demanda s\u00f3lida por derivados. O movimento tamb\u00e9m tem sido acompanhado por agentes atentos ao c\u00e2mbio e \u00e0 movimenta\u00e7\u00e3o dos estoques nos principais portos.&#13;\n<\/p>\n<p style=\"text-align:justify\">Com o cen\u00e1rio global projetando maior produ\u00e7\u00e3o, o comportamento dos pre\u00e7os nos pr\u00f3ximos meses deve depender do ritmo das exporta\u00e7\u00f5es brasileiras e da din\u00e2mica interna do esmagamento. Para os produtores, o momento \u00e9 de aten\u00e7\u00e3o \u00e0s oportunidades de comercializa\u00e7\u00e3o e \u00e0 evolu\u00e7\u00e3o dos mercados futuros.<\/p>\n<\/p><\/div>\n<\/p><\/div>\n<p><script data-cfasync=\"false\">\n    !function (f, b, e, v, n, t, s) {\n        if (f.fbq) return; n = f.fbq = function () {\n            n.callMethod ?\n                n.callMethod.apply(n, arguments) : n.queue.push(arguments)\n        };\n        if (!f._fbq) f._fbq = n; n.push = n; n.loaded = !0; n.version = '2.0';\n        n.queue = []; t = b.createElement(e); t.async = !0;\n        t.src = v; s = b.getElementsByTagName(e)[0];\n        s.parentNode.insertBefore(t, s)\n    }(window, document, 'script',\n        'https:\/\/connect.facebook.net\/en_US\/fbevents.js');\n    fbq('init', '522546078623747');\n    fbq('track', 'PageView');\n<\/script><br \/>\n<br \/><br \/>\n<br \/><a href=\"https:\/\/www.agrolink.com.br\/noticias\/demanda-para-esmagamento-impulsiona-preco-da-soja-no-brasil_504116.html\">Source link <\/a><\/p>\n","protected":false},"excerpt":{"rendered":"<p>&#13; Mesmo com produ\u00e7\u00e3o recorde global, soja segue valorizada &#13; &#13; &#13; &#13; Agrolink&#13; &#13; &#8211; Aline Merladete&#13; &#13; Publicado<\/p>\n","protected":false},"author":1,"featured_media":8376,"comment_status":"open","ping_status":"open","sticky":false,"template":"","format":"standard","meta":{"_monsterinsights_skip_tracking":false,"_monsterinsights_sitenote_active":false,"_monsterinsights_sitenote_note":"","_monsterinsights_sitenote_category":0,"_uf_show_specific_survey":0,"_uf_disable_surveys":false,"footnotes":""},"categories":[8,1,14],"tags":[],"class_list":["post-17177","post","type-post","status-publish","format-standard","has-post-thumbnail","hentry","category-agro","category-news","category-politica-agro"],"_links":{"self":[{"href":"https:\/\/agromt.news\/index.php?rest_route=\/wp\/v2\/posts\/17177"}],"collection":[{"href":"https:\/\/agromt.news\/index.php?rest_route=\/wp\/v2\/posts"}],"about":[{"href":"https:\/\/agromt.news\/index.php?rest_route=\/wp\/v2\/types\/post"}],"author":[{"embeddable":true,"href":"https:\/\/agromt.news\/index.php?rest_route=\/wp\/v2\/users\/1"}],"replies":[{"embeddable":true,"href":"https:\/\/agromt.news\/index.php?rest_route=%2Fwp%2Fv2%2Fcomments&post=17177"}],"version-history":[{"count":0,"href":"https:\/\/agromt.news\/index.php?rest_route=\/wp\/v2\/posts\/17177\/revisions"}],"wp:featuredmedia":[{"embeddable":true,"href":"https:\/\/agromt.news\/index.php?rest_route=\/wp\/v2\/media\/8376"}],"wp:attachment":[{"href":"https:\/\/agromt.news\/index.php?rest_route=%2Fwp%2Fv2%2Fmedia&parent=17177"}],"wp:term":[{"taxonomy":"category","embeddable":true,"href":"https:\/\/agromt.news\/index.php?rest_route=%2Fwp%2Fv2%2Fcategories&post=17177"},{"taxonomy":"post_tag","embeddable":true,"href":"https:\/\/agromt.news\/index.php?rest_route=%2Fwp%2Fv2%2Ftags&post=17177"}],"curies":[{"name":"wp","href":"https:\/\/api.w.org\/{rel}","templated":true}]}}