{"id":17173,"date":"2025-07-21T20:10:21","date_gmt":"2025-07-22T00:10:21","guid":{"rendered":"https:\/\/agromt.news\/?p=17173"},"modified":"2025-07-21T20:10:21","modified_gmt":"2025-07-22T00:10:21","slug":"industria-do-pescado-solicita-credito-emergencial-para-mitigar-efeitos-do-tarifaco","status":"publish","type":"post","link":"https:\/\/agromt.news\/?p=17173","title":{"rendered":"Ind\u00fastria do pescado solicita cr\u00e9dito emergencial para mitigar efeitos do tarifa\u00e7o"},"content":{"rendered":"<p> <br \/>\n<br \/><img decoding=\"async\" src=\"https:\/\/agromt.news\/wp-content\/uploads\/2024\/08\/Pesquisa-desenvolve-kit-de-diagnostico-rapido-para-doenca-que-afeta.jpg\" \/><\/p>\n<div>\n<p>Um pedido para que o presidente <strong><a href=\"https:\/\/www.canalrural.com.br\/tag\/lula\/\">Lula<\/a><\/strong> crie uma linha emergencial de cr\u00e9dito voltada \u00e0s ind\u00fastrias exportadoras de pescado foi protocolado nesta segunda-feira (21) pela Associa\u00e7\u00e3o Brasileira das Ind\u00fastrias de Pescado (Abipesca). <\/p>\n<p>A proposta prev\u00ea que o governo aporte <strong>R$ 900 milh\u00f5es<\/strong>, fornecendo ao setor seis meses de car\u00eancia e prazo de 24 meses para o pagamento. <\/p>\n<p>Para a entidade, essas a\u00e7\u00f5es t\u00eam como objetivo mitigar os impactos imediatos da tarifa de 50% imposta pelos Estados Unidos sobre os produtos brasileiros do setor.<\/p>\n<p>\u201cO mercado norte-americano representa cerca de 70% do destino do pescado exportado pelo Brasil. Com a nova taxa\u00e7\u00e3o, estima-se que cerca de R$ 300 milh\u00f5es em produtos estejam parados entre p\u00e1tios portu\u00e1rios, embarca\u00e7\u00f5es e unidades industriais\u201d, destaca a nota.<\/p>\n<p>Segundo a Abipesca, o setor enfrenta uma grave crise de capital de giro, j\u00e1 que n\u00e3o h\u00e1 como redirecionar essa produ\u00e7\u00e3o ao mercado interno \u2014 que j\u00e1 se encontra abastecido e n\u00e3o absorve os cortes espec\u00edficos voltados \u00e0 exporta\u00e7\u00e3o. <\/p>\n<\/div>\n<div>\n<p>\u201cCaso n\u00e3o haja uma resposta r\u00e1pida, 35 ind\u00fastrias e aproximadamente 20 mil trabalhadores, incluindo pescadores artesanais, podem ser impactados com cortes e paralisa\u00e7\u00f5es\u201d, refor\u00e7a.<\/p>\n<h2 class=\"wp-block-heading\" id=\"h-reabertura-da-europa-ao-pescado-brasileiro\">Reabertura da Europa ao pescado brasileiro<\/h2>\n<p>No documento protocolado, a Abipesca tamb\u00e9m solicita que o governo federal intensifique as negocia\u00e7\u00f5es para reabertura do mercado europeu, fechado \u00e0s exporta\u00e7\u00f5es brasileiras de pescado desde 2017. <\/p>\n<p>\u201cApesar dos avan\u00e7os t\u00e9cnicos, a entidade avalia que a eleva\u00e7\u00e3o do tema ao n\u00edvel presidencial pode acelerar a retomada desse importante destino comercial\u201d, diz a entidade.<\/p>\n<p>Segundo o presidente da Abipesca, Eduardo Lobo, o setor est\u00e1 sem alternativa no curto prazo. \u201cSem cr\u00e9dito, n\u00e3o h\u00e1 como manter os estoques, honrar compromissos e preservar os empregos. Essa linha emergencial \u00e9 crucial para evitar um colapso imediato e dar f\u00f4lego at\u00e9 que se encontre uma solu\u00e7\u00e3o duradoura\u201d, afirma.<\/p>\n<\/p><\/div>\n<p><br \/>\n<br \/><a href=\"https:\/\/www.canalrural.com.br\/aves-e-suinos\/peixes\/industria-do-pescado-solicita-credito-emergencial-para-mitigar-efeitos-do-tarifaco\/\">Source link <\/a><\/p>\n","protected":false},"excerpt":{"rendered":"<p>Um pedido para que o presidente Lula crie uma linha emergencial de cr\u00e9dito voltada \u00e0s ind\u00fastrias exportadoras de pescado foi<\/p>\n","protected":false},"author":1,"featured_media":612,"comment_status":"open","ping_status":"open","sticky":false,"template":"","format":"standard","meta":{"_monsterinsights_skip_tracking":false,"_monsterinsights_sitenote_active":false,"_monsterinsights_sitenote_note":"","_monsterinsights_sitenote_category":0,"_uf_show_specific_survey":0,"_uf_disable_surveys":false,"footnotes":""},"categories":[1],"tags":[],"class_list":["post-17173","post","type-post","status-publish","format-standard","has-post-thumbnail","hentry","category-news"],"_links":{"self":[{"href":"https:\/\/agromt.news\/index.php?rest_route=\/wp\/v2\/posts\/17173"}],"collection":[{"href":"https:\/\/agromt.news\/index.php?rest_route=\/wp\/v2\/posts"}],"about":[{"href":"https:\/\/agromt.news\/index.php?rest_route=\/wp\/v2\/types\/post"}],"author":[{"embeddable":true,"href":"https:\/\/agromt.news\/index.php?rest_route=\/wp\/v2\/users\/1"}],"replies":[{"embeddable":true,"href":"https:\/\/agromt.news\/index.php?rest_route=%2Fwp%2Fv2%2Fcomments&post=17173"}],"version-history":[{"count":0,"href":"https:\/\/agromt.news\/index.php?rest_route=\/wp\/v2\/posts\/17173\/revisions"}],"wp:featuredmedia":[{"embeddable":true,"href":"https:\/\/agromt.news\/index.php?rest_route=\/wp\/v2\/media\/612"}],"wp:attachment":[{"href":"https:\/\/agromt.news\/index.php?rest_route=%2Fwp%2Fv2%2Fmedia&parent=17173"}],"wp:term":[{"taxonomy":"category","embeddable":true,"href":"https:\/\/agromt.news\/index.php?rest_route=%2Fwp%2Fv2%2Fcategories&post=17173"},{"taxonomy":"post_tag","embeddable":true,"href":"https:\/\/agromt.news\/index.php?rest_route=%2Fwp%2Fv2%2Ftags&post=17173"}],"curies":[{"name":"wp","href":"https:\/\/api.w.org\/{rel}","templated":true}]}}