{"id":17166,"date":"2025-07-21T18:49:34","date_gmt":"2025-07-21T22:49:34","guid":{"rendered":"https:\/\/agromt.news\/?p=17166"},"modified":"2025-07-21T18:49:34","modified_gmt":"2025-07-21T22:49:34","slug":"fazenda-atingida-por-desastre-saiba-como-pedir-isencao-do-itr","status":"publish","type":"post","link":"https:\/\/agromt.news\/?p=17166","title":{"rendered":"Fazenda atingida por desastre? Saiba como pedir isen\u00e7\u00e3o do ITR"},"content":{"rendered":"<p> <br \/>\n<\/p>\n<div>\n<p>Pecuarista, se sua propriedade foi afetada por inc\u00eandios, enchentes ou outros eventos extremos que prejudicaram a produ\u00e7\u00e3o, aten\u00e7\u00e3o: voc\u00ea pode ter <strong>direito \u00e0 isen\u00e7\u00e3o do Imposto Territorial Rural (ITR)<\/strong>. A legisla\u00e7\u00e3o brasileira prev\u00ea formas de proteger o produtor que n\u00e3o consegue explorar a terra por causa de desastres naturais. Assista ao v\u00eddeo abaixo e confira.<\/p>\n<figure class=\"wp-block-embed is-type-video is-provider-youtube wp-block-embed-youtube wp-embed-aspect-16-9 wp-has-aspect-ratio\">\n<p>\n<iframe title=\"FAZENDA ARRASADA POR FOGO OU CHUVA? O QUE DIZ A LEI PARA PROTEGER O PRODUTOR RURAL?\" width=\"800\" height=\"450\" src=\"https:\/\/www.youtube.com\/embed\/0G39yqvEs2U?feature=oembed\" frameborder=\"0\" allow=\"accelerometer; autoplay; clipboard-write; encrypted-media; gyroscope; picture-in-picture; web-share\" referrerpolicy=\"strict-origin-when-cross-origin\" allowfullscreen><\/iframe><noscript><iframe title=\"FAZENDA ARRASADA POR FOGO OU CHUVA? O QUE DIZ A LEI PARA PROTEGER O PRODUTOR RURAL?\" width=\"800\" height=\"450\" src=\"https:\/\/www.youtube.com\/embed\/0G39yqvEs2U?feature=oembed\" frameborder=\"0\" allow=\"accelerometer; autoplay; clipboard-write; encrypted-media; gyroscope; picture-in-picture; web-share\" referrerpolicy=\"strict-origin-when-cross-origin\" allowfullscreen><\/iframe><\/noscript>\n<\/p>\n<\/figure>\n<p>Foi o que explicou o advogado Pedro Puttini Mendes, especialista em direito agr\u00e1rio e ambiental, em entrevista ao programa <strong>Giro do Boi<\/strong>, no quadro <em>Direito Agr\u00e1rio<\/em>.<\/p>\n<p>Segundo ele, muitos produtores seguem sendo tributados mesmo quando est\u00e3o impossibilitados de gerar renda com a terra \u2014 o que contraria o pr\u00f3prio princ\u00edpio de justi\u00e7a tribut\u00e1ria.<\/p>\n<h2 class=\"wp-block-heading\" id=\"h-o-que-diz-a-lei-sobre-o-itr-em-caso-de-improdutividade\">O que diz a lei sobre o ITR em caso de improdutividade?<\/h2>\n<figure class=\"wp-block-image size-large\"><img fetchpriority=\"high\" decoding=\"async\" width=\"1024\" height=\"576\" alt=\"Propriedade rural. Foto: Canva\" class=\"wp-image-4109455\"  data-lazy- src=\"https:\/\/agromt.news\/wp-content\/uploads\/2025\/07\/Fazenda-atingida-por-desastre-Saiba-como-pedir-isencao-do-ITR.jpg\"\/><img decoding=\"async\" width=\"1024\" height=\"576\" src=\"https:\/\/agromt.news\/wp-content\/uploads\/2025\/07\/Fazenda-atingida-por-desastre-Saiba-como-pedir-isencao-do-ITR.jpg\" alt=\"Propriedade rural. Foto: Canva\" class=\"wp-image-4109455\"  \/><figcaption class=\"wp-element-caption\">Propriedade rural. Foto: Canva<\/figcaption><\/figure>\n<p>O ITR \u00e9 um imposto federal cobrado com base na <strong>utiliza\u00e7\u00e3o produtiva da terra<\/strong>. A l\u00f3gica \u00e9: quanto mais a \u00e1rea for usada para pecu\u00e1ria, agricultura ou floresta, menor \u00e9 a al\u00edquota. Ou seja, o imposto estimula o uso racional e produtivo das propriedades.<\/p>\n<p>Mas, quando a <strong>produ\u00e7\u00e3o \u00e9 inviabilizada por causas clim\u00e1ticas extremas<\/strong>, o cen\u00e1rio muda.<\/p>\n<blockquote class=\"wp-block-quote is-layout-flow wp-block-quote-is-layout-flow\">\n<p>\u201cO produtor n\u00e3o pode ser penalizado com cobran\u00e7a de imposto sobre algo que ele n\u00e3o tem como explorar. Isso fere o princ\u00edpio da capacidade contributiva, previsto na Constitui\u00e7\u00e3o\u201d, afirma Puttini.<\/p>\n<\/blockquote>\n<p>Em termos simples, <strong>n\u00e3o se deve cobrar tributo onde n\u00e3o h\u00e1 gera\u00e7\u00e3o de riqueza<\/strong>.<\/p>\n<h2 class=\"wp-block-heading\" id=\"h-como-solicitar-a-isencao-do-itr\">Como solicitar a isen\u00e7\u00e3o do ITR<\/h2>\n<figure class=\"wp-block-image size-large\"><img decoding=\"async\" width=\"1024\" height=\"576\" alt=\"Produtor rural. Foto: Canva\" class=\"wp-image-4109453\"  data-lazy- src=\"https:\/\/agromt.news\/wp-content\/uploads\/2025\/07\/1753138174_541_Fazenda-atingida-por-desastre-Saiba-como-pedir-isencao-do-ITR.jpg\"\/><img loading=\"lazy\" decoding=\"async\" width=\"1024\" height=\"576\" src=\"https:\/\/agromt.news\/wp-content\/uploads\/2025\/07\/1753138174_541_Fazenda-atingida-por-desastre-Saiba-como-pedir-isencao-do-ITR.jpg\" alt=\"Produtor rural. Foto: Canva\" class=\"wp-image-4109453\"  \/><figcaption class=\"wp-element-caption\">Produtor rural. Foto: Canva<\/figcaption><\/figure>\n<p>O primeiro passo para tentar a isen\u00e7\u00e3o ou compensa\u00e7\u00e3o do ITR \u00e9 <strong>juntar provas concretas<\/strong> de que a propriedade foi atingida e ficou temporariamente improdutiva. Veja o que pode ser usado:<\/p>\n<\/div>\n<div>\n<ul class=\"wp-block-list\">\n<li><strong>Fotos e v\u00eddeos com data<\/strong>, mostrando os preju\u00edzos;<\/li>\n<li><strong>Laudos t\u00e9cnicos<\/strong> de engenheiros agr\u00f4nomos ou veterin\u00e1rios;<\/li>\n<li><strong>Notifica\u00e7\u00f5es da Defesa Civil e boletins de ocorr\u00eancia<\/strong>;<\/li>\n<li><strong>Boletins meteorol\u00f3gicos<\/strong>, comprovando a intensidade do fen\u00f4meno;<\/li>\n<li><strong>Declara\u00e7\u00e3o de emerg\u00eancia ou calamidade p\u00fablica<\/strong> emitida pelo munic\u00edpio ou estado;<\/li>\n<li><strong>Notas fiscais e registros de produ\u00e7\u00e3o<\/strong>, evidenciando queda na produtividade;<\/li>\n<li><strong>Mapas<\/strong> com as \u00e1reas impactadas pela trag\u00e9dia.<\/li>\n<\/ul>\n<p>Esses documentos devem ser anexados \u00e0 <strong>declara\u00e7\u00e3o do ITR<\/strong> e, se for o caso, ao <strong>Ato Declarat\u00f3rio Ambiental (ADA)<\/strong> \u2014 especialmente se a reserva legal ou \u00e1rea de preserva\u00e7\u00e3o foi comprometida.<\/p>\n<h2 class=\"wp-block-heading\" id=\"h-quando-o-produtor-perde-documentos-ou-nao-tem-titulo-formal\">Quando o produtor perde documentos ou n\u00e3o tem t\u00edtulo formal<\/h2>\n<figure class=\"wp-block-image size-full\"><img loading=\"lazy\" decoding=\"async\" width=\"767\" height=\"385\" alt=\"Estragos pelas chuvas em Jaguari (RS)\" class=\"wp-image-4105947\"  data-lazy- src=\"https:\/\/agromt.news\/wp-content\/uploads\/2025\/06\/Jaguari-RS.jpg\"\/><img loading=\"lazy\" decoding=\"async\" width=\"767\" height=\"385\" src=\"https:\/\/agromt.news\/wp-content\/uploads\/2025\/06\/Jaguari-RS.jpg\" alt=\"Estragos pelas chuvas em Jaguari (RS)\" class=\"wp-image-4105947\"  \/><figcaption class=\"wp-element-caption\">Foto: Divulga\u00e7\u00e3o Prefeitura de Jaguari<\/figcaption><\/figure>\n<p>Muitos produtores afetados por eventos clim\u00e1ticos perdem n\u00e3o s\u00f3 bens materiais, mas tamb\u00e9m <strong>documentos importantes<\/strong>, como matr\u00edcula do im\u00f3vel ou contratos. Isso dificulta o acesso \u00e0 justi\u00e7a ou at\u00e9 a programas de recupera\u00e7\u00e3o oferecidos pelo governo.<\/p>\n<p>Se n\u00e3o houver t\u00edtulo formal da terra, \u00e9 preciso apresentar <strong>provas de ocupa\u00e7\u00e3o cont\u00ednua e produtiva<\/strong> do im\u00f3vel, o que refor\u00e7a a import\u00e2ncia de manter um arquivo organizado e atualizado. Em casos mais complexos, a <strong>justi\u00e7a pode ser acionada<\/strong> para garantir o direito \u00e0 isen\u00e7\u00e3o.<\/p>\n<h2 class=\"wp-block-heading\" id=\"h-apoie-o-pl-3678-2021-e-pressione-por-mais-protecao\">Apoie o PL 3678\/2021 e pressione por mais prote\u00e7\u00e3o<\/h2>\n<p>O Projeto de Lei 3678\/2021, que tramita no Congresso Nacional, <strong>prev\u00ea isen\u00e7\u00e3o do ITR para \u00e1reas sujeitas a inunda\u00e7\u00f5es peri\u00f3dicas<\/strong>, mediante certifica\u00e7\u00e3o do Minist\u00e9rio da Agricultura.<\/p>\n<p>A proposta precisa do apoio dos produtores e da mobiliza\u00e7\u00e3o das entidades representativas do agro para avan\u00e7ar.<\/p>\n<p>\u201c<strong>O produtor rural n\u00e3o pode enfrentar sozinho as consequ\u00eancias de uma crise clim\u00e1tica que se intensifica a cada ano<\/strong>. \u00c9 preciso respaldo legal, apoio pol\u00edtico e orienta\u00e7\u00e3o t\u00e9cnica para atravessar esse cen\u00e1rio com seguran\u00e7a\u201d, refor\u00e7a Puttini.<\/p>\n<p>Fica o alerta: <strong>registre tudo, busque orienta\u00e7\u00e3o jur\u00eddica e lute por seus direitos<\/strong>. Em tempos de extremos clim\u00e1ticos, proteger seu patrim\u00f4nio rural \u00e9 essencial para garantir o futuro da atividade no campo.<\/p>\n<\/p><\/div>\n<p><br \/>\n<br \/><a href=\"https:\/\/www.canalrural.com.br\/pecuaria\/fazenda-atingida-por-desastre-saiba-como-pedir-isencao-do-itr\/\">Source link <\/a><\/p>\n","protected":false},"excerpt":{"rendered":"<p>Pecuarista, se sua propriedade foi afetada por inc\u00eandios, enchentes ou outros eventos extremos que prejudicaram a produ\u00e7\u00e3o, aten\u00e7\u00e3o: voc\u00ea pode<\/p>\n","protected":false},"author":1,"featured_media":17167,"comment_status":"open","ping_status":"open","sticky":false,"template":"","format":"standard","meta":{"_monsterinsights_skip_tracking":false,"_monsterinsights_sitenote_active":false,"_monsterinsights_sitenote_note":"","_monsterinsights_sitenote_category":0,"_uf_show_specific_survey":0,"_uf_disable_surveys":false,"footnotes":""},"categories":[1],"tags":[],"class_list":["post-17166","post","type-post","status-publish","format-standard","has-post-thumbnail","hentry","category-news"],"_links":{"self":[{"href":"https:\/\/agromt.news\/index.php?rest_route=\/wp\/v2\/posts\/17166"}],"collection":[{"href":"https:\/\/agromt.news\/index.php?rest_route=\/wp\/v2\/posts"}],"about":[{"href":"https:\/\/agromt.news\/index.php?rest_route=\/wp\/v2\/types\/post"}],"author":[{"embeddable":true,"href":"https:\/\/agromt.news\/index.php?rest_route=\/wp\/v2\/users\/1"}],"replies":[{"embeddable":true,"href":"https:\/\/agromt.news\/index.php?rest_route=%2Fwp%2Fv2%2Fcomments&post=17166"}],"version-history":[{"count":0,"href":"https:\/\/agromt.news\/index.php?rest_route=\/wp\/v2\/posts\/17166\/revisions"}],"wp:featuredmedia":[{"embeddable":true,"href":"https:\/\/agromt.news\/index.php?rest_route=\/wp\/v2\/media\/17167"}],"wp:attachment":[{"href":"https:\/\/agromt.news\/index.php?rest_route=%2Fwp%2Fv2%2Fmedia&parent=17166"}],"wp:term":[{"taxonomy":"category","embeddable":true,"href":"https:\/\/agromt.news\/index.php?rest_route=%2Fwp%2Fv2%2Fcategories&post=17166"},{"taxonomy":"post_tag","embeddable":true,"href":"https:\/\/agromt.news\/index.php?rest_route=%2Fwp%2Fv2%2Ftags&post=17166"}],"curies":[{"name":"wp","href":"https:\/\/api.w.org\/{rel}","templated":true}]}}