{"id":17163,"date":"2025-07-21T17:50:27","date_gmt":"2025-07-21T21:50:27","guid":{"rendered":"https:\/\/agromt.news\/?p=17163"},"modified":"2025-07-21T17:50:27","modified_gmt":"2025-07-21T21:50:27","slug":"agro-brasileiro-deveria-pressionar-congresso-dos-eua-contra-tarifaco-diz-professor-da-fgv","status":"publish","type":"post","link":"https:\/\/agromt.news\/?p=17163","title":{"rendered":"Agro brasileiro deveria pressionar Congresso dos EUA contra tarifa\u00e7o, diz professor da FGV"},"content":{"rendered":"<p> <br \/>\n<br \/><img decoding=\"async\" src=\"https:\/\/agromt.news\/wp-content\/uploads\/2025\/07\/Agro-brasileiro-deveria-pressionar-Congresso-dos-EUA-contra-tarifaco-diz.jpg\" \/><\/p>\n<div>\n<p>H\u00e1 10 dias do prazo, o governo dos Estados Unidos ainda n\u00e3o se pronunciou oficialmente sobre poss\u00edveis negocia\u00e7\u00f5es ou o adiamento da tarifa de 50% sobre as exporta\u00e7\u00f5es brasileiras que podem come\u00e7ar a valer em 1\u00ba de agosto. <\/p>\n<p>Enquanto isso, o ministro da Fazenda, Fernando Haddad, ressaltou nesta segunda-feira (21) que o Brasil n\u00e3o sair\u00e1 da mesa de negocia\u00e7\u00f5es e que a <strong><a href=\"https:\/\/www.canalrural.com.br\/economia\/haddad-diz-que-governo-insistira-em-negociacao-e-que-prepara-plano-de-contingencia-para-setores-afetados-por-tarifaco\/\">equipe econ\u00f4mica trabalha em um plano de conting\u00eancia para ajudar os setores mais atingidos pelo tarifa\u00e7o<\/a><\/strong>. <\/p>\n<p><iframe title=\"Falta de resposta dos Estados Unidos sobre tarifas causa incertezas no setor produtivo\" width=\"800\" height=\"450\" src=\"https:\/\/www.youtube.com\/embed\/WbfZpYiMUt8?feature=oembed\" frameborder=\"0\" allow=\"accelerometer; autoplay; clipboard-write; encrypted-media; gyroscope; picture-in-picture; web-share\" referrerpolicy=\"strict-origin-when-cross-origin\" allowfullscreen><\/iframe><\/p>\n<p>De acordo com o professor de rela\u00e7\u00f5es internacionais da Funda\u00e7\u00e3o Get\u00falio Vargas (FGV) Vin\u00edcius Vieira, \u00e9 importante destacar que o Brasil tem demonstrado disposi\u00e7\u00e3o em negociar antes mesmo do an\u00fancio de aumento das tarifas, feito em 9 de julho. <\/p>\n<p>Aos produtores rurais e \u00e0s entidades que representam o agro brasileiro, Vieira ressalta que a sa\u00edda \u00e9 se aliar com pessoas e organiza\u00e7\u00f5es norte-americanas que tamb\u00e9m sair\u00e3o prejudicadas com o tarifa\u00e7o de Donald Trump. <\/p>\n<p>\u201cFazendo press\u00e3o, principalmente no Congresso americano, mostrando que, principalmente, quem vende caf\u00e9 e suco de laranja brasileiro l\u00e1 nos Estados Unidos vai ter preju\u00edzo em fun\u00e7\u00e3o desse tarifa\u00e7o. Assim, quem sabe os congressistas, inclusive democratas, j\u00e1 que a pol\u00edtica nos Estados Unidos, do Congresso, \u00e9 muito fundamentada em interesses locais, consigam um canal de acesso para que Trump pelo menos reveja as tarifas parcialmente para alguns setores\u201d, considera.<\/p>\n<\/div>\n<div>\n<p>De acordo com o professor, \u00e9 acertada a postura do presidente Luiz In\u00e1cio Lula da Silva ao buscar agregar l\u00edderes de outros pa\u00edses com pol\u00edticas de centro-esquerda semelhantes a sua \u2014 casos de Chile, Espanha, Uruguai e Col\u00f4mbia, como acontece nesta segunda, na capital chilena, durante a Reuni\u00e3o de Alto N\u00edvel \u201cDemocracia Sempre \u2014 para que o Brasil n\u00e3o fique isolado politicamente e economicamente no cen\u00e1rio global.<\/p>\n<p>\u201cMas, de toda maneira, esses s\u00e3o movimentos que visam, ao meu ver, muito mais o longo prazo, em buscar novos mercados\u201d, ressalta.<\/p>\n<p>Segundo Vieira, a proximidade com a Espanha, pa\u00eds membro da Organiza\u00e7\u00e3o do Tratado do Atl\u00e2ntico Norte (Otan) \u00e9 ainda mais importante, visto que se trata do pa\u00eds europeu mais resistente \u00e0s pol\u00edticas de Trump e que poderia exercer influ\u00eancia nas demais na\u00e7\u00f5es que comp\u00f5em o bloco para impedir o chefe da Casa Branca de pressionar ainda mais o governo brasileiro.<\/p>\n<p>A respeito do Brics, que j\u00e1 deu demonstra\u00e7\u00f5es que pretende buscar outras moedas como refer\u00eancia para negocia\u00e7\u00f5es, o professor da FGV enxerga como precipitada a preocupa\u00e7\u00e3o de Donald Trump. <\/p>\n<p>\u201cO grande risco hoje para o d\u00f3lar, o Trump deveria perceber, est\u00e1 nas a\u00e7\u00f5es do seu governo, aumentando a d\u00edvida p\u00fablica americana e, ao mesmo tempo, rompendo alian\u00e7as tradicionais. Lembrando que at\u00e9 mesmo pa\u00edses como Coreia do Sul, Jap\u00e3o, Uni\u00e3o Europeia, aliados tradicionais dos Estados Unidos, est\u00e3o sujeitos a tarifas de 30%. [\u2026] Ent\u00e3o, o grande risco hoje para a pr\u00f3pria for\u00e7a do d\u00f3lar no cen\u00e1rio internacional tem um \u00fanico nome: n\u00e3o \u00e9 Brics, n\u00e3o \u00e9 Lula, mas \u00e9 Donald Trump\u201d, conclui.<\/p>\n<\/p><\/div>\n<p><br \/>\n<br \/><a href=\"https:\/\/www.canalrural.com.br\/economia\/agro-brasileiro-deveria-pressionar-congresso-dos-eua-contra-tarifaco-diz-professor-da-fgv\/\">Source link <\/a><\/p>\n","protected":false},"excerpt":{"rendered":"<p>H\u00e1 10 dias do prazo, o governo dos Estados Unidos ainda n\u00e3o se pronunciou oficialmente sobre poss\u00edveis negocia\u00e7\u00f5es ou o<\/p>\n","protected":false},"author":1,"featured_media":17164,"comment_status":"open","ping_status":"open","sticky":false,"template":"","format":"standard","meta":{"_monsterinsights_skip_tracking":false,"_monsterinsights_sitenote_active":false,"_monsterinsights_sitenote_note":"","_monsterinsights_sitenote_category":0,"_uf_show_specific_survey":0,"_uf_disable_surveys":false,"footnotes":""},"categories":[1],"tags":[],"class_list":["post-17163","post","type-post","status-publish","format-standard","has-post-thumbnail","hentry","category-news"],"_links":{"self":[{"href":"https:\/\/agromt.news\/index.php?rest_route=\/wp\/v2\/posts\/17163"}],"collection":[{"href":"https:\/\/agromt.news\/index.php?rest_route=\/wp\/v2\/posts"}],"about":[{"href":"https:\/\/agromt.news\/index.php?rest_route=\/wp\/v2\/types\/post"}],"author":[{"embeddable":true,"href":"https:\/\/agromt.news\/index.php?rest_route=\/wp\/v2\/users\/1"}],"replies":[{"embeddable":true,"href":"https:\/\/agromt.news\/index.php?rest_route=%2Fwp%2Fv2%2Fcomments&post=17163"}],"version-history":[{"count":0,"href":"https:\/\/agromt.news\/index.php?rest_route=\/wp\/v2\/posts\/17163\/revisions"}],"wp:featuredmedia":[{"embeddable":true,"href":"https:\/\/agromt.news\/index.php?rest_route=\/wp\/v2\/media\/17164"}],"wp:attachment":[{"href":"https:\/\/agromt.news\/index.php?rest_route=%2Fwp%2Fv2%2Fmedia&parent=17163"}],"wp:term":[{"taxonomy":"category","embeddable":true,"href":"https:\/\/agromt.news\/index.php?rest_route=%2Fwp%2Fv2%2Fcategories&post=17163"},{"taxonomy":"post_tag","embeddable":true,"href":"https:\/\/agromt.news\/index.php?rest_route=%2Fwp%2Fv2%2Ftags&post=17163"}],"curies":[{"name":"wp","href":"https:\/\/api.w.org\/{rel}","templated":true}]}}