{"id":17151,"date":"2025-07-21T16:04:49","date_gmt":"2025-07-21T20:04:49","guid":{"rendered":"https:\/\/agromt.news\/?p=17151"},"modified":"2025-07-21T16:04:49","modified_gmt":"2025-07-21T20:04:49","slug":"confira-a-previsao-da-semana","status":"publish","type":"post","link":"https:\/\/agromt.news\/?p=17151","title":{"rendered":"confira a previs\u00e3o da semana"},"content":{"rendered":"<p> <br \/>\n<\/p>\n<div>\n<p>O Sudeste, Centro-Oeste e Nordeste continuam com o tempo seco entre esta segunda (21) e a pr\u00f3xima (28), conforme o informativo do Instituto Nacional de Meteorologia <strong><a href=\"https:\/\/www.canalrural.com.br\/tag\/INMET\/\">(Inmet)<\/a><\/strong>. <\/p>\n<div data-icp-cta=\"1\" id=\"icp-cta-unique\">Voc\u00ea quer entender como usar o clima a seu favor?<b> <\/b><a href=\"https:\/\/climacampo.canalrural.com.br\/climacampo_-01\">Preparamos um e-book exclusivo<\/a> para ajudar produtores rurais a se antecipar \u00e0s mudan\u00e7as do tempo e planejar melhor suas a\u00e7\u00f5es. Com base em previs\u00f5es meteorol\u00f3gicas confi\u00e1veis, ele oferece orienta\u00e7\u00f5es pr\u00e1ticas para proteger sua lavoura e otimizar seus resultados.<\/div>\n<p>O destaque da semana vai para uma <strong>massa de ar frio<\/strong> no Sul do pa\u00eds que sobe o mapa e impacta, tamb\u00e9m, S\u00e3o Paulo e Minas Gerais, al\u00e9m da chuva de <strong>70 mm<\/strong> no extremo-sul ga\u00facho e de <strong>80 mm<\/strong> em partes do Norte. Confira: <\/p>\n<h2 class=\"wp-block-heading\" id=\"h-sul\">Sul<\/h2>\n<p>S\u00e3o previstos acumulados de <strong>20 a 50 mm<\/strong> em grande parte do <strong><a href=\"https:\/\/www.canalrural.com.br\/nacional\/parana\/\">Paran\u00e1<\/a><\/strong> e Santa Catarina ao longo da semana, principalmente nos setores centrais de ambos os estados (tons em verde no mapa abaixo). No <strong><a href=\"https:\/\/www.canalrural.com.br\/nacional\/rio-grande-do-sul\/\">Rio Grande do Sul<\/a><\/strong>, a previs\u00e3o indica acumulados abaixo de 20 mm nos setores norte e noroeste do estado (manchas em azul e cinza). Por outro lado, o Inmet indica volumes de at\u00e9 40 mm nas por\u00e7\u00f5es nordeste e centro-sul (verde). Destacam-se, ainda, os volumes de at\u00e9 <strong>70 mm<\/strong> previstos para o extremo-sul ga\u00facho (amarelo e laranja). Entre os dias 25 e 27, est\u00e1 prevista a atua\u00e7\u00e3o de uma massa de ar frio que deve provocar temperaturas abaixo de 10\u00b0C no sul paranese, em Santa Catarina e no Rio Grande do Sul.<\/p>\n<h2 class=\"wp-block-heading\" id=\"h-sudeste\">Sudeste<\/h2>\n<p>A previs\u00e3o indica tempo est\u00e1vel e aus\u00eancia de chuva para a maior parte de Minas Gerais e S\u00e3o Paulo (\u00e1reas em branco), exceto nas por\u00e7\u00f5es leste de ambos os estados, onde s\u00e3o previstos acumulados de at\u00e9 3 mm (azul escuro). Para o Rio de Janeiro e Esp\u00edrito Santo, a previs\u00e3o indica volumes de at\u00e9 30 mm, principalmente nas regi\u00f5es costeiras de ambos os estados (verde). Para os pr\u00f3ximos dias, a previs\u00e3o tamb\u00e9m indica umidade relativa abaixo de 40%, principalmente no estado de S\u00e3o Paulo e no sul de Minas Gerais. A massa de ar frio que chega ao Sul tamb\u00e9m afeta o Sudeste: temperaturas abaixo de 16\u00b0C devem ocorrer no centro-sul de Minas Gerais e de S\u00e3o Paulo, com as maiores quedas previstas para os dias 25 e 27.<\/p>\n<\/div>\n<div>\n<h2 class=\"wp-block-heading\" id=\"h-centro-oeste\">Centro-Oeste<\/h2>\n<figure class=\"wp-block-image size-full\"><img fetchpriority=\"high\" decoding=\"async\" width=\"408\" height=\"488\" alt=\"mapa de chuva semana\" class=\"wp-image-4112199\"  data-lazy- src=\"https:\/\/agromt.news\/wp-content\/uploads\/2025\/07\/confira-a-previsao-da-semana.jpg\"\/><img decoding=\"async\" width=\"408\" height=\"488\" src=\"https:\/\/agromt.news\/wp-content\/uploads\/2025\/07\/confira-a-previsao-da-semana.jpg\" alt=\"mapa de chuva semana\" class=\"wp-image-4112199\"  \/><figcaption class=\"wp-element-caption\">Foto: Reprodu\u00e7\u00e3o Inmet<\/figcaption><\/figure>\n<p>A previs\u00e3o indica predomin\u00e2ncia de tempo est\u00e1vel, sem ocorr\u00eancia de chuva (\u00e1reas em branco), exceto no sul de Mato Grosso do Sul, para onde s\u00e3o previstos volumes de at\u00e9 3 mm (azul escuro). Ressalta-se, tamb\u00e9m, a previs\u00e3o de umidade relativa abaixo de 40% em toda a regi\u00e3o para os pr\u00f3ximos dias.<\/p>\n<h2 class=\"wp-block-heading\" id=\"h-nordeste\">Nordeste<\/h2>\n<p>N\u00e3o h\u00e1 previs\u00e3o de chuva no interior da Regi\u00e3o, com redu\u00e7\u00e3o da umidade relativa do ar, principalmente no sudoeste do Piau\u00ed, sul do Maranh\u00e3o, bem como no oeste da <strong><a href=\"https:\/\/www.canalrural.com.br\/nacional\/bahia\/\">Bahia<\/a><\/strong> e Rio Grande do Norte. Em \u00e1reas do litoral nordestino, podem ocorrer chuvas acima de 20 mm (verde), principalmente no litoral de Alagoas, bem como no litoral norte do Maranh\u00e3o.<\/p>\n<h2 class=\"wp-block-heading\" id=\"h-norte\">Norte<\/h2>\n<p>\u00c1reas de instabilidade se concentrar\u00e3o no extremo norte de Roraima e extremo noroeste do Amazonas e Par\u00e1, com volumes que podem superar <strong>60 mm<\/strong> (laranja e vermelho), com destaque para os maiores acumulados de chuva da ordem de <strong>80 mm<\/strong>, no norte do Amazonas e no litoral norte de Roraima. Em contraste, nas regi\u00f5es do Acre, Rond\u00f4nia, sul do Amazonas e do Par\u00e1, e sul do Tocantins, n\u00e3o h\u00e1 previs\u00e3o de chuvas ao longo da semana. Nestas localidades, a previs\u00e3o indica uma redu\u00e7\u00e3o da umidade relativa do ar abaixo de 30%.<\/p>\n<h2 class=\"wp-block-heading\" id=\"h-temperaturas-maximas-e-minimas\">Temperaturas m\u00e1ximas e m\u00ednimas<\/h2>\n<p>Ao longo da semana, a previs\u00e3o indica temperaturas m\u00e1ximas elevadas em grande parte das regi\u00f5es Norte e Centro-Oeste, e no oeste da Regi\u00e3o Nordeste. Os maiores valores devem ocorrer no sudeste do Amazonas, regi\u00e3o central do Par\u00e1 (pr\u00f3xima \u00e0 divisa com o Amazonas), centro-norte de Mato Grosso e do Piau\u00ed, principalmente no dia 27 de julho.<\/p>\n<p>Em partes do leste do Nordeste e Regi\u00e3o Sudeste, as temperaturas m\u00e1ximas devem ficar abaixo de 32\u00b0C. J\u00e1 para o sul do Rio Grande do Sul, os term\u00f4metros n\u00e3o devem passar dos 22\u00b0C. Segundo o Inmet, no sudoeste do pa\u00eds, predominam m\u00ednimas inferiores a 20\u00b0C. <\/p>\n<\/p><\/div>\n<p><br \/>\n<br \/><a href=\"https:\/\/www.canalrural.com.br\/tempo\/massa-de-ar-frio-e-chuva-de-80-mm-confira-a-previsao-da-semana\/\">Source link <\/a><\/p>\n","protected":false},"excerpt":{"rendered":"<p>O Sudeste, Centro-Oeste e Nordeste continuam com o tempo seco entre esta segunda (21) e a pr\u00f3xima (28), conforme o<\/p>\n","protected":false},"author":1,"featured_media":15569,"comment_status":"open","ping_status":"open","sticky":false,"template":"","format":"standard","meta":{"_monsterinsights_skip_tracking":false,"_monsterinsights_sitenote_active":false,"_monsterinsights_sitenote_note":"","_monsterinsights_sitenote_category":0,"_uf_show_specific_survey":0,"_uf_disable_surveys":false,"footnotes":""},"categories":[1],"tags":[],"class_list":["post-17151","post","type-post","status-publish","format-standard","has-post-thumbnail","hentry","category-news"],"_links":{"self":[{"href":"https:\/\/agromt.news\/index.php?rest_route=\/wp\/v2\/posts\/17151"}],"collection":[{"href":"https:\/\/agromt.news\/index.php?rest_route=\/wp\/v2\/posts"}],"about":[{"href":"https:\/\/agromt.news\/index.php?rest_route=\/wp\/v2\/types\/post"}],"author":[{"embeddable":true,"href":"https:\/\/agromt.news\/index.php?rest_route=\/wp\/v2\/users\/1"}],"replies":[{"embeddable":true,"href":"https:\/\/agromt.news\/index.php?rest_route=%2Fwp%2Fv2%2Fcomments&post=17151"}],"version-history":[{"count":0,"href":"https:\/\/agromt.news\/index.php?rest_route=\/wp\/v2\/posts\/17151\/revisions"}],"wp:featuredmedia":[{"embeddable":true,"href":"https:\/\/agromt.news\/index.php?rest_route=\/wp\/v2\/media\/15569"}],"wp:attachment":[{"href":"https:\/\/agromt.news\/index.php?rest_route=%2Fwp%2Fv2%2Fmedia&parent=17151"}],"wp:term":[{"taxonomy":"category","embeddable":true,"href":"https:\/\/agromt.news\/index.php?rest_route=%2Fwp%2Fv2%2Fcategories&post=17151"},{"taxonomy":"post_tag","embeddable":true,"href":"https:\/\/agromt.news\/index.php?rest_route=%2Fwp%2Fv2%2Ftags&post=17151"}],"curies":[{"name":"wp","href":"https:\/\/api.w.org\/{rel}","templated":true}]}}