{"id":17146,"date":"2025-07-21T15:20:33","date_gmt":"2025-07-21T19:20:33","guid":{"rendered":"https:\/\/agromt.news\/?p=17146"},"modified":"2025-07-21T15:20:33","modified_gmt":"2025-07-21T19:20:33","slug":"abertura-de-mercado-agricola-para-o-brasil-na-africa-do-sul","status":"publish","type":"post","link":"https:\/\/agromt.news\/?p=17146","title":{"rendered":"Abertura de mercado agr\u00edcola para o Brasil na \u00c1frica do Sul"},"content":{"rendered":"<p> <br \/>\n<\/p>\n<div>\n<div class=\"row\">\n<div class=\"col-lg col-infos mt-0 mt-lg-0\">\n<div class=\"section-sub-title\">\n<p itemprop=\"description\">&#13;<br \/>\n                                Negocia\u00e7\u00e3o fitossanit\u00e1ria foi conclu\u00edda&#13;\n                            <\/p>\n<\/p><\/div>\n<div class=\"container\">\n<div class=\"row\">\n<div class=\"col-lg p-0\">\n<div>\n<div class=\"block-news-main-infos mt-3 text-start\">\n<p>                                            <strong class=\"fn\" itemprop=\"author\" style=\"color: rgb(112, 112, 112); \">&#13;<br \/>\n                                                <a href=\"https:\/\/www.gov.br\/agricultura\/pt-br\/assuntos\/noticias\/abertura-de-mercado-agricola-para-o-brasil-na-africa-do-sul\" class=\"text-uppercase\" target=\"_blank\" style=\"color: rgb(112, 112, 112); \" rel=\"noopener\">MAPA<\/a>&#13;<br \/>\n&#13;<br \/>\n&#13;<br \/>\n                                            <\/strong><br \/>\n                                        <\/p>\n<p>                                            <abbr><time datetime=\"2025-07-21T10:59\" itemprop=\"datePublished dateModified\">Publicado em 21\/07\/2025 \u00e0s 10:59h.<\/time><\/abbr><br \/>\n                                            <\/p><\/div>\n<\/p><\/div>\n<\/p><\/div>\n<div class=\"col-lg p-0 text-lg-end\">\n<div>\n<div id=\"mdEnviarPagina\" class=\"modal fade\" role=\"dialog\">\n<div class=\"modal-dialog\">\n<div class=\"modal-content\">\n<div class=\"modal-body\">\n<p><strong>Estimado usu\u00e1rio.<\/strong><br \/>Preencha o formul\u00e1rio abaixo para remeter a p\u00e1gina.<\/p>\n<\/p><\/div>\n<\/p><\/div>\n<\/p><\/div>\n<\/div><\/div>\n<\/p><\/div>\n<\/p><\/div>\n<\/p><\/div>\n<\/p><\/div>\n<\/p><\/div>\n<div class=\"row justify-content-md-center mt-3\">\n<div class=\"col-lg-auto col-image block-news-main-image\">\n<p>                                <img decoding=\"async\" src=\"https:\/\/www.agrolink.com.br\/upload\/imagens-resizes\/70cbd1ecbf9344689c16e34475d42eba_858x483.jpg\" class=\"lazyload img-fluid\"\/><br \/>\n                                                <span class=\"publicity-photo d-block mt-1\">Foto: Pixabay<\/span><\/p><\/div>\n<\/p><\/div>\n<div class=\"section-description section-description-noticias mt-3\">\n<p style=\"text-align:justify\">O governo brasileiro e o governo da \u00c1frica do Sul conclu\u00edram negocia\u00e7\u00e3o fitossanit\u00e1ria para que o Brasil exporte sementes de canola para aquele pa\u00eds.<\/p>\n<p style=\"text-align:justify\">Com mais de 63 milh\u00f5es de habitantes, a \u00c1frica do Sul importou cerca de USD 635 milh\u00f5es em produtos agropecu\u00e1rios do Brasil em 2024, com destaque para carnes, a\u00e7\u00facar, cereais e caf\u00e9.<\/p>\n<p style=\"text-align:justify\">Al\u00e9m de promover a diversifica\u00e7\u00e3o dos parceiros comerciais do Brasil, esta abertura de mercado representa uma nova oportunidade de neg\u00f3cios para o setor privado brasileiro, uma vez que a \u00c1frica do Sul \u00e9 um produtor relevante de oleaginosas no contexto regional.&#13;\n<\/p>\n<p style=\"text-align:justify\">Com o an\u00fancio, o agroneg\u00f3cio brasileiro alcan\u00e7a 394 aberturas de mercado desde o in\u00edcio de 2023.<\/p>\n<p style=\"text-align:justify\">Tais resultados s\u00e3o fruto do trabalho conjunto entre o Minist\u00e9rio da Agricultura e Pecu\u00e1ria (Mapa) e o Minist\u00e9rio das Rela\u00e7\u00f5es Exteriores (MRE).<\/p>\n<p style=\"text-align:justify\">\u00a0<\/p>\n<\/p><\/div>\n<\/p><\/div>\n<p><script data-cfasync=\"false\">\n    !function (f, b, e, v, n, t, s) {\n        if (f.fbq) return; n = f.fbq = function () {\n            n.callMethod ?\n                n.callMethod.apply(n, arguments) : n.queue.push(arguments)\n        };\n        if (!f._fbq) f._fbq = n; n.push = n; n.loaded = !0; n.version = '2.0';\n        n.queue = []; t = b.createElement(e); t.async = !0;\n        t.src = v; s = b.getElementsByTagName(e)[0];\n        s.parentNode.insertBefore(t, s)\n    }(window, document, 'script',\n        'https:\/\/connect.facebook.net\/en_US\/fbevents.js');\n    fbq('init', '522546078623747');\n    fbq('track', 'PageView');\n<\/script><br \/>\n<br \/><br \/>\n<br \/><a href=\"https:\/\/www.agrolink.com.br\/noticias\/abertura-de-mercado-agricola-para-o-brasil-na-africa-do-sul_504123.html\">Source link <\/a><\/p>\n","protected":false},"excerpt":{"rendered":"<p>&#13; Negocia\u00e7\u00e3o fitossanit\u00e1ria foi conclu\u00edda&#13; &#13; MAPA&#13; &#13; &#13; Publicado em 21\/07\/2025 \u00e0s 10:59h. Estimado usu\u00e1rio.Preencha o formul\u00e1rio abaixo para<\/p>\n","protected":false},"author":1,"featured_media":15032,"comment_status":"open","ping_status":"open","sticky":false,"template":"","format":"standard","meta":{"_monsterinsights_skip_tracking":false,"_monsterinsights_sitenote_active":false,"_monsterinsights_sitenote_note":"","_monsterinsights_sitenote_category":0,"_uf_show_specific_survey":0,"_uf_disable_surveys":false,"footnotes":""},"categories":[8,1,14],"tags":[],"class_list":["post-17146","post","type-post","status-publish","format-standard","has-post-thumbnail","hentry","category-agro","category-news","category-politica-agro"],"_links":{"self":[{"href":"https:\/\/agromt.news\/index.php?rest_route=\/wp\/v2\/posts\/17146"}],"collection":[{"href":"https:\/\/agromt.news\/index.php?rest_route=\/wp\/v2\/posts"}],"about":[{"href":"https:\/\/agromt.news\/index.php?rest_route=\/wp\/v2\/types\/post"}],"author":[{"embeddable":true,"href":"https:\/\/agromt.news\/index.php?rest_route=\/wp\/v2\/users\/1"}],"replies":[{"embeddable":true,"href":"https:\/\/agromt.news\/index.php?rest_route=%2Fwp%2Fv2%2Fcomments&post=17146"}],"version-history":[{"count":0,"href":"https:\/\/agromt.news\/index.php?rest_route=\/wp\/v2\/posts\/17146\/revisions"}],"wp:featuredmedia":[{"embeddable":true,"href":"https:\/\/agromt.news\/index.php?rest_route=\/wp\/v2\/media\/15032"}],"wp:attachment":[{"href":"https:\/\/agromt.news\/index.php?rest_route=%2Fwp%2Fv2%2Fmedia&parent=17146"}],"wp:term":[{"taxonomy":"category","embeddable":true,"href":"https:\/\/agromt.news\/index.php?rest_route=%2Fwp%2Fv2%2Fcategories&post=17146"},{"taxonomy":"post_tag","embeddable":true,"href":"https:\/\/agromt.news\/index.php?rest_route=%2Fwp%2Fv2%2Ftags&post=17146"}],"curies":[{"name":"wp","href":"https:\/\/api.w.org\/{rel}","templated":true}]}}