{"id":17141,"date":"2025-07-21T13:23:11","date_gmt":"2025-07-21T17:23:11","guid":{"rendered":"https:\/\/agromt.news\/?p=17141"},"modified":"2025-07-21T13:23:11","modified_gmt":"2025-07-21T17:23:11","slug":"tomate-e-melao-lideram-alta-de-precos","status":"publish","type":"post","link":"https:\/\/agromt.news\/?p=17141","title":{"rendered":"Tomate e mel\u00e3o lideram alta de pre\u00e7os"},"content":{"rendered":"<p> <br \/>\n<\/p>\n<div>\n<div class=\"row\">\n<div class=\"col-lg col-infos mt-0 mt-lg-0\">\n<div class=\"section-sub-title\">\n<p itemprop=\"description\">&#13;<br \/>\n                                Clima frio influencia mercado e altera cota\u00e7\u00f5es na CEASA de Mato Grosso do Sul&#13;\n                            <\/p>\n<\/p><\/div>\n<div class=\"container\">\n<div class=\"row\">\n<div class=\"col-lg p-0\">\n<div>\n<div class=\"block-news-main-infos mt-3 text-start\">\n<p>                                            <strong class=\"fn\" itemprop=\"author\" style=\"color: rgb(112, 112, 112); \">&#13;<br \/>\n                                                <a href=\"https:\/\/www.agrolink.com.br\/noticias\/javascript:;\" class=\"text-uppercase\" target=\"_blank\" style=\"color: rgb(112, 112, 112); \" rel=\"noopener\">Agrolink<\/a>&#13;<br \/>\n&#13;<br \/>\n                                                    &#8211; Aline Merladete&#13;<br \/>\n&#13;<br \/>\n                                            <\/strong><br \/>\n                                        <\/p>\n<p>                                            <abbr><time datetime=\"2025-07-21T11:27\" itemprop=\"datePublished dateModified\">Publicado em 21\/07\/2025 \u00e0s 11:27h.<\/time><\/abbr><br \/>\n                                            <\/p><\/div>\n<\/p><\/div>\n<\/p><\/div>\n<div class=\"col-lg p-0 text-lg-end\">\n<div>\n<div id=\"mdEnviarPagina\" class=\"modal fade\" role=\"dialog\">\n<div class=\"modal-dialog\">\n<div class=\"modal-content\">\n<div class=\"modal-body\">\n<p><strong>Estimado usu\u00e1rio.<\/strong><br \/>Preencha o formul\u00e1rio abaixo para remeter a p\u00e1gina.<\/p>\n<\/p><\/div>\n<\/p><\/div>\n<\/p><\/div>\n<\/div><\/div>\n<\/p><\/div>\n<\/p><\/div>\n<\/p><\/div>\n<\/p><\/div>\n<\/p><\/div>\n<div class=\"row justify-content-md-center mt-3\">\n<div class=\"col-lg-auto col-image block-news-main-image\">\n<p>                                <img decoding=\"async\" src=\"https:\/\/www.agrolink.com.br\/upload\/imagens-resizes\/a5dac38f52594216a9dfa06280f490b9_858x483.jpg\" class=\"lazyload img-fluid\"\/><br \/>\n                                                <span class=\"publicity-photo d-block mt-1\">Foto: Divulga\u00e7\u00e3o<\/span><\/p><\/div>\n<\/p><\/div>\n<div class=\"section-description section-description-noticias mt-3\">\n<p style=\"text-align:justify\">Com a queda nas temperaturas e a boa oferta de hortali\u00e7as, o consumidor de Mato Grosso do Sul encontrou alface e cebola mais baratas esta semana na CEASA\/MS (Centrais de Abastecimento de Mato Grosso do Sul). Por outro lado, frutas como <a href=\"https:\/\/www.agrolink.com.br\/culturas\/melao?utm_source=agrolink-detalhe-noticia&amp;utm_medium=detalhe-noticia&amp;utm_campaign=links-internos\" target=\"_blank\" rel=\"noopener\">mel\u00e3o<\/a> e o <a href=\"https:\/\/www.agrolink.com.br\/culturas\/tomate?utm_source=agrolink-detalhe-noticia&amp;utm_medium=detalhe-noticia&amp;utm_campaign=links-internos\" target=\"_blank\" rel=\"noopener\">tomate<\/a> longa vida registraram forte valoriza\u00e7\u00e3o entre os dias 21 e 26 de julho, segundo o boletim semanal da central.&#13;\n<\/p>\n<p style=\"text-align:justify\">De acordo com as informa\u00e7\u00f5es divulgadas pela CEASA\/MS, a alface teve uma retra\u00e7\u00e3o de 14% no valor. A caixa com 7 kg da verdura est\u00e1 sendo vendida a R$ 30,00. A cebola nacional tamb\u00e9m apresentou queda, com recuo de 11%: o saco de 20 kg agora custa R$ 40,00. A manga Tommy acompanha o movimento de baixa, ficando 7% mais barata, a R$ 60,00 a caixa com 6 kg.<\/p>\n<p style=\"text-align:justify\">Em contrapartida, o tomate longa vida subiu de pre\u00e7o e est\u00e1 custando R$ 140,00 a caixa com 25 kg. J\u00e1 o mel\u00e3o espanhol foi o destaque entre os aumentos: a caixa de 13 kg teve alta de 9%, com pre\u00e7o m\u00e9dio de R$ 60,00.<\/p>\n<p style=\"text-align:justify\">As oscila\u00e7\u00f5es refletem tanto o ritmo da colheita quanto a din\u00e2mica do consumo. No caso da alface, a redu\u00e7\u00e3o da procura com a chegada do frio contribuiu diretamente para a queda nos pre\u00e7os. J\u00e1 frutas como o mel\u00e3o sofrem influ\u00eancia da redu\u00e7\u00e3o na oferta vinda de outras regi\u00f5es produtoras, o que pressiona o valor para cima.&#13;\n<\/p>\n<p style=\"text-align:justify\">O tomate longa vida, apesar de ser uma das hortali\u00e7as mais consumidas do pa\u00eds, sofre com a entressafra em algumas regi\u00f5es, o que reduz a disponibilidade no mercado atacadista e eleva o pre\u00e7o ao consumidor final. A boa demanda tamb\u00e9m ajuda a explicar a valoriza\u00e7\u00e3o.<\/p>\n<\/p><\/div>\n<\/p><\/div>\n<p><script data-cfasync=\"false\">\n    !function (f, b, e, v, n, t, s) {\n        if (f.fbq) return; n = f.fbq = function () {\n            n.callMethod ?\n                n.callMethod.apply(n, arguments) : n.queue.push(arguments)\n        };\n        if (!f._fbq) f._fbq = n; n.push = n; n.loaded = !0; n.version = '2.0';\n        n.queue = []; t = b.createElement(e); t.async = !0;\n        t.src = v; s = b.getElementsByTagName(e)[0];\n        s.parentNode.insertBefore(t, s)\n    }(window, document, 'script',\n        'https:\/\/connect.facebook.net\/en_US\/fbevents.js');\n    fbq('init', '522546078623747');\n    fbq('track', 'PageView');\n<\/script><br \/>\n<br \/><br \/>\n<br \/><a href=\"https:\/\/www.agrolink.com.br\/noticias\/ms--tomate-e-melao-lideram-alta-de-precos_504125.html\">Source link <\/a><\/p>\n","protected":false},"excerpt":{"rendered":"<p>&#13; Clima frio influencia mercado e altera cota\u00e7\u00f5es na CEASA de Mato Grosso do Sul&#13; &#13; Agrolink&#13; &#13; &#8211; Aline<\/p>\n","protected":false},"author":1,"featured_media":17142,"comment_status":"open","ping_status":"open","sticky":false,"template":"","format":"standard","meta":{"_monsterinsights_skip_tracking":false,"_monsterinsights_sitenote_active":false,"_monsterinsights_sitenote_note":"","_monsterinsights_sitenote_category":0,"_uf_show_specific_survey":0,"_uf_disable_surveys":false,"footnotes":""},"categories":[8,1,14],"tags":[],"class_list":["post-17141","post","type-post","status-publish","format-standard","has-post-thumbnail","hentry","category-agro","category-news","category-politica-agro"],"_links":{"self":[{"href":"https:\/\/agromt.news\/index.php?rest_route=\/wp\/v2\/posts\/17141"}],"collection":[{"href":"https:\/\/agromt.news\/index.php?rest_route=\/wp\/v2\/posts"}],"about":[{"href":"https:\/\/agromt.news\/index.php?rest_route=\/wp\/v2\/types\/post"}],"author":[{"embeddable":true,"href":"https:\/\/agromt.news\/index.php?rest_route=\/wp\/v2\/users\/1"}],"replies":[{"embeddable":true,"href":"https:\/\/agromt.news\/index.php?rest_route=%2Fwp%2Fv2%2Fcomments&post=17141"}],"version-history":[{"count":0,"href":"https:\/\/agromt.news\/index.php?rest_route=\/wp\/v2\/posts\/17141\/revisions"}],"wp:featuredmedia":[{"embeddable":true,"href":"https:\/\/agromt.news\/index.php?rest_route=\/wp\/v2\/media\/17142"}],"wp:attachment":[{"href":"https:\/\/agromt.news\/index.php?rest_route=%2Fwp%2Fv2%2Fmedia&parent=17141"}],"wp:term":[{"taxonomy":"category","embeddable":true,"href":"https:\/\/agromt.news\/index.php?rest_route=%2Fwp%2Fv2%2Fcategories&post=17141"},{"taxonomy":"post_tag","embeddable":true,"href":"https:\/\/agromt.news\/index.php?rest_route=%2Fwp%2Fv2%2Ftags&post=17141"}],"curies":[{"name":"wp","href":"https:\/\/api.w.org\/{rel}","templated":true}]}}