{"id":17137,"date":"2025-07-21T12:36:37","date_gmt":"2025-07-21T16:36:37","guid":{"rendered":"https:\/\/agromt.news\/?p=17137"},"modified":"2025-07-21T12:36:37","modified_gmt":"2025-07-21T16:36:37","slug":"mercosoja-2025-comeca-hoje-em-campinas-sp","status":"publish","type":"post","link":"https:\/\/agromt.news\/?p=17137","title":{"rendered":"Mercosoja 2025 come\u00e7a hoje em Campinas (SP)"},"content":{"rendered":"<p> <br \/>\n<br \/><img decoding=\"async\" src=\"https:\/\/agromt.news\/wp-content\/uploads\/2025\/07\/Mercosoja-2025-comeca-hoje-em-Campinas-SP.jpg\" \/><\/p>\n<div>\n<p>Ter\u00e1 in\u00edcio nesta segunda-feira (21), \u00e0s 19h, a solenidade de abertura do X Congresso Brasileiro de Soja (<a href=\"https:\/\/www.canalrural.com.br\/agricultura\/projeto-soja-brasil\/cbsoja-2025-discute-os-100-anos-da-soja-no-brasil\/\">CBSoja<\/a>) e do <a href=\"https:\/\/www.canalrural.com.br\/agricultura\/proxima-semana-sera-marcada-por-dois-eventos-dedicados-a-cadeia-da-soja\/\">Mercosoja 2025<\/a>, no Centro de Exposi\u00e7\u00f5es e Conven\u00e7\u00f5es Expo Dom Pedro, em Campinas (SP). Considerado o maior evento t\u00e9cnico-cient\u00edfico da cadeia produtiva da soja na Am\u00e9rica do Sul, a expectativa da comiss\u00e3o organizadora \u00e9 reunir cerca de 2 mil participantes de diferentes segmentos<\/p>\n<p>A cerim\u00f4nia ter\u00e1 presen\u00e7a de autoridades como Alexandre Nepomuceno (Embrapa Soja), Silvia Massruh\u00e1 (Embrapa), Fernando Henning (CBSoja) e Carlos Ernesto Augustin, representando o Minist\u00e9rio da Agricultura.<\/p>\n<ul class=\"wp-block-list\">\n<li><strong><em>Fique por dentro das novidades e not\u00edcias recentes sobre a soja! Participe da nossa comunidade atrav\u00e9s do\u00a0<a href=\"https:\/\/chat.whatsapp.com\/BmMRwA0TZ2DHGyhzoaVEWu\">link<\/a>! \ud83c\udf31<\/em><\/strong><\/li>\n<\/ul>\n<p>Na sequ\u00eancia, ser\u00e1 realizada a confer\u00eancia \u201cA soja no Mercosul, um s\u00e9culo depois\u201d, que discutir\u00e1 a trajet\u00f3ria da cultura nos pa\u00edses sul-americanos. O debate reunir\u00e1 nomes de destaque da pesquisa e do setor produtivo, como Romeu Kiihl, Tuneo Sediyama, Rodolfo Luis Rossi e Gerardo Bartolom\u00e9, com media\u00e7\u00e3o do jornalista Giovani Ferreira.<\/p>\n<h2 class=\"wp-block-heading\" id=\"h-programacao-tecnica\"><strong>Programa\u00e7\u00e3o t\u00e9cnica <\/strong><\/h2>\n<p>A programa\u00e7\u00e3o t\u00e9cnica do evento come\u00e7a na ter\u00e7a-feira, 22 de julho, \u00e0s 8h30, com a confer\u00eancia \u201cA geopol\u00edtica da cultura da soja\u201d, ministrada por Guilherme Bastos, da Funda\u00e7\u00e3o Get\u00falio Vargas. Em seguida, tr\u00eas pain\u00e9is simult\u00e2neos v\u00e3o discutir temas estrat\u00e9gicos, como os impactos das mudan\u00e7as clim\u00e1ticas, produ\u00e7\u00e3o de soja irrigada e qualidade de sementes.<\/p>\n<p>Entre os destaques da manh\u00e3, o painel sobre a 30\u00aa Confer\u00eancia da ONU sobre Mudan\u00e7as Clim\u00e1ticas (COP30) vai tratar de temas como agricultura regenerativa, descarboniza\u00e7\u00e3o da cadeia da oleaginosa e produ\u00e7\u00e3o certificada de baixo carbono, com modera\u00e7\u00e3o de Carina Gomes Rufino, da Embrapa Soja.<\/p>\n<p>J\u00e1 o painel sobre produ\u00e7\u00e3o irrigada contar\u00e1 com apresenta\u00e7\u00f5es sobre sustentabilidade h\u00eddrica e automa\u00e7\u00e3o, sob modera\u00e7\u00e3o de Fernando Campos Mendon\u00e7a, da Esalq\/USP. Em paralelo, o painel \u201cQualidade da semente e o sucesso da cultura da soja\u201d, coordenado por Francisco Krzyzanowsky (Embrapa Soja), ter\u00e1 quatro palestras t\u00e9cnicas sobre o controle e o melhoramento da qualidade das sementes.<\/p>\n<\/div>\n<div>\n<h2 class=\"wp-block-heading\" id=\"h-paineis\"><strong>Pain\u00e9is<\/strong><\/h2>\n<p>A programa\u00e7\u00e3o da tarde come\u00e7a \u00e0s 14h com mais tr\u00eas pain\u00e9is simult\u00e2neos. Um deles discute o Zoneamento Agr\u00edcola de Risco Clim\u00e1tico (Zarc) e seus n\u00edveis de manejo, com modera\u00e7\u00e3o do pesquisador Jos\u00e9 Renato Bou\u00e7as Farias. Outro painel, conduzido por Fernando Adegas (Embrapa Soja), aborda os avan\u00e7os na tecnologia de aplica\u00e7\u00e3o a\u00e9rea, com destaque para o uso de drones e aspectos legais.<\/p>\n<p>O terceiro painel ser\u00e1 dedicado ao gr\u00e3o como mat\u00e9ria-prima para biocombust\u00edveis, com apresenta\u00e7\u00f5es sobre biodiesel, SAF (combust\u00edvel sustent\u00e1vel de avia\u00e7\u00e3o), uso da terra e implica\u00e7\u00f5es econ\u00f4micas, sob coordena\u00e7\u00e3o de Priscila Sabaini (Embrapa Meio Ambiente).<\/p>\n<p>Das 16h \u00e0s 17h, na Arena de Inova\u00e7\u00e3o, o p\u00fablico poder\u00e1 acompanhar duas palestras: \u201cInova\u00e7\u00e3o e Mercado \u2013 Onde tudo se conecta\u201d e \u201cIntelig\u00eancia Artificial e Imagens Espectrais para Avalia\u00e7\u00e3o de Sementes e Gr\u00e3os\u201d.<\/p>\n<p>Encerrando a ter\u00e7a-feira, um painel sobre log\u00edstica da exporta\u00e7\u00e3o de soja no Mercosul vai debater os desafios enfrentados por Brasil, Argentina, Paraguai, Uruguai e Bol\u00edvia. Ser\u00e3o discutidas as hidrovias como estrutura estrat\u00e9gica e o estado atual do armazenamento de gr\u00e3os no Brasil. A modera\u00e7\u00e3o ser\u00e1 de Marcelo Alvares de Oliveira (Embrapa Soja).<\/p>\n<h2 class=\"wp-block-heading\" id=\"h-100-anos-da-soja-no-brasil\">100 anos da soja no Brasil<\/h2>\n<p>Os eventos tamb\u00e9m marcam os 100 anos da oleaginosa no Brasil e os 50 anos da Embrapa Soja. Com o tema central <em>\u201c100 anos de soja no Brasil: pilares para o amanh\u00e3\u201d<\/em>, o evento reunir\u00e1 cerca de 2 mil participantes entre pesquisadores, t\u00e9cnicos, estudantes, produtores e representantes da ind\u00fastria e do com\u00e9rcio.<\/p>\n<p>A programa\u00e7\u00e3o conta com quatro confer\u00eancias e 15 pain\u00e9is tem\u00e1ticos, com mais de 50 palestras de especialistas nacionais e internacionais. Uma das novidades \u00e9 o espa\u00e7o <em>M\u00e3os \u00e0 Obra<\/em>, que abordar\u00e1 desafios pr\u00e1ticos em temas como fertilidade do solo, manejo de nematoides, uso de bioinsumos e desenvolvimento radicular.<\/p>\n<p>Tamb\u00e9m ser\u00e1 realizado o workshop internacional Soybean2035: A decadal vision for soybean <em>biotechnology<\/em>, reunindo especialistas do Brasil, China, Estados Unidos e Canad\u00e1 para discutir os pr\u00f3ximos dez anos das ferramentas biotecnol\u00f3gicas aplicadas \u00e0 cultura.<\/p>\n<\/p><\/div>\n<p><br \/>\n<br \/><a href=\"https:\/\/www.canalrural.com.br\/agricultura\/projeto-soja-brasil\/mercosoja-2025-comeca-hoje-em-campinas-sp\/\">Source link <\/a><\/p>\n","protected":false},"excerpt":{"rendered":"<p>Ter\u00e1 in\u00edcio nesta segunda-feira (21), \u00e0s 19h, a solenidade de abertura do X Congresso Brasileiro de Soja (CBSoja) e do<\/p>\n","protected":false},"author":1,"featured_media":17138,"comment_status":"open","ping_status":"open","sticky":false,"template":"","format":"standard","meta":{"_monsterinsights_skip_tracking":false,"_monsterinsights_sitenote_active":false,"_monsterinsights_sitenote_note":"","_monsterinsights_sitenote_category":0,"_uf_show_specific_survey":0,"_uf_disable_surveys":false,"footnotes":""},"categories":[1],"tags":[],"class_list":["post-17137","post","type-post","status-publish","format-standard","has-post-thumbnail","hentry","category-news"],"_links":{"self":[{"href":"https:\/\/agromt.news\/index.php?rest_route=\/wp\/v2\/posts\/17137"}],"collection":[{"href":"https:\/\/agromt.news\/index.php?rest_route=\/wp\/v2\/posts"}],"about":[{"href":"https:\/\/agromt.news\/index.php?rest_route=\/wp\/v2\/types\/post"}],"author":[{"embeddable":true,"href":"https:\/\/agromt.news\/index.php?rest_route=\/wp\/v2\/users\/1"}],"replies":[{"embeddable":true,"href":"https:\/\/agromt.news\/index.php?rest_route=%2Fwp%2Fv2%2Fcomments&post=17137"}],"version-history":[{"count":0,"href":"https:\/\/agromt.news\/index.php?rest_route=\/wp\/v2\/posts\/17137\/revisions"}],"wp:featuredmedia":[{"embeddable":true,"href":"https:\/\/agromt.news\/index.php?rest_route=\/wp\/v2\/media\/17138"}],"wp:attachment":[{"href":"https:\/\/agromt.news\/index.php?rest_route=%2Fwp%2Fv2%2Fmedia&parent=17137"}],"wp:term":[{"taxonomy":"category","embeddable":true,"href":"https:\/\/agromt.news\/index.php?rest_route=%2Fwp%2Fv2%2Fcategories&post=17137"},{"taxonomy":"post_tag","embeddable":true,"href":"https:\/\/agromt.news\/index.php?rest_route=%2Fwp%2Fv2%2Ftags&post=17137"}],"curies":[{"name":"wp","href":"https:\/\/api.w.org\/{rel}","templated":true}]}}