{"id":17132,"date":"2025-07-21T11:25:48","date_gmt":"2025-07-21T15:25:48","guid":{"rendered":"https:\/\/agromt.news\/?p=17132"},"modified":"2025-07-21T11:25:48","modified_gmt":"2025-07-21T15:25:48","slug":"seminario-reune-apicultores-em-uberlandia","status":"publish","type":"post","link":"https:\/\/agromt.news\/?p=17132","title":{"rendered":"Semin\u00e1rio re\u00fane apicultores em Uberl\u00e2ndia"},"content":{"rendered":"<p> <br \/>\n<\/p>\n<div>\n<p style=\"text-align:justify\">Uberl\u00e2ndia foi o centro das discuss\u00f5es sobre a cadeia da apicultura no Tri\u00e2ngulo Mineiro nesse fim de semana. O munic\u00edpio sediou, no s\u00e1bado (19), o 1\u00ba Semin\u00e1rio de Apicultura da regi\u00e3o, uma promo\u00e7\u00e3o do Sistema Faemg Senar e do Sindicato Rural. A programa\u00e7\u00e3o de palestras reuniu apicultores da regi\u00e3o, estudantes e lideran\u00e7as do agroneg\u00f3cio na Casa do Criador, no Parque de Exposi\u00e7\u00f5es Camaru.&#13;\n<\/p>\n<p style=\"text-align:justify\">Presente no evento, o vice-presidente secret\u00e1rio do Sistema Faemg Senar, Ebinho Bernardes, destacou a import\u00e2ncia de apoiar os produtores desta cadeia. \u201cA apicultura est\u00e1 crescendo a cada ano em nosso estado e tenho certeza que este trabalho vai continuar potencializando o setor. \u00c9 uma atividade que o produtor pode inserir dentro da sua propriedade rural, diversificando o seu neg\u00f3cio\u201d, afirmou.<\/p>\n<p style=\"text-align:justify\">Compondo a mesa de abertura do semin\u00e1rio, o gerente regional Ricardo Tuller destacou que a regi\u00e3o formou o primeiro grupo do Programa de Assist\u00eancia T\u00e9cnica e Gerencial de Apicultura em 2022 e, hoje, tem um segundo grupo sendo assistido. \u201cEste semin\u00e1rio \u00e9 resultado desse trabalho que o ATeG vem fazendo aqui na regi\u00e3o, como uma forma de trazer mais conhecimento aos produtores\u201d, enfatizou Tuller, ressaltando a iniciativa dos t\u00e9cnicos de campo Gabriel Oliva e T\u00e2nia Dur\u00e3es para a realiza\u00e7\u00e3o do evento.<\/p>\n<p style=\"text-align:justify\">A apicultora La\u00eds Lavareda saiu de Araguari para participar do evento, juntamente com um grupo de mais dez apicultores. \u201c\u00c9 fant\u00e1stico aprender mais sobre a apicultura, estar aqui e fazer conex\u00f5es junto com outros colegas de atividade, o que fortalece a nossa produ\u00e7\u00e3o\u201d, afirmou.&#13;\n<\/p>\n<p style=\"text-align:justify\">De acordo com informa\u00e7\u00f5es do Instituto Mineiro de Agropecu\u00e1ria, nos \u00faltimos anos a apicultura mineira tem crescido e um dos indicativos \u00e9 o aumento de produtores cadastrados. Em 2024, 1.085 novos cadastros foram realizados no IMA, 34% a mais que em 2023.<\/p>\n<p style=\"text-align:justify\"><strong>Programa\u00e7\u00e3o<\/strong><\/p>\n<p style=\"text-align:justify\">O semin\u00e1rio contou com palestras sobre \u201cViabilidade financeira e import\u00e2ncia econ\u00f4mica do mel\u201d, com o supervisor do Sistema Faemg Senar, Luan Dourado; \u201cImport\u00e2ncia da Poliniza\u00e7\u00e3o\u201d, com o t\u00e9cnico especialista do Sistema Faemg Senar, Franklin Souza; \u201cAtua\u00e7\u00e3o do profissional t\u00e9cnico nas agroind\u00fastrias de pequeno porte\u201d, com a m\u00e9dica veterin\u00e1ria da Secretaria Municipal do Agroneg\u00f3cio, Renata Barbosa Andrade; e ainda da Federa\u00e7\u00e3o Mineira de Apicultura e do IMA, para falar da import\u00e2ncia do cadastramento dos api\u00e1rios junto ao instituto.<\/p>\n<p style=\"text-align:justify\">O evento tamb\u00e9m contou com as presen\u00e7as do vice-prefeito de Uberl\u00e2ndia, Vanderlei Pelizer, da deputada federal Ana Paula Le\u00e3o, da diretora do Sindicato Rural, Cristiane Castro, do gerente do IMA, Rodrigo Carvalho, entre outras lideran\u00e7as. O semin\u00e1rio teve o apoio da equipe Terra F\u00e9rtil, uma das participantes do Maratona Faemg Jovem.&#13;\n<\/p>\n<\/p><\/div>\n<p><script data-cfasync=\"false\">\n    !function (f, b, e, v, n, t, s) {\n        if (f.fbq) return; n = f.fbq = function () {\n            n.callMethod ?\n                n.callMethod.apply(n, arguments) : n.queue.push(arguments)\n        };\n        if (!f._fbq) f._fbq = n; n.push = n; n.loaded = !0; n.version = '2.0';\n        n.queue = []; t = b.createElement(e); t.async = !0;\n        t.src = v; s = b.getElementsByTagName(e)[0];\n        s.parentNode.insertBefore(t, s)\n    }(window, document, 'script',\n        'https:\/\/connect.facebook.net\/en_US\/fbevents.js');\n    fbq('init', '522546078623747');\n    fbq('track', 'PageView');\n<\/script><br \/>\n<br \/><br \/>\n<br \/><a href=\"https:\/\/www.agrolink.com.br\/noticias\/uberlandia-recebe-1--seminario-de-apicultura-do-triangulo_504124.html\">Source link <\/a><\/p>\n","protected":false},"excerpt":{"rendered":"<p>Uberl\u00e2ndia foi o centro das discuss\u00f5es sobre a cadeia da apicultura no Tri\u00e2ngulo Mineiro nesse fim de semana. O munic\u00edpio<\/p>\n","protected":false},"author":1,"featured_media":17133,"comment_status":"open","ping_status":"open","sticky":false,"template":"","format":"standard","meta":{"_monsterinsights_skip_tracking":false,"_monsterinsights_sitenote_active":false,"_monsterinsights_sitenote_note":"","_monsterinsights_sitenote_category":0,"_uf_show_specific_survey":0,"_uf_disable_surveys":false,"footnotes":""},"categories":[8,1,14],"tags":[],"class_list":["post-17132","post","type-post","status-publish","format-standard","has-post-thumbnail","hentry","category-agro","category-news","category-politica-agro"],"_links":{"self":[{"href":"https:\/\/agromt.news\/index.php?rest_route=\/wp\/v2\/posts\/17132"}],"collection":[{"href":"https:\/\/agromt.news\/index.php?rest_route=\/wp\/v2\/posts"}],"about":[{"href":"https:\/\/agromt.news\/index.php?rest_route=\/wp\/v2\/types\/post"}],"author":[{"embeddable":true,"href":"https:\/\/agromt.news\/index.php?rest_route=\/wp\/v2\/users\/1"}],"replies":[{"embeddable":true,"href":"https:\/\/agromt.news\/index.php?rest_route=%2Fwp%2Fv2%2Fcomments&post=17132"}],"version-history":[{"count":0,"href":"https:\/\/agromt.news\/index.php?rest_route=\/wp\/v2\/posts\/17132\/revisions"}],"wp:featuredmedia":[{"embeddable":true,"href":"https:\/\/agromt.news\/index.php?rest_route=\/wp\/v2\/media\/17133"}],"wp:attachment":[{"href":"https:\/\/agromt.news\/index.php?rest_route=%2Fwp%2Fv2%2Fmedia&parent=17132"}],"wp:term":[{"taxonomy":"category","embeddable":true,"href":"https:\/\/agromt.news\/index.php?rest_route=%2Fwp%2Fv2%2Fcategories&post=17132"},{"taxonomy":"post_tag","embeddable":true,"href":"https:\/\/agromt.news\/index.php?rest_route=%2Fwp%2Fv2%2Ftags&post=17132"}],"curies":[{"name":"wp","href":"https:\/\/api.w.org\/{rel}","templated":true}]}}