{"id":17130,"date":"2025-07-21T11:01:42","date_gmt":"2025-07-21T15:01:42","guid":{"rendered":"https:\/\/agromt.news\/?p=17130"},"modified":"2025-07-21T11:01:42","modified_gmt":"2025-07-21T15:01:42","slug":"maior-evento-de-soja-do-mundo-comeca-hoje-em-campinas","status":"publish","type":"post","link":"https:\/\/agromt.news\/?p=17130","title":{"rendered":"Maior evento de soja do mundo come\u00e7a hoje em Campinas"},"content":{"rendered":"<p> <br \/>\n<br \/><img decoding=\"async\" src=\"https:\/\/imagens-cdn.canalrural.com.br\/2025\/07\/Design-sem-nome.jpg\" \/><\/p>\n<div>\n<p>Come\u00e7a hoje (21) em Campinas (SP) o maior evento t\u00e9cnico-cient\u00edfico da cultura da soja no mundo. Os debates e exposi\u00e7\u00f5es seguem at\u00e9 quinta-feira (24) e re\u00fanem representantes de todos os elos da cadeia produtiva da oleaginosa. S\u00e3o esperadas 2 mil pessoas de v\u00e1rios pa\u00edses. Sob a perspectiva dos 100 anos da soja no Brasil, a pauta \u00e9 sobre os desafios do amanh\u00e3 nas \u00e1reas de pesquisa, desenvolvimento e inova\u00e7\u00e3o, sem descuidar do mercado, um ambiente o Brasil \u00e9 l\u00edder absoluto em produ\u00e7\u00e3o e exporta\u00e7\u00e3o.<\/p>\n<p>Realizado a cada tr\u00eas anos, em sua 10\u00aa edi\u00e7\u00e3o o Congresso Brasileiro de Soja comemora os 50 anos da Embrapa Soja, que tamb\u00e9m \u00e9 a realizadora do evento. Em paralelo ocorre tamb\u00e9m o Mercosoja 2025. Mais de 50 expositores estar\u00e3o participando da Arena de Inova\u00e7\u00e3o. A proposta do espa\u00e7o \u00e9 apresentar os novos processos, produtos e inova\u00e7\u00f5es que beneficiam os diferentes segmentos da cadeira produtiva da soja, desde como colher, beneficiar e secar sementes e gr\u00e3os, at\u00e9 novas ferramentas de biotecnologia para agregar melhoria \u00e0 qualidade do \u00f3leo e da prote\u00edna de soja.<\/p>\n<p>\u201cA soja no Mercosul um s\u00e9culo depois\u201d \u00e9 o tema da confer\u00eancia de abertura, nesta segunda-feira, 21 de julho, \u00e0s 19 horas. Para debater a evolu\u00e7\u00e3o da cultura na regi\u00e3o haver\u00e1 um bate-papo com importantes atores da evolu\u00e7\u00e3o recente da cultura no Mercosul. Entre os convidados o pesquisador da \u00e1rea de melhoramento gen\u00e9tico Romeu Afonso de Souza Kiihl, da MGS Melhoramento Gen\u00e9tico e Sementes; o professor Tuneo Sediyama, da Soygene; Rodolfo Luis Rossi, ACSoja \u2013 Argentina e Gerardo Bartolom\u00e9, do Grupo Dom M\u00e1rio. O debate ser\u00e1 conduzido pelo jornalista Giovani Ferreira, do Canal Rural.<\/p>\n<p>Em um mundo em plena transforma\u00e7\u00e3o, pol\u00edtica e econ\u00f4mica, a geopol\u00edtica n\u00e3o poderia ficar de fora das discuss\u00f5es. Esse \u00e9 o assunto e tema da confer\u00eancia da ter\u00e7a-feira, 22 de julho, a partir das 8h30, apresentado por Guilherme Bastos, da Funda\u00e7\u00e3o Get\u00falio Vargas. A proposta \u00e9 destacar as rela\u00e7\u00f5es comerciais do Brasil com outros pa\u00edses influenciada pela produ\u00e7\u00e3o, com\u00e9rcio e consumo do gr\u00e3o.\u00a0Para debater a\u00a0sustentabilidade da cadeia produtiva da soja em n\u00fameros est\u00e1 prevista uma confer\u00eancia,\u00a0quarta-feira, 23 de julho, a partir das 8h30. A confer\u00eancia ser\u00e1 apresentada pelo professor Edvaldo Velini, da UNESP Botucatu.<\/p>\n<p>E o\u00a0que esperar da rela\u00e7\u00e3o com a China na agricultura? \u00c9 o tema da confer\u00eancia da quinta-feira, 24 de julho, \u00e0s 9 h, a ser conduzida por Leticia Fraz\u00e3o Alexandre Leme, do Minist\u00e9rio das Rela\u00e7\u00f5es Exteriores e por Larissa Wachholz, da Vallya Agro. As conferencistas t\u00eam ampla experi\u00eancia nas rela\u00e7\u00f5es do Brasil com a China, que \u00e9 o principal parceiro comercial do Brasil.<strong\/><\/p>\n<p>A programa\u00e7\u00e3o t\u00e9cnica contar\u00e1 com 4 confer\u00eancias e 15 pain\u00e9is em que ser\u00e3o realizadas mais de 50 palestras com especialistas nacionais e internacionais de v\u00e1rios segmentos ligados ao complexo soja. A comiss\u00e3o organizadora aprovou 328 trabalhos t\u00e9cnico-cient\u00edficos que ser\u00e3o apresentados na sess\u00e3o p\u00f4ster. Outra inova\u00e7\u00e3o na programa\u00e7\u00e3o do CBSoja ser\u00e1 a realiza\u00e7\u00e3o do M\u00e3os \u00e0 Obra, um espa\u00e7o dedicado ao debate de quest\u00f5es pr\u00e1ticas em cinco grandes temas: Fertilidade do solo e aduba\u00e7\u00e3o, Manejo de nematoides, Plantas daninhas, Bioinsumos e Impedimentos ao desenvolvimento radicular.\u00a0<\/p>\n<\/div>\n<div>\n<p>Tamb\u00e9m haver\u00e1 destaque para os desafios da produ\u00e7\u00e3o de soja no Mercosul e um workshop internacional Soybean2035: A decadal vision for soybean biotechnology, cujo objetivo \u00e9 debater os pr\u00f3ximos 10 anos das ferramentas biotecnol\u00f3gicas no melhoramento na soja, com palestrantes da China, Estados Unidos, Canad\u00e1 e Brasil.<\/p>\n<p><strong>Canal Rural e Unity Agro<\/strong><\/p>\n<p>O Canal Rural estar\u00e1 na cobertura do evento e tamb\u00e9m conta com um estande na \u00e1rea de exposi\u00e7\u00f5es do CBSoja 2025. Na posi\u00e7\u00e3o de n\u00famero 70, o espa\u00e7o fica pr\u00f3ximo \u00e0 sess\u00e3o de posteres e pain\u00e9is t\u00e9cnicos e do acesso aos audit\u00f3rios. A cobertura do Canal Rural contra com apoio da Embrapa Soja e da Unity Agro ( <a href=\"http:\/\/www.unityagro.com.br\">www.unityagro.com.br<\/a> ), empresa que atua no desenvolvimento de fertilizantes funcionais.<\/p>\n<p>O CBSoja e Mercosoja 2025 acontecem de 21 a 24 de julho de 2025, no Centro de Exposi\u00e7\u00f5es e Conven\u00e7\u00f5es Expo Dom Pedro, em Campinas (SP).<\/p>\n<p>A cobertura voc\u00ea acompanha na multioplataforma de comunica\u00e7\u00e3o do Canal Rural, pela TV, Redes Sociais e site <a href=\"http:\/\/www.canalrural.com.br\">www.canalrural.com.br<\/a><\/p>\n<\/p><\/div>\n<p><br \/>\n<br \/><a href=\"https:\/\/www.canalrural.com.br\/agricultura\/maior-evento-de-soja-do-mundo-comeca-hoje-em-campinas\/\">Source link <\/a><\/p>\n","protected":false},"excerpt":{"rendered":"<p>Come\u00e7a hoje (21) em Campinas (SP) o maior evento t\u00e9cnico-cient\u00edfico da cultura da soja no mundo. Os debates e exposi\u00e7\u00f5es<\/p>\n","protected":false},"author":1,"featured_media":17131,"comment_status":"open","ping_status":"open","sticky":false,"template":"","format":"standard","meta":{"_monsterinsights_skip_tracking":false,"_monsterinsights_sitenote_active":false,"_monsterinsights_sitenote_note":"","_monsterinsights_sitenote_category":0,"_uf_show_specific_survey":0,"_uf_disable_surveys":false,"footnotes":""},"categories":[1],"tags":[],"class_list":["post-17130","post","type-post","status-publish","format-standard","has-post-thumbnail","hentry","category-news"],"_links":{"self":[{"href":"https:\/\/agromt.news\/index.php?rest_route=\/wp\/v2\/posts\/17130"}],"collection":[{"href":"https:\/\/agromt.news\/index.php?rest_route=\/wp\/v2\/posts"}],"about":[{"href":"https:\/\/agromt.news\/index.php?rest_route=\/wp\/v2\/types\/post"}],"author":[{"embeddable":true,"href":"https:\/\/agromt.news\/index.php?rest_route=\/wp\/v2\/users\/1"}],"replies":[{"embeddable":true,"href":"https:\/\/agromt.news\/index.php?rest_route=%2Fwp%2Fv2%2Fcomments&post=17130"}],"version-history":[{"count":0,"href":"https:\/\/agromt.news\/index.php?rest_route=\/wp\/v2\/posts\/17130\/revisions"}],"wp:featuredmedia":[{"embeddable":true,"href":"https:\/\/agromt.news\/index.php?rest_route=\/wp\/v2\/media\/17131"}],"wp:attachment":[{"href":"https:\/\/agromt.news\/index.php?rest_route=%2Fwp%2Fv2%2Fmedia&parent=17130"}],"wp:term":[{"taxonomy":"category","embeddable":true,"href":"https:\/\/agromt.news\/index.php?rest_route=%2Fwp%2Fv2%2Fcategories&post=17130"},{"taxonomy":"post_tag","embeddable":true,"href":"https:\/\/agromt.news\/index.php?rest_route=%2Fwp%2Fv2%2Ftags&post=17130"}],"curies":[{"name":"wp","href":"https:\/\/api.w.org\/{rel}","templated":true}]}}