{"id":17128,"date":"2025-07-21T10:30:22","date_gmt":"2025-07-21T14:30:22","guid":{"rendered":"https:\/\/agromt.news\/?p=17128"},"modified":"2025-07-21T10:30:22","modified_gmt":"2025-07-21T14:30:22","slug":"mandioca-demanda-fraca-pressiona-cotacoes","status":"publish","type":"post","link":"https:\/\/agromt.news\/?p=17128","title":{"rendered":"Mandioca: demanda fraca pressiona cota\u00e7\u00f5es"},"content":{"rendered":"<p> <br \/>\n<br \/><img decoding=\"async\" src=\"https:\/\/agromt.news\/wp-content\/uploads\/2025\/06\/Mandioca-segue-recuando-pela-terceira-semana-consecutiva.jpg\" \/><\/p>\n<div>\n<p>Embora o clima seco dificulte os trabalhos de campo envolvendo a mandioca, muitos produtores seguem priorizando o plantio da raiz. \u00c9 isso o que mostram os levantamentos do <a href=\"https:\/\/www.canalrural.com.br\/tag\/cepea\/\">Centro de Estudos Avan\u00e7ados em Economia Aplicada (Cepea).<\/a><\/p>\n<p>Assim, ao longo da semana passada, a oferta de mandioca continuou baixa para parte das fecularias consultadas pelo Cepea. A demanda pela raiz, por sua vez, tamb\u00e9m est\u00e1 desaquecida.\u00a0<\/p>\n<p>Ressalta-se, ainda, que a procura por derivados, farinha, f\u00e9cula e amidos modificados, est\u00e1 arrefecida, o que tem levado parte das firmas a diminuir os dias de moagem.\u00a0<\/p>\n<\/div>\n<div>\n<p>Em meio a esse cen\u00e1rio, os valores da mandioca ca\u00edram em todas as regi\u00f5es acompanhadas pelo Cepea. Em S\u00e3o Paulo, estimativas do IEA (Instituto de Economia Agr\u00edcola) apontam que a produ\u00e7\u00e3o de mandioca para a ind\u00fastria deve totalizar 1,35 milh\u00e3o de toneladas na safra 2024\/25. A quantidade \u00e9 2,7% menor que a da temporada 2023\/24.\u00a0<\/p>\n<p>A \u00e1rea \u00e9 estimada para crescer 0,7%, indo para 73,5 mil hectares, mas a produtividade deve cair 2,8%, com m\u00e9dia de 26,2 toneladas\/hectare.<\/p>\n<p><em>*Sob supervis\u00e3o de Luis Roberto Toledo<\/em><\/p>\n<\/p><\/div>\n<p><br \/>\n<br \/><a href=\"https:\/\/www.canalrural.com.br\/agricultura\/mandioca-demanda-fraca-pressiona-cotacoes-2\/\">Source link <\/a><\/p>\n","protected":false},"excerpt":{"rendered":"<p>Embora o clima seco dificulte os trabalhos de campo envolvendo a mandioca, muitos produtores seguem priorizando o plantio da raiz.<\/p>\n","protected":false},"author":1,"featured_media":14821,"comment_status":"open","ping_status":"open","sticky":false,"template":"","format":"standard","meta":{"_monsterinsights_skip_tracking":false,"_monsterinsights_sitenote_active":false,"_monsterinsights_sitenote_note":"","_monsterinsights_sitenote_category":0,"_uf_show_specific_survey":0,"_uf_disable_surveys":false,"footnotes":""},"categories":[1],"tags":[],"class_list":["post-17128","post","type-post","status-publish","format-standard","has-post-thumbnail","hentry","category-news"],"_links":{"self":[{"href":"https:\/\/agromt.news\/index.php?rest_route=\/wp\/v2\/posts\/17128"}],"collection":[{"href":"https:\/\/agromt.news\/index.php?rest_route=\/wp\/v2\/posts"}],"about":[{"href":"https:\/\/agromt.news\/index.php?rest_route=\/wp\/v2\/types\/post"}],"author":[{"embeddable":true,"href":"https:\/\/agromt.news\/index.php?rest_route=\/wp\/v2\/users\/1"}],"replies":[{"embeddable":true,"href":"https:\/\/agromt.news\/index.php?rest_route=%2Fwp%2Fv2%2Fcomments&post=17128"}],"version-history":[{"count":0,"href":"https:\/\/agromt.news\/index.php?rest_route=\/wp\/v2\/posts\/17128\/revisions"}],"wp:featuredmedia":[{"embeddable":true,"href":"https:\/\/agromt.news\/index.php?rest_route=\/wp\/v2\/media\/14821"}],"wp:attachment":[{"href":"https:\/\/agromt.news\/index.php?rest_route=%2Fwp%2Fv2%2Fmedia&parent=17128"}],"wp:term":[{"taxonomy":"category","embeddable":true,"href":"https:\/\/agromt.news\/index.php?rest_route=%2Fwp%2Fv2%2Fcategories&post=17128"},{"taxonomy":"post_tag","embeddable":true,"href":"https:\/\/agromt.news\/index.php?rest_route=%2Fwp%2Fv2%2Ftags&post=17128"}],"curies":[{"name":"wp","href":"https:\/\/api.w.org\/{rel}","templated":true}]}}