{"id":17124,"date":"2025-07-21T10:16:41","date_gmt":"2025-07-21T14:16:41","guid":{"rendered":"https:\/\/agromt.news\/?p=17124"},"modified":"2025-07-21T10:16:41","modified_gmt":"2025-07-21T14:16:41","slug":"precos-das-variedades-oscilam-enquanto-o-carioca-tem-alta","status":"publish","type":"post","link":"https:\/\/agromt.news\/?p=17124","title":{"rendered":"pre\u00e7os das variedades oscilam enquanto o carioca tem alta"},"content":{"rendered":"<p> <br \/>\n<br \/><img decoding=\"async\" src=\"https:\/\/agromt.news\/wp-content\/uploads\/2025\/07\/precos-das-variedades-oscilam-enquanto-o-carioca-tem-alta.jpg\" \/><\/p>\n<div>\n<p>Os pre\u00e7os do feij\u00e3o seguem oscilando, mas, no geral, as altas v\u00eam prevalecendo, sobretudo para o carioca de melhor qualidade. O suporte para esse tipo de gr\u00e3o vem da escassez do produto no mercado nacional. \u00c9 isso o que indicam as pesquisas do <a href=\"https:\/\/www.canalrural.com.br\/tag\/cepea\/\">Centro de Estudos Avan\u00e7ados em Economia Aplicada (Cepea).<\/a><\/p>\n<p>Enquanto isso, no campo, a colheita de segunda safra do Paran\u00e1 encerrou com queda expressiva. Ainda assim, o forte crescimento na produ\u00e7\u00e3o da primeira temporada compensou essa redu\u00e7\u00e3o e deve resultar em ligeira eleva\u00e7\u00e3o da oferta total do estado.\u00a0<\/p>\n<p>Estimativas do dia 17 do Deral\/Seab apontam que a produ\u00e7\u00e3o de feij\u00e3o de segunda safra caiu 23%, somando 526,6 mil toneladas. Por\u00e9m, a oferta da primeira safra havia tido expressivo crescimento de 102%, para 338 mil toneladas, o que contribui para uma oferta estadual de 849 mil toneladas, com alta de 2% sobre a oferta de 2024.\u00a0<\/p>\n<\/div>\n<div>\n<p>Esse volume \u00e9 recorde e mant\u00e9m o Paran\u00e1 como o maior produtor nacional. No Brasil como um todo, a Conab estimou a produ\u00e7\u00e3o total de feij\u00e3o em 3,16 milh\u00f5es de toneladas, queda de 1,3% frente \u00e0 safra anterior.\u00a0<\/p>\n<p>Para o feij\u00e3o preto, o ciclo deve finalizar somando 789,1 mil t, aumento de 10,8% frente 2023\/24. Para o feij\u00e3o caupi, estima-se oferta de 648,1 mil t nas tr\u00eas safras, em linha com a temporada anterior. J\u00e1 a colheita do feij\u00e3o cores \u00e9 estimada em 1,72 milh\u00e3o de t, recuo de 6,6% em rela\u00e7\u00e3o a 2023\/24.<\/p>\n<p><em>*Sob supervis\u00e3o de Luis Roberto Toledo<\/em><\/p>\n<\/p><\/div>\n<p><br \/>\n<br \/><a href=\"https:\/\/www.canalrural.com.br\/agricultura\/feijao\/feijao-precos-das-variedades-oscilam-enquanto-o-carioca-tem-alta\/\">Source link <\/a><\/p>\n","protected":false},"excerpt":{"rendered":"<p>Os pre\u00e7os do feij\u00e3o seguem oscilando, mas, no geral, as altas v\u00eam prevalecendo, sobretudo para o carioca de melhor qualidade.<\/p>\n","protected":false},"author":1,"featured_media":17125,"comment_status":"open","ping_status":"open","sticky":false,"template":"","format":"standard","meta":{"_monsterinsights_skip_tracking":false,"_monsterinsights_sitenote_active":false,"_monsterinsights_sitenote_note":"","_monsterinsights_sitenote_category":0,"_uf_show_specific_survey":0,"_uf_disable_surveys":false,"footnotes":""},"categories":[1],"tags":[],"class_list":["post-17124","post","type-post","status-publish","format-standard","has-post-thumbnail","hentry","category-news"],"_links":{"self":[{"href":"https:\/\/agromt.news\/index.php?rest_route=\/wp\/v2\/posts\/17124"}],"collection":[{"href":"https:\/\/agromt.news\/index.php?rest_route=\/wp\/v2\/posts"}],"about":[{"href":"https:\/\/agromt.news\/index.php?rest_route=\/wp\/v2\/types\/post"}],"author":[{"embeddable":true,"href":"https:\/\/agromt.news\/index.php?rest_route=\/wp\/v2\/users\/1"}],"replies":[{"embeddable":true,"href":"https:\/\/agromt.news\/index.php?rest_route=%2Fwp%2Fv2%2Fcomments&post=17124"}],"version-history":[{"count":0,"href":"https:\/\/agromt.news\/index.php?rest_route=\/wp\/v2\/posts\/17124\/revisions"}],"wp:featuredmedia":[{"embeddable":true,"href":"https:\/\/agromt.news\/index.php?rest_route=\/wp\/v2\/media\/17125"}],"wp:attachment":[{"href":"https:\/\/agromt.news\/index.php?rest_route=%2Fwp%2Fv2%2Fmedia&parent=17124"}],"wp:term":[{"taxonomy":"category","embeddable":true,"href":"https:\/\/agromt.news\/index.php?rest_route=%2Fwp%2Fv2%2Fcategories&post=17124"},{"taxonomy":"post_tag","embeddable":true,"href":"https:\/\/agromt.news\/index.php?rest_route=%2Fwp%2Fv2%2Ftags&post=17124"}],"curies":[{"name":"wp","href":"https:\/\/api.w.org\/{rel}","templated":true}]}}